{"id":1025,"date":"2014-09-04T08:51:39","date_gmt":"2014-09-04T07:51:39","guid":{"rendered":"http:\/\/gyorgyradnai.eu\/?p=1025"},"modified":"2014-09-04T08:51:39","modified_gmt":"2014-09-04T07:51:39","slug":"kertesz-imre-a-vegso-kocsma","status":"publish","type":"post","link":"https:\/\/gyorgyradnai.eu\/kertesz-imre-a-vegso-kocsma\/","title":{"rendered":"Kert\u00e9sz Imre: A v\u00e9gs\u0151 kocsma"},"content":{"rendered":"<p><a href=\"http:\/\/gyorgyradnai.eu\/wp-content\/uploads\/2014\/09\/1215780_5.jpg\"><img loading=\"lazy\" decoding=\"async\" class=\"alignleft size-medium wp-image-1026\" src=\"http:\/\/gyorgyradnai.eu\/wp-content\/uploads\/2014\/09\/1215780_5-213x300.jpg\" alt=\"1215780_5\" width=\"213\" height=\"300\" srcset=\"https:\/\/gyorgyradnai.eu\/wp-content\/uploads\/2014\/09\/1215780_5-213x300.jpg 213w, https:\/\/gyorgyradnai.eu\/wp-content\/uploads\/2014\/09\/1215780_5.jpg 400w\" sizes=\"auto, (max-width: 213px) 100vw, 213px\" \/><\/a>MEGYEK MEGVENNI!<br \/>\n<a href=\"http:\/\/www.libri.hu\/konyv\/kertesz_imre_134891.a-vegso-kocsma.html\" target=\"_blank\">A v\u00e9gs\u0151 kocsma<\/a><br \/>\n<a href=\"http:\/\/www.libri.hu\/konyv\/kertesz_imre_134891.a-vegso-kocsma.html\" target=\"_blank\"> Kert\u00e9sz Imre<\/a><\/p>\n<p>Kert\u00e9sz Imre \u00faj k\u00f6tete szokatlan \u00e9s a maga nem\u00e9ben p\u00e1ratlan v\u00e1llalkoz\u00e1s: a 2001 \u00e9s 2009 k\u00f6z\u00f6tt \u00edrt napl\u00f3feljegyz\u00e9sek \u00e9s sz\u00e9pirodalmi v\u00e1zlatok, t\u00f6red\u00e9kek egy meg\u00edratlan, s tal\u00e1n meg sem \u00edrhat\u00f3 reg\u00e9nynek a k\u00fcl\u00f6n\u00f6s \u00e9s f\u00e1j\u00f3 t\u00f6rt\u00e9net\u00e9t id\u00e9zik meg. Az eredeti reg\u00e9nyterv (A szodomai mag\u00e1nyos c\u00edmmel) m\u00e9g az \u00f6tvenes \u00e9vekben mer\u00fclt fel az \u00edr\u00f3ban, s \u00e9vtizedek m\u00falt\u00e1val most \u00fajra megk\u00eds\u00e9rti, m\u00e1s-m\u00e1s tartalmi, formai lehet\u0151s\u00e9gekkel. Ahogy \u00edr\u00f3juk \u00e9vtizedekkel kor\u00e1bban lejegyezte a maga sz\u00e1m\u00e1ra, hogy mindig ugyanazt a reg\u00e9nyt \u00e9s \u00e9letet kell \u00edrni, e program most teljesedik ki legink\u00e1bb \u00e9s nyer radik\u00e1lis, gyakran \u00f6nmag\u00e1val szemben is k\u00edm\u00e9letlen\u00fcl \u0151szinte megfogalmaz\u00e1st. S noha Kert\u00e9sz Imr\u00e9nek ez a legszem\u00e9lyesebb k\u00f6nyve, a szerz\u0151 maga m\u00e9gsem azonosul a sikeres Kert\u00e9sz Imre nev\u0171 \u00edr\u00f3val \u00e9s m\u00e1rkan\u00e9vvel \u00e9s ez a distancia m\u00e9g ink\u00e1bb dr\u00e1maiv\u00e1 teszi e k\u00f6tet \u00edr\u00e1s\u00e1nak (\u00e9s mindenkori olvas\u00e1s\u00e1nak) a <!--more-->folyamat\u00e1t. A v\u00e9gs\u0151 kocsma egy olyan k\u00f6nyvterv, amely ha nem is k\u00e9sz\u00fclt el, de m\u00e9giscsak megvan. Legink\u00e1bb tal\u00e1n egy k\u00e9sei Turner-k\u00e9phez hasonl\u00edthat\u00f3: ha k\u00f6rvonalai el is mos\u00f3dnak, de m\u00e9lyeib\u0151l felt\u0171nik valami rejtelmes dereng\u00e9s: s ez maga a l\u00e9tez\u00e9s.<br \/>\n(A k\u00f6tethez felhaszn\u00e1lt 2001 \u00e9s 2003 k\u00f6z\u00f6tt \u00edrt napl\u00f3jegyzetek teljes sz\u00f6vege Ment\u00e9s m\u00e1sk\u00e9nt c\u00edmmel 2011-ben jelent meg a Magvet\u0151 Kiad\u00f3n\u00e1l.)<\/p>\n","protected":false},"excerpt":{"rendered":"<p>MEGYEK MEGVENNI! A v\u00e9gs\u0151 kocsma Kert\u00e9sz Imre Kert\u00e9sz Imre \u00faj k\u00f6tete szokatlan \u00e9s a maga nem\u00e9ben p\u00e1ratlan v\u00e1llalkoz\u00e1s: a 2001 \u00e9s 2009 k\u00f6z\u00f6tt \u00edrt napl\u00f3feljegyz\u00e9sek \u00e9s sz\u00e9pirodalmi v\u00e1zlatok, t\u00f6red\u00e9kek egy meg\u00edratlan, s tal\u00e1n meg sem \u00edrhat\u00f3 reg\u00e9nynek a k\u00fcl\u00f6n\u00f6s \u00e9s f\u00e1j\u00f3 t\u00f6rt\u00e9net\u00e9t id\u00e9zik meg. Az eredeti reg\u00e9nyterv (A szodomai mag\u00e1nyos c\u00edmmel) m\u00e9g az \u00f6tvenes \u00e9vekben [&hellip;]<\/p>\n","protected":false},"author":1,"featured_media":0,"comment_status":"open","ping_status":"open","sticky":false,"template":"","format":"standard","meta":{"footnotes":""},"categories":[6],"tags":[],"class_list":["post-1025","post","type-post","status-publish","format-standard","hentry","category-konyv"],"_links":{"self":[{"href":"https:\/\/gyorgyradnai.eu\/wp-json\/wp\/v2\/posts\/1025","targetHints":{"allow":["GET"]}}],"collection":[{"href":"https:\/\/gyorgyradnai.eu\/wp-json\/wp\/v2\/posts"}],"about":[{"href":"https:\/\/gyorgyradnai.eu\/wp-json\/wp\/v2\/types\/post"}],"author":[{"embeddable":true,"href":"https:\/\/gyorgyradnai.eu\/wp-json\/wp\/v2\/users\/1"}],"replies":[{"embeddable":true,"href":"https:\/\/gyorgyradnai.eu\/wp-json\/wp\/v2\/comments?post=1025"}],"version-history":[{"count":2,"href":"https:\/\/gyorgyradnai.eu\/wp-json\/wp\/v2\/posts\/1025\/revisions"}],"predecessor-version":[{"id":1028,"href":"https:\/\/gyorgyradnai.eu\/wp-json\/wp\/v2\/posts\/1025\/revisions\/1028"}],"wp:attachment":[{"href":"https:\/\/gyorgyradnai.eu\/wp-json\/wp\/v2\/media?parent=1025"}],"wp:term":[{"taxonomy":"category","embeddable":true,"href":"https:\/\/gyorgyradnai.eu\/wp-json\/wp\/v2\/categories?post=1025"},{"taxonomy":"post_tag","embeddable":true,"href":"https:\/\/gyorgyradnai.eu\/wp-json\/wp\/v2\/tags?post=1025"}],"curies":[{"name":"wp","href":"https:\/\/api.w.org\/{rel}","templated":true}]}}