{"id":1480,"date":"2014-11-27T18:08:50","date_gmt":"2014-11-27T17:08:50","guid":{"rendered":"http:\/\/gyorgyradnai.eu\/?p=1480"},"modified":"2014-11-28T09:20:56","modified_gmt":"2014-11-28T08:20:56","slug":"vegjatek-20","status":"publish","type":"post","link":"https:\/\/gyorgyradnai.eu\/vegjatek-20\/","title":{"rendered":"V\u00e9gj\u00e1t\u00e9k 20."},"content":{"rendered":"<p><a href=\"http:\/\/gyorgyradnai.eu\/wp-content\/uploads\/2014\/11\/orb\u00e1n-kore\u00e1ban.jpg\"><img loading=\"lazy\" decoding=\"async\" class=\"alignleft size-medium wp-image-1481\" src=\"http:\/\/gyorgyradnai.eu\/wp-content\/uploads\/2014\/11\/orb\u00e1n-kore\u00e1ban-300x168.jpg\" alt=\"orb\u00e1n kore\u00e1ban\" width=\"300\" height=\"168\" srcset=\"https:\/\/gyorgyradnai.eu\/wp-content\/uploads\/2014\/11\/orb\u00e1n-kore\u00e1ban-300x168.jpg 300w, https:\/\/gyorgyradnai.eu\/wp-content\/uploads\/2014\/11\/orb\u00e1n-kore\u00e1ban.jpg 526w\" sizes=\"auto, (max-width: 300px) 100vw, 300px\" \/><\/a>K\u00f6zv\u00e9leked\u00e9s ut\u00e1n<\/p>\n<p>o J\u00e1nosom, h\u00edjjad m\u00e1r \u00f6ssze a kommunik\u00e1ci\u00f3s agytr\u00f6szt\u00f6t, tartunk egy agyt\u00f6r\u00e9st \u00edgy, Skypon kereszt\u00fcl, mert itt Kore\u00e1ban ez is megoldhat\u00f3<br \/>\no F\u0151n\u00f6k, most \u00e9n is \u00e9ppen erre gondoltam, a nagy szellemek, \u00e9n is tal\u00e1lkozni akartam m\u00e1r Veled<br \/>\no pedig itt csak egy igaz\u00e1n nagy szellem van, \u00fagy l\u00e1tom<br \/>\no ez igaz is, kiket h\u00edvjak?<br \/>\no h\u00e1t a sz\u00e1zadv\u00e9gesek meg a n\u00e9z\u0151pontosok j\u00f6jjenek, meg j\u00f6jj\u00f6n a twitterestomi, meg az \u00fajgazdag gyerek is, akinek vitorl\u00e1sa is van, meg havi 200 ezer forint benzinp\u00e9nzt is kap a terepj\u00e1r\u00f3ja mell\u00e9, j\u00f6jjenek a milli\u00e1rdos k\u00eds\u00e9r\u0151k is<br \/>\no m\u00e1r itt is vagyunk<br \/>\no na, akkor hallgatlak benneteket<br \/>\no de mir\u0151l is, F\u0151n\u00f6k?<br \/>\no hogy-hogy mir\u0151l, h\u00e1t hol vagytok, nem ott \u00e9ltek Magyarorsz\u00e1gon, h\u00e1t nem az a ti haz\u00e1tok?<br \/>\no h\u00e1t moment\u00e1n m\u00e1r itthon van a K\u00f3sa Lajcsi is, meg most m\u00e1r ugye Tisztelt F\u0151n\u00f6k\u00f6m, Te sem vagy Sv\u00e1jcban, csak itt a szomsz\u00e9dban, az \u00c1der Jani Vietn\u00e1mban, a Semj\u00e9n Zsolti is valahol k\u00fclf\u00f6ld\u00f6n v\u00e1gja a szalagot \u00e9s gy\u0171jti a haz\u00e1nkon k\u00edv\u00fcli hazaszeret\u0151 szavaz\u00f3 polg\u00e1rokat, a K\u00f6v\u00e9r Laci is tal\u00e1n m\u00e1r hazat\u00e9rt<br \/>\no akkor ki van otthon, ki tartja a frontot, amikor \u00e9n Kore\u00e1ban v\u00e9dem a haz\u00e1t, kimegyek Vilniusba is, ahova pedig nem is h\u00edvtak, hogy tal\u00e1lkozzak a Hende Csabival meg a h\u0151s magyar katon\u00e1kkal, a te hangodat se hallani az ut\u00f3bbi id\u0151ben, csak amikor a munkaid\u0151t szervezed<br \/>\n<!--more-->o h\u00e1t a Varga Misi mondja a mag\u00e1\u00e9t, meg a k\u00f6zt\u00e9v\u00e9 is barmolja a t\u00f6bbi t\u00e9v\u00e9t<br \/>\no kev\u00e9s, nagyon kev\u00e9s: meg mi van a T\u00e1rki-val, hogy kiadnak egy k\u00f6zv\u00e9lem\u00e9ny-kutat\u00e1si eredm\u00e9nyt, amiben romlottunk, mint a t\u00f6bbnapos zacsk\u00f3s-tej a bev\u00e1s\u00e1rl\u00f3k\u00f6zpontokban<br \/>\no m\u00e1r magyar\u00e1zzuk, m\u00e1r mondjuk, m\u00e1r \u00e9rtelmezz\u00fck, m\u00e1r k\u00f6r\u00fcl\u00edrjuk<br \/>\no marhas\u00e1g: oda kell csapni, \u00faj eredm\u00e9nyeket f\u00f6lmutatni<br \/>\no a KSH m\u00e1r \u00edgy hozta nyilv\u00e1noss\u00e1gra a nyomor m\u00e9rhetetlen n\u00f6veked\u00e9s\u00e9t<br \/>\no azt se kellett volna<br \/>\no akkor add meg az ir\u00e1nyt, mit csin\u00e1ljunk<br \/>\no sikerek, sikerek, sikerek; gy\u0151zelem, gy\u0151zelem, gy\u0151zelem \u2013 ezt f\u00fajj\u00e1tok<br \/>\no de h\u00e1t mir\u0151l sz\u00f3ljon az \u00e9nek: a D\u00e1rdai Pali visszament Berlinbe, a G\u00f6rbicz Anita sz\u00fclni fog, nem lesz ott az EB-n, a Hossz\u00fa Katinka is k\u00f6nyvet \u00edr \u00e9s nem versenyez \u00e9s egy fr\u00e1nya stadiont se tudunk most megnyitni<br \/>\no akkor csin\u00e1ljatok egy el\u0151terjeszt\u00e9st arr\u00f3l, hogy mi is kitiltunk embereket Magyarorsz\u00e1gr\u00f3l, legyen k\u00e9sz a lista is, kezdjetek hozz\u00e1 a beetet\u00e9shez, mire hazamegyek legyen az asztalomon, gyorsan v\u00e1dolj\u00e1tok meg a Kor\u00f3zs Lajost, hogy f\u00f6l akarja gy\u00fajtani a miniszt\u00e9riumot, vegy\u00e9tek el\u0151 a Simon \u00fcgyet, mindenre nekem kell gondolnom?<br \/>\no m\u00e1r mi is gondolunk r\u00e1<br \/>\no a V\u00c1R mindenk\u00e9ppen \u00e9p\u00fclj\u00f6n, gyorsuljanak f\u00f6l a munk\u00e1latok, alig v\u00e1rom m\u00e1r, hogy odak\u00f6lt\u00f6zzem\u2026<br \/>\n\u201eA Magyar Kr\u00f3nika nem harcol, hanem \u00f6r\u00f6met mond\u2026\u201d 104.<\/p>\n","protected":false},"excerpt":{"rendered":"<p>K\u00f6zv\u00e9leked\u00e9s ut\u00e1n o J\u00e1nosom, h\u00edjjad m\u00e1r \u00f6ssze a kommunik\u00e1ci\u00f3s agytr\u00f6szt\u00f6t, tartunk egy agyt\u00f6r\u00e9st \u00edgy, Skypon kereszt\u00fcl, mert itt Kore\u00e1ban ez is megoldhat\u00f3 o F\u0151n\u00f6k, most \u00e9n is \u00e9ppen erre gondoltam, a nagy szellemek, \u00e9n is tal\u00e1lkozni akartam m\u00e1r Veled o pedig itt csak egy igaz\u00e1n nagy szellem van, \u00fagy l\u00e1tom o ez igaz is, kiket [&hellip;]<\/p>\n","protected":false},"author":1,"featured_media":0,"comment_status":"open","ping_status":"open","sticky":false,"template":"","format":"standard","meta":{"footnotes":""},"categories":[2],"tags":[99,81],"class_list":["post-1480","post","type-post","status-publish","format-standard","hentry","category-bejegyzes","tag-korea","tag-vegjatek"],"_links":{"self":[{"href":"https:\/\/gyorgyradnai.eu\/wp-json\/wp\/v2\/posts\/1480","targetHints":{"allow":["GET"]}}],"collection":[{"href":"https:\/\/gyorgyradnai.eu\/wp-json\/wp\/v2\/posts"}],"about":[{"href":"https:\/\/gyorgyradnai.eu\/wp-json\/wp\/v2\/types\/post"}],"author":[{"embeddable":true,"href":"https:\/\/gyorgyradnai.eu\/wp-json\/wp\/v2\/users\/1"}],"replies":[{"embeddable":true,"href":"https:\/\/gyorgyradnai.eu\/wp-json\/wp\/v2\/comments?post=1480"}],"version-history":[{"count":2,"href":"https:\/\/gyorgyradnai.eu\/wp-json\/wp\/v2\/posts\/1480\/revisions"}],"predecessor-version":[{"id":1483,"href":"https:\/\/gyorgyradnai.eu\/wp-json\/wp\/v2\/posts\/1480\/revisions\/1483"}],"wp:attachment":[{"href":"https:\/\/gyorgyradnai.eu\/wp-json\/wp\/v2\/media?parent=1480"}],"wp:term":[{"taxonomy":"category","embeddable":true,"href":"https:\/\/gyorgyradnai.eu\/wp-json\/wp\/v2\/categories?post=1480"},{"taxonomy":"post_tag","embeddable":true,"href":"https:\/\/gyorgyradnai.eu\/wp-json\/wp\/v2\/tags?post=1480"}],"curies":[{"name":"wp","href":"https:\/\/api.w.org\/{rel}","templated":true}]}}