{"id":1484,"date":"2014-11-28T17:01:44","date_gmt":"2014-11-28T16:01:44","guid":{"rendered":"http:\/\/gyorgyradnai.eu\/?p=1484"},"modified":"2014-11-28T17:01:44","modified_gmt":"2014-11-28T16:01:44","slug":"vegjatek-21","status":"publish","type":"post","link":"https:\/\/gyorgyradnai.eu\/vegjatek-21\/","title":{"rendered":"V\u00e9gj\u00e1t\u00e9k 21."},"content":{"rendered":"<p><a href=\"http:\/\/gyorgyradnai.eu\/wp-content\/uploads\/2014\/10\/orb\u00e1n-\u00e1rv\u00edz.jpg\"><img loading=\"lazy\" decoding=\"async\" class=\"alignleft size-medium wp-image-1339\" src=\"http:\/\/gyorgyradnai.eu\/wp-content\/uploads\/2014\/10\/orb\u00e1n-\u00e1rv\u00edz-300x224.jpg\" alt=\"orb\u00e1n \u00e1rv\u00edz\" width=\"300\" height=\"224\" srcset=\"https:\/\/gyorgyradnai.eu\/wp-content\/uploads\/2014\/10\/orb\u00e1n-\u00e1rv\u00edz-300x224.jpg 300w, https:\/\/gyorgyradnai.eu\/wp-content\/uploads\/2014\/10\/orb\u00e1n-\u00e1rv\u00edz.jpg 560w\" sizes=\"auto, (max-width: 300px) 100vw, 300px\" \/><\/a>Elterel\u00e9s<\/p>\n<p>o te, Lajos, gyere m\u00e1r \u00e1t este hozz\u00e1nk, k\u00e9ne besz\u00e9ln\u00fcnk<br \/>\no persze, hogy j\u00f6v\u00f6k, alig v\u00e1rom m\u00e1r, a tal\u00e1lkoz\u00e1st, ugye iszunk is a h\u00e1zi p\u00e1link\u00e1db\u00f3l?<br \/>\no Anik\u00f3 m\u00e1r ki is k\u00e9sz\u00edtette a poharakat<br \/>\no tudod, abb\u00f3l, amit a m\u00faltkor is adt\u00e1l<br \/>\no a vegyesb\u0151l vagy a szilv\u00e1b\u00f3l<br \/>\no h\u00e1t persze, hogy a szilv\u00e1b\u00f3l<br \/>\no \u2026<br \/>\no \u00f6lellek, APEH-eln\u00f6k szobat\u00e1rsam<br \/>\no \u00e9n is, leend\u0151 eln\u00f6k\u00f6m<br \/>\no akkor igyunk: proszit<br \/>\no proszit<br \/>\no rossz passzban vagyunk, Lajos, b\u00e1r nekem mindig j\u00f3l megy<br \/>\no \u00e9n is \u00edgy l\u00e1tom a helyzetedet, Viktor<br \/>\no de h\u00e1t az m\u00e9gse j\u00e1rja, hogy \u00e9n j\u00f3l \u00e9rzem magam, m\u00e1sok meg ezt nem \u00e9rt\u00e9kelik, ez t\u00e1mad\u00e1s az orsz\u00e1g ellen<br \/>\n<!--more-->o hadd cincogjanak legal\u00e1bb<br \/>\no nem \u00fagy van az, mi\u00e9rt nem lehet bel\u00e1tni, hogy \u00e9n p\u00e9lda vagyok, a legkisebb kir\u00e1lyfi igazs\u00e1g\u00e1nak a p\u00e9ld\u00e1ja, hogy a v\u00e1lyogh\u00e1zb\u00f3l is el lehet jutni a trafikba, meg Tokajba, a sz\u0151l\u0151kbe, meg egy lez\u00e1rt utc\u00e1j\u00fa budai vill\u00e1ba, meg az eg\u00e9sz hat\u00e1rt is meg lehet szerezni: m\u00e1snak is siker\u00fclhet, csak akarni kell, meg kell a Soros is, csak ezt ne verj\u00fck nagydobra, meg j\u00f3l kell \u00e9rteni az id\u0151ket, amik f\u00e9lelmetesen \u00e9rnek<br \/>\no akkor meg mi a bajod, Viktor, csin\u00e1ld ugyanazt, ugyan\u00fagy, mint eddig, oszt j\u00f3 napot<br \/>\no de engem szeretni is kell, \u00e9s most ezek az ut\u00e1latos fiatalok, meg k\u00f6z\u00e9pkor\u00faak, meg \u00f6regek minden h\u00e9ten tojnak egy toj\u00e1st a J\u00f3zsef n\u00e1dor t\u00e9rre, azt\u00e1n f\u00f6lvonul\u00f3sdit j\u00e1tszanak<br \/>\no hagyd a francba \u0151ket, eddig se figyelt\u00e9l b\u00e1rkire is, most mit t\u00f6r\u0151dsz vel\u00fck<br \/>\no de egyre t\u00f6bben lesznek<br \/>\no h\u00e1t azt\u00e1n<br \/>\no igazad van: akkor fel- t\u00e1madunk<br \/>\no ezt egy kicsit r\u00e9szletezned k\u00e9ne, mert m\u00e9g \u00e9n, a szobat\u00e1rsad se \u00e9rtem<br \/>\no megzavarjuk \u0151ket, ha te is akarod<br \/>\no mindenben, amib\u0151l p\u00e9nzt lehet csin\u00e1lni<br \/>\no sz\u00f3val, m\u00e1r besz\u00e9ltem a T\u00f6r\u00f6kkel is, \u00e9s most veled is: febru\u00e1rban v\u00e1laszt\u00e1s lesz Veszpr\u00e9mben a Navracsics hely\u00e9\u00e9rt<br \/>\no tudom, m\u00e1r teszem is f\u00e9lre a p\u00e9nzt, meg a hirdet\u0151t\u00e1bl\u00e1k is le vannak foglalva a C\u00d6F-\u00f6s\u00f6knek<br \/>\no ez most nem el\u00e9g<br \/>\no az\u00e9rt sokkal t\u00f6bbet nem adok, mint eddig, hacsak nem tal\u00e1lsz m\u00e9g egy kis \u00fczletet \u2019Azeriben<br \/>\no igy\u00e1l m\u00e9g egyet<br \/>\no eg\u00e9szs\u00e9gedre, Anik\u00f3 nem hozna valami harapnival\u00f3t?<br \/>\no Anik\u00f3!<br \/>\no hozom m\u00e1r<br \/>\no sz\u00f3val Lajos, arr\u00f3l lenne sz\u00f3, hogy megszond\u00e1zzuk a n\u00e9pet elterel\u00e9sk\u00e9ppen, ez\u00e9rt te is meg a T\u00f6r\u00f6k is bedobja a habtest\u00e9t<br \/>\no hov\u00e1 is, Viktor<br \/>\no a T\u00f6r\u00f6k elkezd \u2019l\u00e1jkokat\u2019 gy\u0171jteni, te meg nyilv\u00e1noss\u00e1gra hozod magad, mint politikusjel\u00f6lt<br \/>\no ki hiszi majd ezt el?<br \/>\no mindenki, h\u00e1t \u00e9ppen ez a sz\u00e9p benne: ezek mindent elhisznek, mert azt hiszik, hogy tudnak kombin\u00e1lni, mint a Portisch Lajos<br \/>\no \u00e9s mire lesz ez j\u00f3?<br \/>\no megzavarjuk \u0151ket, hagy zagyv\u00e1ljanak, amit akarnak majd, mi k\u00f6zben tov\u00e1bb \u00e9p\u00edtj\u00fck a v\u00e1rat, meg \u00e1talak\u00edtjuk a m\u00e9diat\u00f6rv\u00e9nyt, meg megsz\u00fcntetj\u00fck a gimn\u00e1ziumokat, folytassam<br \/>\no \u00e9s mi lesz a p\u00e9nzemmel?<br \/>\no nem volt m\u00e1r el\u00e9g?<br \/>\no abb\u00f3l soha nem el\u00e9g<br \/>\no na, l\u00e1tod: ebben igazad van!<\/p>\n<p>\u201eA Magyar Kr\u00f3nika nem harcol, hanem \u00f6r\u00f6met mond\u2026\u201d 105.<\/p>\n","protected":false},"excerpt":{"rendered":"<p>Elterel\u00e9s o te, Lajos, gyere m\u00e1r \u00e1t este hozz\u00e1nk, k\u00e9ne besz\u00e9ln\u00fcnk o persze, hogy j\u00f6v\u00f6k, alig v\u00e1rom m\u00e1r, a tal\u00e1lkoz\u00e1st, ugye iszunk is a h\u00e1zi p\u00e1link\u00e1db\u00f3l? o Anik\u00f3 m\u00e1r ki is k\u00e9sz\u00edtette a poharakat o tudod, abb\u00f3l, amit a m\u00faltkor is adt\u00e1l o a vegyesb\u0151l vagy a szilv\u00e1b\u00f3l o h\u00e1t persze, hogy a szilv\u00e1b\u00f3l o [&hellip;]<\/p>\n","protected":false},"author":1,"featured_media":0,"comment_status":"open","ping_status":"open","sticky":false,"template":"","format":"standard","meta":{"footnotes":""},"categories":[2],"tags":[100,81],"class_list":["post-1484","post","type-post","status-publish","format-standard","hentry","category-bejegyzes","tag-eltereles","tag-vegjatek"],"_links":{"self":[{"href":"https:\/\/gyorgyradnai.eu\/wp-json\/wp\/v2\/posts\/1484","targetHints":{"allow":["GET"]}}],"collection":[{"href":"https:\/\/gyorgyradnai.eu\/wp-json\/wp\/v2\/posts"}],"about":[{"href":"https:\/\/gyorgyradnai.eu\/wp-json\/wp\/v2\/types\/post"}],"author":[{"embeddable":true,"href":"https:\/\/gyorgyradnai.eu\/wp-json\/wp\/v2\/users\/1"}],"replies":[{"embeddable":true,"href":"https:\/\/gyorgyradnai.eu\/wp-json\/wp\/v2\/comments?post=1484"}],"version-history":[{"count":1,"href":"https:\/\/gyorgyradnai.eu\/wp-json\/wp\/v2\/posts\/1484\/revisions"}],"predecessor-version":[{"id":1485,"href":"https:\/\/gyorgyradnai.eu\/wp-json\/wp\/v2\/posts\/1484\/revisions\/1485"}],"wp:attachment":[{"href":"https:\/\/gyorgyradnai.eu\/wp-json\/wp\/v2\/media?parent=1484"}],"wp:term":[{"taxonomy":"category","embeddable":true,"href":"https:\/\/gyorgyradnai.eu\/wp-json\/wp\/v2\/categories?post=1484"},{"taxonomy":"post_tag","embeddable":true,"href":"https:\/\/gyorgyradnai.eu\/wp-json\/wp\/v2\/tags?post=1484"}],"curies":[{"name":"wp","href":"https:\/\/api.w.org\/{rel}","templated":true}]}}