{"id":1610,"date":"2015-01-24T11:44:17","date_gmt":"2015-01-24T10:44:17","guid":{"rendered":"http:\/\/gyorgyradnai.eu\/?p=1610"},"modified":"2015-01-24T11:44:17","modified_gmt":"2015-01-24T10:44:17","slug":"dragoman-gyorgy-maglya","status":"publish","type":"post","link":"https:\/\/gyorgyradnai.eu\/dragoman-gyorgy-maglya\/","title":{"rendered":"Dragom\u00e1n Gy\u00f6rgy: M\u00e1glya"},"content":{"rendered":"<p style=\"text-align: left;\"><a href=\"http:\/\/gyorgyradnai.eu\/wp-content\/uploads\/2015\/01\/dragoman-maglya-vedo-olv2.jpg\"><img loading=\"lazy\" decoding=\"async\" class=\"alignleft size-medium wp-image-1611\" src=\"http:\/\/gyorgyradnai.eu\/wp-content\/uploads\/2015\/01\/dragoman-maglya-vedo-olv2-300x138.jpg\" alt=\"dragoman-maglya-vedo-olv2\" width=\"300\" height=\"138\" srcset=\"https:\/\/gyorgyradnai.eu\/wp-content\/uploads\/2015\/01\/dragoman-maglya-vedo-olv2-300x138.jpg 300w, https:\/\/gyorgyradnai.eu\/wp-content\/uploads\/2015\/01\/dragoman-maglya-vedo-olv2-1024x471.jpg 1024w, https:\/\/gyorgyradnai.eu\/wp-content\/uploads\/2015\/01\/dragoman-maglya-vedo-olv2-624x287.jpg 624w, https:\/\/gyorgyradnai.eu\/wp-content\/uploads\/2015\/01\/dragoman-maglya-vedo-olv2.jpg 1807w\" sizes=\"auto, (max-width: 300px) 100vw, 300px\" \/><\/a><strong>El kell \u00e9getni\u2026<\/strong><\/p>\n<p style=\"text-align: right;\">\n\u201e\u2026 Elegend\u0151<br \/>\nharc, hogy a multat be kell vallani.\u201d<br \/>\nJ\u00f3zsef Attila: A Dun\u00e1n\u00e1l<\/p>\n<p>Mindannyian cipelj\u00fck a terhet, hordozzuk a magunk \u00e9rthetetlen, titokzatos t\u00f6rt\u00e9neteit. Azokat, amikt\u0151l azok lett\u00fcnk akik. Azokat, amiknek a k\u00f6vetkezm\u00e9nyei vagyunk. \u00c9s f\u00e9l\u00fcnk a k\u00f6vetkezm\u00e9nyekt\u0151l. Magunkt\u00f3l. Ez\u00e9rt leromboljuk, \u00fajra\u00e9p\u00edtj\u00fck, meg\u00edrjuk, majd \u00e1t\u00edrjuk, bes\u00e1rozzuk, majd megsz\u00e9p\u00edtj\u00fck, v\u00e9g\u00fcl el akarjuk felejteni. Azt\u00e1n meg f\u00e9l\u00fcnk a felejt\u00e9st\u0151l. Att\u00f3l, hogy nem tudjuk majd kiolvasni a \u201elisztb\u0151l\u201d, \u00e9s ez\u00e9rt nem tudjuk majd, hogy kik is vagyunk val\u00f3j\u00e1ban. F\u00e9l\u00fcnk a szemben\u00e9z\u00e9s eredm\u00e9ny\u00e9t\u0151l, ez\u00e9rt a t\u00f6rt\u00e9net\u00fcnk folytat\u00e1s\u00e1t\u00f3l, az \u00e9let\u00fcnkt\u0151l is. Pedig a szemben\u00e9z\u00e9s elker\u00fclhetetlen.<\/p>\n<p>A kisl\u00e1ny, Emma szemben\u00e9z a t\u00f6rt\u00e9net\u00e9vel, titkaival. Ami nem is egy t\u00f6rt\u00e9net, nem is egy titok. Ami mindannyiunk sok kis t\u00f6rt\u00e9nete, titka, ez\u00e9rt maga a t\u00f6rt\u00e9nelem. Mert mindannyiunk nagysz\u00fclei, sz\u00fclei, testv\u00e9rei, bar\u00e1tai \u00e9s ellens\u00e9gei a szerepl\u0151i \u00e9s \u00edr\u00f3i voltak annak, ami azt\u00e1n esem\u00e9nyekk\u00e9 bonyol\u00f3dott. Ami nem fejez\u0151d\u00f6tt be, ami m\u00e9g mindig tart \u00e9s folytat\u00f3dik, \u00fajra\u00edr\u00f3dik \u00e9s \u00fajraj\u00e1tsz\u00f3dik.<\/p>\n<p>A t\u00f6rt\u00e9net Rom\u00e1ni\u00e1ban j\u00e1tsz\u00f3dik, de j\u00e1tsz\u00f3dhatna itt is, lehetn\u00e9nk ak\u00e1r mi is a f\u0151szerepl\u0151i. Tal\u00e1n azok is vagyunk, hiszen minden ismer\u0151s: a hirtelen megszerzett szabads\u00e1g gy\u00f6ny\u00f6re; az el nem m\u00fal\u00f3 k\u00e9telked\u00e9s, a m\u00e1sikkal szembeni bizalmatlans\u00e1g; a vissza\u00fct\u00e9s, a megtorl\u00e1s mindent legy\u0151z\u0151 v\u00e1gya benn\u00fcnket is jellemez.<\/p>\n<p>Vajon ki lehet l\u00e9pni ebb\u0151l a k\u00f6rforg\u00e1sb\u00f3l?! Vajon el lehet kezdeni egy \u00faj t\u00f6rt\u00e9netet?!<\/p>\n<p>Dragom\u00e1n Gy\u00f6rgy: M\u00e1glya<\/p>\n","protected":false},"excerpt":{"rendered":"<p>El kell \u00e9getni\u2026 \u201e\u2026 Elegend\u0151 harc, hogy a multat be kell vallani.\u201d J\u00f3zsef Attila: A Dun\u00e1n\u00e1l Mindannyian cipelj\u00fck a terhet, hordozzuk a magunk \u00e9rthetetlen, titokzatos t\u00f6rt\u00e9neteit. Azokat, amikt\u0151l azok lett\u00fcnk akik. Azokat, amiknek a k\u00f6vetkezm\u00e9nyei vagyunk. \u00c9s f\u00e9l\u00fcnk a k\u00f6vetkezm\u00e9nyekt\u0151l. Magunkt\u00f3l. Ez\u00e9rt leromboljuk, \u00fajra\u00e9p\u00edtj\u00fck, meg\u00edrjuk, majd \u00e1t\u00edrjuk, bes\u00e1rozzuk, majd megsz\u00e9p\u00edtj\u00fck, v\u00e9g\u00fcl el akarjuk felejteni. Azt\u00e1n [&hellip;]<\/p>\n","protected":false},"author":1,"featured_media":0,"comment_status":"open","ping_status":"open","sticky":false,"template":"","format":"standard","meta":{"footnotes":""},"categories":[10,6],"tags":[],"class_list":["post-1610","post","type-post","status-publish","format-standard","hentry","category-kedvencek","category-konyv"],"_links":{"self":[{"href":"https:\/\/gyorgyradnai.eu\/wp-json\/wp\/v2\/posts\/1610","targetHints":{"allow":["GET"]}}],"collection":[{"href":"https:\/\/gyorgyradnai.eu\/wp-json\/wp\/v2\/posts"}],"about":[{"href":"https:\/\/gyorgyradnai.eu\/wp-json\/wp\/v2\/types\/post"}],"author":[{"embeddable":true,"href":"https:\/\/gyorgyradnai.eu\/wp-json\/wp\/v2\/users\/1"}],"replies":[{"embeddable":true,"href":"https:\/\/gyorgyradnai.eu\/wp-json\/wp\/v2\/comments?post=1610"}],"version-history":[{"count":1,"href":"https:\/\/gyorgyradnai.eu\/wp-json\/wp\/v2\/posts\/1610\/revisions"}],"predecessor-version":[{"id":1612,"href":"https:\/\/gyorgyradnai.eu\/wp-json\/wp\/v2\/posts\/1610\/revisions\/1612"}],"wp:attachment":[{"href":"https:\/\/gyorgyradnai.eu\/wp-json\/wp\/v2\/media?parent=1610"}],"wp:term":[{"taxonomy":"category","embeddable":true,"href":"https:\/\/gyorgyradnai.eu\/wp-json\/wp\/v2\/categories?post=1610"},{"taxonomy":"post_tag","embeddable":true,"href":"https:\/\/gyorgyradnai.eu\/wp-json\/wp\/v2\/tags?post=1610"}],"curies":[{"name":"wp","href":"https:\/\/api.w.org\/{rel}","templated":true}]}}