{"id":1729,"date":"2015-04-16T09:21:42","date_gmt":"2015-04-16T08:21:42","guid":{"rendered":"http:\/\/gyorgyradnai.eu\/?p=1729"},"modified":"2015-04-16T09:33:10","modified_gmt":"2015-04-16T08:33:10","slug":"konyvek-az-ejjeli-szekrenyemen","status":"publish","type":"post","link":"https:\/\/gyorgyradnai.eu\/konyvek-az-ejjeli-szekrenyemen\/","title":{"rendered":"K\u00f6nyvek az \u00e9jjeli szekr\u00e9nyemen\u2026"},"content":{"rendered":"<p><a href=\"http:\/\/gyorgyradnai.eu\/wp-content\/uploads\/2015\/04\/IMG_2297.jpg\"><img loading=\"lazy\" decoding=\"async\" class=\"alignleft size-medium wp-image-1732\" src=\"http:\/\/gyorgyradnai.eu\/wp-content\/uploads\/2015\/04\/IMG_2297-300x300.jpg\" alt=\"IMG_2297\" width=\"300\" height=\"300\" srcset=\"https:\/\/gyorgyradnai.eu\/wp-content\/uploads\/2015\/04\/IMG_2297-300x300.jpg 300w, https:\/\/gyorgyradnai.eu\/wp-content\/uploads\/2015\/04\/IMG_2297-150x150.jpg 150w, https:\/\/gyorgyradnai.eu\/wp-content\/uploads\/2015\/04\/IMG_2297-1024x1024.jpg 1024w, https:\/\/gyorgyradnai.eu\/wp-content\/uploads\/2015\/04\/IMG_2297-624x624.jpg 624w, https:\/\/gyorgyradnai.eu\/wp-content\/uploads\/2015\/04\/IMG_2297.jpg 1936w\" sizes=\"auto, (max-width: 300px) 100vw, 300px\" \/><\/a><br \/>\nJonathan Littell: J\u00f3akarat\u00faak<\/p>\n<p>A rettenetes, megtorl\u00f3, haragv\u00f3 \u0151si istenn\u0151ket, az Erinn\u00fcszeket nevezt\u00e9k Eumeniszeknek, j\u00f3akarat\u00faaknak \u2013 tal\u00e1n, hogy megl\u00e1gy\u00edts\u00e1k \u0151ket.<br \/>\n\u201e\u00c1m a c\u00edmnek m\u00e1s jelent\u00e9se is lehet. Az \u00fcld\u00f6z\u00e9st, m\u00e9sz\u00e1rl\u00e1st, t\u00f6meggyilkoss\u00e1got nem d\u00fch\u00f6s sors- \u00e9s bossz\u00faistenek, hanem emberek hajtott\u00e1k v\u00e9gre, akik k\u00f6z\u00f6tt persze voltak t\u00e9bolyult szadist\u00e1k, akik \u00f6r\u00f6m\u00fcket lelt\u00e9k a v\u00e9rengz\u00e9sben. De \u2013 mint minden popul\u00e1ci\u00f3ban \u2013 \u0151k voltak kisebbs\u00e9gben, s t\u00f6bbs\u00e9gben azok a nem \u00e9ppen rosszakarat\u00fa emberek voltak, akik beleker\u00fcltek, akik r\u00e1k\u00e9nyszer\u00fcltek, akik meggy\u0151zt\u00e9k magukat, hogy \u00edgy kell cselekedni; ak\u00e1r f\u00e9lelemb\u0151l, ak\u00e1r ideol\u00f3giai indoktrin\u00e1ci\u00f3b\u00f3l, ak\u00e1r a parancsteljes\u00edt\u00e9s k\u00e9nyszer\u00e9b\u0151l, ak\u00e1r tompults\u00e1gb\u00f3l.\u201d<\/p>\n<p>Romsics Ign\u00e1c: M\u00faltr\u00f3l a m\u00e1nak<\/p>\n<p>\u201eA k\u00f6tet a szerz\u0151 1998 \u00e9s 2003 k\u00f6z\u00f6tt k\u00e9sz\u00fclt tanulm\u00e1nyait, essz\u00e9it \u00e9s el\u0151ad\u00e1sait tartalmazza &#8211; \u00f6t tematikai csoportra osztva. Az \u00edr\u00e1sok els\u0151 r\u00e9sze nemzet, nemzetis\u00e9g \u00e9s \u00e1llam fesz\u00fclts\u00e9gekkel teli viszonyrendszer\u00e9t vizsg\u00e1lja a 19. \u00e9s 20.sz\u00e1zadi magyar \u00e9s kelt-eur\u00f3pai t\u00f6rt\u00e9nelem p\u00e9ld\u00e1j\u00e1n. A k\u00f6vetkez\u0151 fejezet t\u00e1rgya: folyamatoss\u00e1g \u00e9s megszak\u00edtotts\u00e1g a 19. \u00e9s 20.sz\u00e1zadi magyar t\u00f6rt\u00e9nelemben. A harmadik r\u00e9sz \u00edr\u00e1sai a 20.sz\u00e1zadi nagyhatalmi politika Magyarorsz\u00e1gra gyakorolt hat\u00e1s\u00e1t vizsg\u00e1lj\u00e1k, els\u0151sorban a hat\u00e1rok alakul\u00e1sa szempontj\u00e1b\u00f3l. Ez ut\u00e1n a 20.sz\u00e1zadi magyar t\u00f6rt\u00e9nelem els\u0151 fel\u00e9vel foglalkoz\u00f3 t\u00f6rt\u00e9net\u00edr\u00e1st \u00e9rt\u00e9kel\u0151 historiogr\u00e1fiai munk\u00e1k k\u00f6vetkeznek. A k\u00f6tetet a szerz\u0151 r\u00e9szben szubjekt\u00edv jelleg\u0171 \u00edr\u00e1sai z\u00e1rj\u00e1k a t\u00f6rt\u00e9nelem \u00e9s a t\u00f6rt\u00e9net\u00edr\u00e1s term\u00e9szet\u00e9r\u0151l, valamint a t\u00f6rt\u00e9n\u00e9sz feladatair\u00f3l.\u201d<\/p>\n<p>Goethe: Faust<\/p>\n<p>Goethe maga is elismerte: sok mindent \u201ebeletitkolt\u201d (\u00edgy mondta sz\u00f3 szerint: \u201ehineingeheimnisst&#8221;) ebbe az &#8222;\u00f6sszem\u00e9rhetetlen\u201d eg\u00e9szbe, ebbe a hagyom\u00e1nyos p\u00e9ld\u00e1k vagy merev m\u0171faji szab\u00e1lyok k\u00f6z\u00e9 nem k\u00e9nyszer\u00edthet\u0151 alkot\u00e1sba. A Faust titkai sokf\u00e9l\u00e9k: a term\u00e9szet titkai, az ember titkai, a t\u00e1rsadalom titkai. \u00c9s Goethe szem\u00e9lyes titkai. Ezek sem ak\u00e1rmilyen titkok persze \u2013 ezek is egy vil\u00e1gba l\u00e1t\u00f3 ember titkai. A Faust azonban m\u00e9gsem titkoknak holmi rejt\u00e9lyes kultusza, hanem \u00e9ppen ellenkez\u0151leg: az ember \u00e9letre-hal\u00e1lra val\u00f3 viadala a titkokkal \u2013 az ember\u00e9, aki megfejteni hivatott \u0151ket. A Faust a megismer\u00e9s dr\u00e1m\u00e1ja \u2013 a vil\u00e1got \u00e9sszel, \u00e9rz\u00e9kekkel megismerni v\u00e1gy\u00f3 ember\u00e9. Nem is \u00f6lthetett volna h\u00e1t m\u00e1s alakot, csak ilyen \u201e\u00f6sszem\u00e9rhetetlent\u201d, amelybe bele\u00e9p\u00fcl a \u201evil\u00e1g \u00e9s az ember t\u00f6rt\u00e9nete is\u201d.\u201d<\/p>\n<p>Eszm\u00e9let T\u00e1rsadalomkritikai \u00e9s kultur\u00e1lis foly\u00f3irat<\/p>\n<p>J\u00f3l\u00e9t gazdas\u00e1gi n\u00f6veked\u00e9s n\u00e9lk\u00fcl \u2013 A \u201eNemn\u00f6veked\u00e9s\u201d fel\u00e9<\/p>\n<p>J\u00f3zsef Attila \u00d6sszes versei \u2013 Megjelent a k\u00f6lt\u0151 sz\u00fclet\u00e9s\u00e9nek \u00f6tvenedik \u00e9vfordul\u00f3j\u00e1n<\/p>\n<p>2015. \u00e1prilis 16.<\/p>\n","protected":false},"excerpt":{"rendered":"<p>Jonathan Littell: J\u00f3akarat\u00faak A rettenetes, megtorl\u00f3, haragv\u00f3 \u0151si istenn\u0151ket, az Erinn\u00fcszeket nevezt\u00e9k Eumeniszeknek, j\u00f3akarat\u00faaknak \u2013 tal\u00e1n, hogy megl\u00e1gy\u00edts\u00e1k \u0151ket. \u201e\u00c1m a c\u00edmnek m\u00e1s jelent\u00e9se is lehet. Az \u00fcld\u00f6z\u00e9st, m\u00e9sz\u00e1rl\u00e1st, t\u00f6meggyilkoss\u00e1got nem d\u00fch\u00f6s sors- \u00e9s bossz\u00faistenek, hanem emberek hajtott\u00e1k v\u00e9gre, akik k\u00f6z\u00f6tt persze voltak t\u00e9bolyult szadist\u00e1k, akik \u00f6r\u00f6m\u00fcket lelt\u00e9k a v\u00e9rengz\u00e9sben. De \u2013 mint minden popul\u00e1ci\u00f3ban [&hellip;]<\/p>\n","protected":false},"author":1,"featured_media":0,"comment_status":"open","ping_status":"open","sticky":false,"template":"","format":"standard","meta":{"footnotes":""},"categories":[6],"tags":[142],"class_list":["post-1729","post","type-post","status-publish","format-standard","hentry","category-konyv","tag-ejjeli-szekreny"],"_links":{"self":[{"href":"https:\/\/gyorgyradnai.eu\/wp-json\/wp\/v2\/posts\/1729","targetHints":{"allow":["GET"]}}],"collection":[{"href":"https:\/\/gyorgyradnai.eu\/wp-json\/wp\/v2\/posts"}],"about":[{"href":"https:\/\/gyorgyradnai.eu\/wp-json\/wp\/v2\/types\/post"}],"author":[{"embeddable":true,"href":"https:\/\/gyorgyradnai.eu\/wp-json\/wp\/v2\/users\/1"}],"replies":[{"embeddable":true,"href":"https:\/\/gyorgyradnai.eu\/wp-json\/wp\/v2\/comments?post=1729"}],"version-history":[{"count":3,"href":"https:\/\/gyorgyradnai.eu\/wp-json\/wp\/v2\/posts\/1729\/revisions"}],"predecessor-version":[{"id":1734,"href":"https:\/\/gyorgyradnai.eu\/wp-json\/wp\/v2\/posts\/1729\/revisions\/1734"}],"wp:attachment":[{"href":"https:\/\/gyorgyradnai.eu\/wp-json\/wp\/v2\/media?parent=1729"}],"wp:term":[{"taxonomy":"category","embeddable":true,"href":"https:\/\/gyorgyradnai.eu\/wp-json\/wp\/v2\/categories?post=1729"},{"taxonomy":"post_tag","embeddable":true,"href":"https:\/\/gyorgyradnai.eu\/wp-json\/wp\/v2\/tags?post=1729"}],"curies":[{"name":"wp","href":"https:\/\/api.w.org\/{rel}","templated":true}]}}