{"id":1789,"date":"2015-05-15T12:40:45","date_gmt":"2015-05-15T11:40:45","guid":{"rendered":"http:\/\/gyorgyradnai.eu\/?p=1789"},"modified":"2015-05-15T12:44:35","modified_gmt":"2015-05-15T11:44:35","slug":"simor-andras-fenyeget-tegnapom","status":"publish","type":"post","link":"https:\/\/gyorgyradnai.eu\/simor-andras-fenyeget-tegnapom\/","title":{"rendered":"Simor Andr\u00e1s: Fenyeget tegnapom"},"content":{"rendered":"<p><a href=\"http:\/\/gyorgyradnai.eu\/wp-content\/uploads\/2015\/05\/retteg\u0151-gyerek.jpg\"><img loading=\"lazy\" decoding=\"async\" class=\"alignleft size-medium wp-image-1790\" src=\"http:\/\/gyorgyradnai.eu\/wp-content\/uploads\/2015\/05\/retteg\u0151-gyerek-300x224.jpg\" alt=\"retteg\u0151 gyerek\" width=\"300\" height=\"224\" srcset=\"https:\/\/gyorgyradnai.eu\/wp-content\/uploads\/2015\/05\/retteg\u0151-gyerek-300x224.jpg 300w, https:\/\/gyorgyradnai.eu\/wp-content\/uploads\/2015\/05\/retteg\u0151-gyerek.jpg 460w\" sizes=\"auto, (max-width: 300px) 100vw, 300px\" \/><\/a><\/p>\n<p>Simor Andr\u00e1s: Fenyeget tegnapom<\/p>\n<p>H\u00e9t \u00e9vtized ut\u00e1n<br \/>\na retteg\u0151 gyerek<br \/>\nism\u00e9t \u00e9nbennem \u00e9l,<br \/>\nr\u00e1sz\u00f3lni nem merek.<\/p>\n<p>Mire v\u00e1rt mostanig<br \/>\nh\u00e9t \u00e9vtizeden \u00e1t,<br \/>\nsz\u00f3lni kihez akar,<br \/>\nmilyen j\u00f6v\u0151be l\u00e1t?<\/p>\n<p>N\u00e9zek magam el\u00e9,<br \/>\n\u00e9s hosszan hallgatok.<br \/>\nRosszak az \u00e9jszak\u00e1k,<br \/>\nrosszak a nappalok.<\/p>\n<p>Fenyeget tegnapom,<br \/>\nm\u00e1r a hold se kerek,<br \/>\nism\u00e9t \u00e9nbennem \u00e9l<br \/>\na retteg\u0151 gyerek.<\/p>\n<p>Ezredv\u00e9g, XXV. \u00e9vfolyam, 2015. m\u00e1jus-j\u00fanius<\/p>\n<p>2015. m\u00e1jus 15.<\/p>\n","protected":false},"excerpt":{"rendered":"<p>Simor Andr\u00e1s: Fenyeget tegnapom H\u00e9t \u00e9vtized ut\u00e1n a retteg\u0151 gyerek ism\u00e9t \u00e9nbennem \u00e9l, r\u00e1sz\u00f3lni nem merek. Mire v\u00e1rt mostanig h\u00e9t \u00e9vtizeden \u00e1t, sz\u00f3lni kihez akar, milyen j\u00f6v\u0151be l\u00e1t? N\u00e9zek magam el\u00e9, \u00e9s hosszan hallgatok. Rosszak az \u00e9jszak\u00e1k, rosszak a nappalok. Fenyeget tegnapom, m\u00e1r a hold se kerek, ism\u00e9t \u00e9nbennem \u00e9l a retteg\u0151 gyerek. Ezredv\u00e9g, XXV. [&hellip;]<\/p>\n","protected":false},"author":1,"featured_media":0,"comment_status":"open","ping_status":"open","sticky":false,"template":"","format":"standard","meta":{"footnotes":""},"categories":[10],"tags":[34],"class_list":["post-1789","post","type-post","status-publish","format-standard","hentry","category-kedvencek","tag-vers"],"_links":{"self":[{"href":"https:\/\/gyorgyradnai.eu\/wp-json\/wp\/v2\/posts\/1789","targetHints":{"allow":["GET"]}}],"collection":[{"href":"https:\/\/gyorgyradnai.eu\/wp-json\/wp\/v2\/posts"}],"about":[{"href":"https:\/\/gyorgyradnai.eu\/wp-json\/wp\/v2\/types\/post"}],"author":[{"embeddable":true,"href":"https:\/\/gyorgyradnai.eu\/wp-json\/wp\/v2\/users\/1"}],"replies":[{"embeddable":true,"href":"https:\/\/gyorgyradnai.eu\/wp-json\/wp\/v2\/comments?post=1789"}],"version-history":[{"count":2,"href":"https:\/\/gyorgyradnai.eu\/wp-json\/wp\/v2\/posts\/1789\/revisions"}],"predecessor-version":[{"id":1792,"href":"https:\/\/gyorgyradnai.eu\/wp-json\/wp\/v2\/posts\/1789\/revisions\/1792"}],"wp:attachment":[{"href":"https:\/\/gyorgyradnai.eu\/wp-json\/wp\/v2\/media?parent=1789"}],"wp:term":[{"taxonomy":"category","embeddable":true,"href":"https:\/\/gyorgyradnai.eu\/wp-json\/wp\/v2\/categories?post=1789"},{"taxonomy":"post_tag","embeddable":true,"href":"https:\/\/gyorgyradnai.eu\/wp-json\/wp\/v2\/tags?post=1789"}],"curies":[{"name":"wp","href":"https:\/\/api.w.org\/{rel}","templated":true}]}}