{"id":1800,"date":"2015-05-19T11:27:55","date_gmt":"2015-05-19T10:27:55","guid":{"rendered":"http:\/\/gyorgyradnai.eu\/?p=1800"},"modified":"2015-05-19T11:27:55","modified_gmt":"2015-05-19T10:27:55","slug":"visszauton","status":"publish","type":"post","link":"https:\/\/gyorgyradnai.eu\/visszauton\/","title":{"rendered":"Vissza\u00faton\u2026"},"content":{"rendered":"<p><a href=\"http:\/\/gyorgyradnai.eu\/wp-content\/uploads\/2015\/05\/top_becsi_kavehazi_kaland_advent_idejen_0_09654600_1413399139.jpg\"><img loading=\"lazy\" decoding=\"async\" class=\"alignleft size-medium wp-image-1801\" src=\"http:\/\/gyorgyradnai.eu\/wp-content\/uploads\/2015\/05\/top_becsi_kavehazi_kaland_advent_idejen_0_09654600_1413399139-300x124.jpg\" alt=\"top_becsi_kavehazi_kaland_advent_idejen_0_09654600_1413399139\" width=\"300\" height=\"124\" srcset=\"https:\/\/gyorgyradnai.eu\/wp-content\/uploads\/2015\/05\/top_becsi_kavehazi_kaland_advent_idejen_0_09654600_1413399139-300x124.jpg 300w, https:\/\/gyorgyradnai.eu\/wp-content\/uploads\/2015\/05\/top_becsi_kavehazi_kaland_advent_idejen_0_09654600_1413399139-624x257.jpg 624w, https:\/\/gyorgyradnai.eu\/wp-content\/uploads\/2015\/05\/top_becsi_kavehazi_kaland_advent_idejen_0_09654600_1413399139.jpg 850w\" sizes=\"auto, (max-width: 300px) 100vw, 300px\" \/><\/a>\u00dcl\u00fcnk a kocsiban a fiammal, visszafel\u00e9. Besz\u00e9lget\u00fcnk. J\u00f3l telt a nap, B\u00e9cs mindig mag\u00e1val ragad\u00f3, \u00edgy ny\u00e1rel\u0151n k\u00fcl\u00f6n\u00f6sen: az Opera, a Kartner Strasse, a sok turista, a Stephanskirche el\u0151tt a t\u00e9ren a sz\u00ednes kavalk\u00e1d. \u00c9s persze az elmaradhatatlan b\u00e9csi k\u00e1v\u00e9.<\/p>\n<p>J\u00f6v\u00fcnk visszafel\u00e9. Besz\u00e9lget\u00fcnk. Mikor 30 \u00e9vvel ezel\u0151tt ment\u00fcnk kifel\u00e9. Hosszan v\u00e1rakoztunk a hat\u00e1ron, lassan, szinte l\u00e9p\u00e9sben gurultunk csak el\u0151re, a h\u00e1tunkon csurogtak a viszket\u0151 izzads\u00e1gcseppek. \u00c1lland\u00f3 pisil\u00e9si inger\u00fcnk volt, amit alig lehetett elviselni. \u00c9s m\u00e9gis. Alig v\u00e1rtuk. Azt is, hogy \u00fajra menni kelljen. Az izgalom, a szabads\u00e1g m\u00e1mor\u00edt\u00f3 \u00e9rz\u00e9se, az \u00e1rub\u0151s\u00e9g l\u00e1tv\u00e1nya, a \u201evan komissi\u00f3d?\u201d-ra a \u201epersze hogy van\u201d v\u00e1lasz, mintha ma lenne.<\/p>\n<p>K\u00f6zeled\u00fcnk a hat\u00e1rhoz, visszafel\u00e9. Besz\u00e9lget\u00fcnk. Most kevesebb a magyar besz\u00e9d. R\u00e9gebben minden \u201em\u00e1sodik\u201d hang magyar volt. Akkor a feliratok minden\u00fctt magyarul is : NE LOPJ, \u00c1TADUNK A REND\u0150RNEK. A M\u00e1ri\u00e1n \u201ecsak\u201d magyarok voltak. Az elad\u00f3k is. Most mindenf\u00e9le n\u00e1ci\u00f3: ott nem \u00e9rdekes a bev\u00e1ndorl\u00e1s. Mondja a fiam, a h\u00e9ten csak az osztr\u00e1k tv-t n\u00e9zte, benne a h\u00edrad\u00f3kat. Az osztr\u00e1k bel\u00fcgyminiszter morgott, hogy a menek\u00fclteknek csak s\u00e1trakat akarnak a <!--more-->befogad\u00f3 kantonokban f\u00f6l\u00e1ll\u00edtani. Nem k\u0151\u00e9p\u00fcleteket. Pedig gyerekes csal\u00e1dok is j\u00f6nnek. Nem azt mondta: \u201eIde be nem teszik a l\u00e1bukat\u201d, hanem k\u0151\u00e9p\u00fcleteket!<\/p>\n<p>Nyugodtan haladunk visszafel\u00e9. Besz\u00e9lget\u00fcnk. Az egyetemr\u0151l. A hallgat\u00f3k \u00e9s az oktat\u00f3k habitus\u00e1r\u00f3l. Vajon mi\u00e9rt van annyi Jobbikos hallgat\u00f3 (\u00e9s tal\u00e1n oktat\u00f3), mi\u00e9rt divat a nacionalizmus, a rasszizmus, mi\u00e9rt nem lehet ezen v\u00e1ltoztatni. Egy kicsit vitatkozunk. Az egyetem nem a politikai csat\u00e1roz\u00e1sok sz\u00ednhelye, ott meg kell tanulni a szakm\u00e1t, a gy\u00f3gy\u00edt\u00e1st, a k\u00f6zgazd\u00e1szs\u00e1got, a jog\u00e1szs\u00e1got, a b\u00f6lcs\u00e9szs\u00e9get. Minden k\u00f6r\u00fclm\u00e9nyek k\u00f6z\u00f6tt, \u00e9s ebbe nem f\u00e9r bele a politikai szimp\u00e1ti\u00e1k kinyilv\u00e1n\u00edt\u00e1sa. De h\u00e1t \u0151k nemcsak orvosok, jog\u00e1szok, k\u00f6zgazd\u00e1szok, b\u00f6lcs\u00e9szek lesznek, hanem \u00e9rtelmis\u00e9giek is, \u201ea n\u00e9pet vezet\u0151 gondolkod\u00f3k\u201d, akiknek kell majd megmutatni, hogy merre van az el\u0151re. \u00c9s azt is, hogy hogyan\u2026<\/p>\n<p>M\u00e1r a hat\u00e1ron is vagyunk. Most nincsenek tumultu\u00f3zus jelenetek. \u00c9szrev\u00e9tlen\u00fcl, mint annak idej\u00e9n, a belga-holland hat\u00e1ron, sim\u00e1n \u00e1tgurulunk.<\/p>\n<p>Haza\u00e9rt\u00fcnk?<\/p>\n<p>2015. m\u00e1jus 19.<\/p>\n","protected":false},"excerpt":{"rendered":"<p>\u00dcl\u00fcnk a kocsiban a fiammal, visszafel\u00e9. Besz\u00e9lget\u00fcnk. J\u00f3l telt a nap, B\u00e9cs mindig mag\u00e1val ragad\u00f3, \u00edgy ny\u00e1rel\u0151n k\u00fcl\u00f6n\u00f6sen: az Opera, a Kartner Strasse, a sok turista, a Stephanskirche el\u0151tt a t\u00e9ren a sz\u00ednes kavalk\u00e1d. \u00c9s persze az elmaradhatatlan b\u00e9csi k\u00e1v\u00e9. J\u00f6v\u00fcnk visszafel\u00e9. Besz\u00e9lget\u00fcnk. Mikor 30 \u00e9vvel ezel\u0151tt ment\u00fcnk kifel\u00e9. Hosszan v\u00e1rakoztunk a hat\u00e1ron, lassan, szinte [&hellip;]<\/p>\n","protected":false},"author":1,"featured_media":0,"comment_status":"open","ping_status":"open","sticky":false,"template":"","format":"standard","meta":{"footnotes":""},"categories":[2],"tags":[156],"class_list":["post-1800","post","type-post","status-publish","format-standard","hentry","category-bejegyzes","tag-hazateres"],"_links":{"self":[{"href":"https:\/\/gyorgyradnai.eu\/wp-json\/wp\/v2\/posts\/1800","targetHints":{"allow":["GET"]}}],"collection":[{"href":"https:\/\/gyorgyradnai.eu\/wp-json\/wp\/v2\/posts"}],"about":[{"href":"https:\/\/gyorgyradnai.eu\/wp-json\/wp\/v2\/types\/post"}],"author":[{"embeddable":true,"href":"https:\/\/gyorgyradnai.eu\/wp-json\/wp\/v2\/users\/1"}],"replies":[{"embeddable":true,"href":"https:\/\/gyorgyradnai.eu\/wp-json\/wp\/v2\/comments?post=1800"}],"version-history":[{"count":1,"href":"https:\/\/gyorgyradnai.eu\/wp-json\/wp\/v2\/posts\/1800\/revisions"}],"predecessor-version":[{"id":1802,"href":"https:\/\/gyorgyradnai.eu\/wp-json\/wp\/v2\/posts\/1800\/revisions\/1802"}],"wp:attachment":[{"href":"https:\/\/gyorgyradnai.eu\/wp-json\/wp\/v2\/media?parent=1800"}],"wp:term":[{"taxonomy":"category","embeddable":true,"href":"https:\/\/gyorgyradnai.eu\/wp-json\/wp\/v2\/categories?post=1800"},{"taxonomy":"post_tag","embeddable":true,"href":"https:\/\/gyorgyradnai.eu\/wp-json\/wp\/v2\/tags?post=1800"}],"curies":[{"name":"wp","href":"https:\/\/api.w.org\/{rel}","templated":true}]}}