{"id":1803,"date":"2015-05-20T14:42:53","date_gmt":"2015-05-20T13:42:53","guid":{"rendered":"http:\/\/gyorgyradnai.eu\/?p=1803"},"modified":"2015-05-20T14:42:53","modified_gmt":"2015-05-20T13:42:53","slug":"orban-viktor-mesel","status":"publish","type":"post","link":"https:\/\/gyorgyradnai.eu\/orban-viktor-mesel\/","title":{"rendered":"Orb\u00e1n Viktor mes\u00e9l"},"content":{"rendered":"<p><a href=\"http:\/\/gyorgyradnai.eu\/wp-content\/uploads\/2015\/05\/orb\u00e1n-Strasszburgban.jpg\"><img loading=\"lazy\" decoding=\"async\" class=\"alignleft size-medium wp-image-1804\" src=\"http:\/\/gyorgyradnai.eu\/wp-content\/uploads\/2015\/05\/orb\u00e1n-Strasszburgban-300x214.jpg\" alt=\"orb\u00e1n Strasszburgban\" width=\"300\" height=\"214\" srcset=\"https:\/\/gyorgyradnai.eu\/wp-content\/uploads\/2015\/05\/orb\u00e1n-Strasszburgban-300x214.jpg 300w, https:\/\/gyorgyradnai.eu\/wp-content\/uploads\/2015\/05\/orb\u00e1n-Strasszburgban.jpg 496w\" sizes=\"auto, (max-width: 300px) 100vw, 300px\" \/><\/a>M\u00e9g szerencse, hogy nem tegnap este volt a magyar kupa-d\u00f6nt\u0151. Fociban. A Fradi \u00e9s a Vidi k\u00f6z\u00f6tt.<br \/>\nAkkor \u0150 nem v\u00e9dhette volna meg haz\u00e1j\u00e1t az Eur\u00f3pai Parlamentben, nem dicsekedhetett volna a (egy\u00e9ni) sikereivel, nem lehetett volna b\u00fcszke az Eur\u00f3pai Uni\u00f3hoz val\u00f3 csatlakoz\u00e1sr\u00f3l sz\u00f3l\u00f3, 2003. \u00e1prilis 12.-\u00e9n lezajlott magyar n\u00e9pszavaz\u00e1sra (ami ellen \u2013 akkor \u00e9s ott \u2013 usz\u00edtott), nem \u00e9lhetett volna \u201eparancsol\u00f3 k\u00f6teless\u00e9g\u00e9vel\u201d, hogy f\u00f6lsz\u00f3laljon.<\/p>\n<p>Sz\u00f3val Orb\u00e1n mes\u00e9l. M\u00e1r nem el\u0151sz\u00f6r, v\u00e9lhet\u0151en \u00e9s el\u0151rel\u00e1that\u00f3an nem is ut\u00f3szor. Persze arr\u00f3l, ahogyan \u0150 l\u00e1tja. Ahogyan l\u00e1ttatni akarja. Ahogyan \u2013 szerinte \u2013 minden magyar \u00e9s kereszty\u00e9n embernek l\u00e1tnia kell. Ig\u00e9t hirdet. Kinyilatkoztat. Megfellebbezhetetlen. Aki nem \u00fagy l\u00e1tja, mint \u0150, az liber\u00e1lis, kommunista, \u00e9s ellens\u00e9g.<\/p>\n<p>Orb\u00e1n mes\u00e9l. Persze nem k\u00f6z\u00e9nk \u00fclve, \u201e(igy nem sz\u00f6kik r\u00e1 hirtelen az \u00e9j)\u201d, hanem pulpitusr\u00f3l. Arr\u00f3l, hogy mi \u00e9rdekli az \u201eaz eur\u00f3pai embereket: t\u00f6rv\u00e9nyes rend, k\u00f6zbiztons\u00e1g, bev\u00e1ndorl\u00e1s.\u201d Arr\u00f3l, hogy \u201e\u2026a magyarok \u00e1ltal\u00e1ban szeretnek egyenesen besz\u00e9lni a neh\u00e9z dolgokr\u00f3l. Ilyenek vagyunk, nem szeretj\u00fck sem a locsog\u00e1st, sem a mell\u00e9besz\u00e9l\u00e9st, egyenesen szeret\u00fcnk besz\u00e9lni, vagy sehogy. Egyenesen besz\u00e9l\u00fcnk h\u00e1t a hal\u00e1lb\u00fcntet\u00e9sr\u0151l, a bev\u00e1ndorl\u00e1sr\u00f3l, r\u00e1ad\u00e1sul \u00fagy \u00e9rz\u00e9kelj\u00fck, hogy az eddigi diskurzus, amit sokan PC-nek, politikailag korrektnek mondanak, nem vitt k\u00f6zelebb benn\u00fcnket, eur\u00f3paiakat a megold\u00e1shoz.\u201d Mert nem az \u0150 sz\u00e1ja \u00edze szerint f\u0151znek Eur\u00f3p\u00e1ban. Mert most megint nemcsak kapni lehet, hanem adni is kell valamit. Most nem a magyar Kossuthot kell Eur\u00f3p\u00e1nak befogadni, hanem nek\u00fcnk kellene k\u00f6ny\u00f6r\u00fcletesnek lenn\u00fcnk m\u00e1sokkal. Most nem Tiborcz nyer\u00e9s\u00e9r\u0151l van sz\u00f3, hanem hogy Tiborcz is adjon valamit a k\u00f6z\u00f6snek.<\/p>\n<p><!--more-->Orb\u00e1n mes\u00e9l, k\u00f6zben \u201e\u2026 fecseg a felsz\u00edn, hallgat a m\u00e9ly.\u201d Nem b\u00f6lcsen, hanem zavarosan. Arr\u00f3l, hogy \u201e\u2026 mi, magyarok azt szeretn\u00e9nk, ha Eur\u00f3pa az eur\u00f3paiak\u00e9 maradna, \u00e9s meg akarjuk \u0151rizni Magyarorsz\u00e1got is magyar orsz\u00e1gnak\u201d. Amikor mi megy\u00fcnk valahov\u00e1, akkor a szabad mozg\u00e1s p\u00e1rtj\u00e1n \u00e1llunk. Amikor hozz\u00e1nk akar valaki j\u00f6nni, akkor az munk\u00e1t akar, meg akar \u00e9lni, a magyar f\u00f6ldb\u0151l, a magyarok munk\u00e1j\u00e1b\u00f3l, \u00e9s ezt nem engedhetj\u00fck. A magyarok uni\u00f3n bel\u00fcli munkav\u00e1llal\u00e1sa nem a meg\u00e9lhet\u00e9sr\u0151l, nem a jobb \u00e9letr\u0151l, a biztons\u00e1gr\u00f3l sz\u00f3l, hanem a mindenkit megillet\u0151 szabad mozg\u00e1sr\u00f3l. Ugye \u00e9rthet\u0151 \u2013 k\u00e9rdez r\u00e1 a mes\u00e9l\u0151 a nyomat\u00e9k kedv\u00e9\u00e9rt. \u201e\u00d6n, amig sz\u00f3b\u00f3l \u00e9rtek \u00e9n,\/nem lesz tan\u00e1r e f\u00e9ltek\u00e9n\u201d -\/gagyog\/s ragyog.\u201d<\/p>\n<p>Orb\u00e1n mes\u00e9l. Az \u201e\u0151r\u00fclts\u00e9gr\u0151l\u201d, hogy \u201e\u2026 t\u00e1rjuk sz\u00e9lesre a kapukat, \u00e9s j\u00f6jj\u00f6n, aki akar\u201d. Hogy kv\u00f3ta legyen. Hogy k\u00f6z\u00f6sen oldjuk meg. Hogy mindenki j\u00e1ruljon hozz\u00e1 valamivel. Hogy azok is emberek, akik ide menek\u00fclnek. M\u00e9g ha illeg\u00e1lis \u00faton is. Nem! Sz\u00f3 sem lehet r\u00f3la! Ez elk\u00e9pzelhetetlen \u2013 ki\u00e1ltja bele az \u00e9terbe a magyar minisztereln\u00f6k Eur\u00f3p\u00e1ban. \u201eAz \u00e9n \u00e1ll\u00e1spontom az \u2013 \u00f6r\u00fcl\u00f6k, hogy a vita err\u0151l elkezd\u0151d\u00f6tt \u2013, hogy kv\u00f3ta helyett meg kell engedni az egyes tag\u00e1llamoknak, hogy maguk d\u00f6ntsenek err\u0151l a k\u00e9rd\u00e9sr\u0151l. Mi, magyarok magunk akarunk d\u00f6nteni arr\u00f3l, hogy akarunk-e bev\u00e1ndorl\u00f3kat Magyarorsz\u00e1gon vagy sem.\u201d \u2013 n\u00e9z sz\u00e9t a mes\u00e9l\u0151 \u00e9s nevetg\u00e9lve tapsol \u00e9s vih\u00e1ncol m\u00f6g\u00f6tte a k\u00eds\u00e9r\u0151 slepp.<\/p>\n<p>Orb\u00e1n Viktor mes\u00e9l. Arr\u00f3l, hogy \u201e\u2026 Magyarorsz\u00e1g semmilyen meg\u00e1llapod\u00e1st \u00e9s egyezm\u00e9nyt nem \u00edrt al\u00e1 senkivel arr\u00f3l, hogy mir\u0151l nem lehet besz\u00e9lni Magyarorsz\u00e1gon \u2013 vagy hogy mir\u0151l lehet. Arr\u00f3l sem \u00edrtunk al\u00e1 meg\u00e1llapod\u00e1st, hogy mir\u0151l tarthatunk konzult\u00e1ci\u00f3t, \u00e9s mir\u0151l nem. Milyen t\u00e9m\u00e1kat vethet\u00fcnk fel, \u00e9s milyeneket nem. Az uni\u00f3hoz val\u00f3 t\u00e1rsul\u00e1si szerz\u0151d\u00e9s\u00fcnk semmilyen kit\u00e9telt nem tartalmaz arra vonatkoz\u00f3an, hogy az Eur\u00f3pai Uni\u00f3 tag\u00e1llaiban bizonyos dolgokr\u00f3l nem szabad besz\u00e9lni, vagy bizonyos k\u00e9rd\u00e9seket nem szabad f\u00f6lvetni. \u00c9ppen ez\u00e9rt mi az uni\u00f3s alapszerz\u0151d\u00e9s megs\u00e9rt\u00e9s\u00e9nek tekintj\u00fck, ha b\u00e1rki megpr\u00f3b\u00e1l abba belesz\u00f3lni, hogy mi, magyarok mir\u0151l nyilv\u00e1n\u00edthatunk v\u00e9lem\u00e9nyt, vagy mir\u0151l nem.\u201d De ez m\u00e1r nem mese. Ez nem egy virtu\u00e1lis val\u00f3s\u00e1g. Ez nem a k\u00e9pzelet j\u00e1t\u00e9ka. Ez nem a j\u00f3 elnyeri m\u00e9lt\u00f3 jutalm\u00e1t, a gonosz meg szenvedje el a b\u00fcntet\u00e9s\u00e9t. Ez durva hazugs\u00e1g!<\/p>\n<p>Micsoda balszerencse, hogy nem tegnap este volt a magyar kupa-d\u00f6nt\u0151. Fociban. A Fradi \u00e9s a Vidi k\u00f6z\u00f6tt. Akkor Orb\u00e1n csak szotyit k\u00f6pk\u00f6d\u00f6tt volna a n\u00e9z\u0151t\u00e9ren, nem eszm\u00e9ket, \u00e9rt\u00e9keket.<\/p>\n<p>2015. m\u00e1jus 20.<\/p>\n","protected":false},"excerpt":{"rendered":"<p>M\u00e9g szerencse, hogy nem tegnap este volt a magyar kupa-d\u00f6nt\u0151. Fociban. A Fradi \u00e9s a Vidi k\u00f6z\u00f6tt. Akkor \u0150 nem v\u00e9dhette volna meg haz\u00e1j\u00e1t az Eur\u00f3pai Parlamentben, nem dicsekedhetett volna a (egy\u00e9ni) sikereivel, nem lehetett volna b\u00fcszke az Eur\u00f3pai Uni\u00f3hoz val\u00f3 csatlakoz\u00e1sr\u00f3l sz\u00f3l\u00f3, 2003. \u00e1prilis 12.-\u00e9n lezajlott magyar n\u00e9pszavaz\u00e1sra (ami ellen \u2013 akkor \u00e9s ott [&hellip;]<\/p>\n","protected":false},"author":1,"featured_media":0,"comment_status":"open","ping_status":"open","sticky":false,"template":"","format":"standard","meta":{"footnotes":""},"categories":[2],"tags":[157],"class_list":["post-1803","post","type-post","status-publish","format-standard","hentry","category-bejegyzes","tag-bevandorlas"],"_links":{"self":[{"href":"https:\/\/gyorgyradnai.eu\/wp-json\/wp\/v2\/posts\/1803","targetHints":{"allow":["GET"]}}],"collection":[{"href":"https:\/\/gyorgyradnai.eu\/wp-json\/wp\/v2\/posts"}],"about":[{"href":"https:\/\/gyorgyradnai.eu\/wp-json\/wp\/v2\/types\/post"}],"author":[{"embeddable":true,"href":"https:\/\/gyorgyradnai.eu\/wp-json\/wp\/v2\/users\/1"}],"replies":[{"embeddable":true,"href":"https:\/\/gyorgyradnai.eu\/wp-json\/wp\/v2\/comments?post=1803"}],"version-history":[{"count":1,"href":"https:\/\/gyorgyradnai.eu\/wp-json\/wp\/v2\/posts\/1803\/revisions"}],"predecessor-version":[{"id":1805,"href":"https:\/\/gyorgyradnai.eu\/wp-json\/wp\/v2\/posts\/1803\/revisions\/1805"}],"wp:attachment":[{"href":"https:\/\/gyorgyradnai.eu\/wp-json\/wp\/v2\/media?parent=1803"}],"wp:term":[{"taxonomy":"category","embeddable":true,"href":"https:\/\/gyorgyradnai.eu\/wp-json\/wp\/v2\/categories?post=1803"},{"taxonomy":"post_tag","embeddable":true,"href":"https:\/\/gyorgyradnai.eu\/wp-json\/wp\/v2\/tags?post=1803"}],"curies":[{"name":"wp","href":"https:\/\/api.w.org\/{rel}","templated":true}]}}