{"id":1830,"date":"2015-06-03T09:54:33","date_gmt":"2015-06-03T08:54:33","guid":{"rendered":"http:\/\/gyorgyradnai.eu\/?p=1830"},"modified":"2015-06-03T09:54:33","modified_gmt":"2015-06-03T08:54:33","slug":"vorosmarty-mihaly-gondolatok-a-konyvtarban","status":"publish","type":"post","link":"https:\/\/gyorgyradnai.eu\/vorosmarty-mihaly-gondolatok-a-konyvtarban\/","title":{"rendered":"V\u00f6r\u00f6smarty Mih\u00e1ly:  Gondolatok a k\u00f6nyvt\u00e1rban"},"content":{"rendered":"<p><a href=\"http:\/\/gyorgyradnai.eu\/wp-content\/uploads\/2015\/06\/vorosm.jpg\"><img loading=\"lazy\" decoding=\"async\" class=\"alignleft size-full wp-image-1831\" src=\"http:\/\/gyorgyradnai.eu\/wp-content\/uploads\/2015\/06\/vorosm.jpg\" alt=\"vorosm\" width=\"198\" height=\"285\" \/><\/a>Hov\u00e1 l\u00e9psz most, gondold meg, oh tud\u00f3s,<br \/>\nAz emberis\u00e9gnek elh\u00e1nyt rongyain<br \/>\nKomor bet\u0171kkel, mint a t\u00e9li \u00e9j,<br \/>\nLeirva \u00e1ll a rettent\u0151 tanuls\u00e1g:<br \/>\n&#8222;Hogy m\u00edg nyomorra milli\u00f3k sz\u00fcletnek,<br \/>\nN\u00e9h\u00e1ny ezernek jutna \u00fcdv a f\u00f6ld\u00f6n,<br \/>\nHa isten\u00e9sszel, angyal \u00e9rzelemmel<br \/>\nHaszn\u00e1lni tudn\u00e1k \u00e9lt\u00f6k napjait.&#8221;<br \/>\nMi\u00e9rt e lom? hogy mint juh a gyepen<br \/>\nLegelj\u00fcnk rajta? s l\u00e9ha tudom\u00e1nyt\u00f3l<br \/>\nZab\u00e1ltan elheny\u00e9lj\u00fck a napot?<br \/>\nAz isten napj\u00e1t! nemzet \u00e9let\u00e9t!<br \/>\nMi\u00e9rt e lom? szag\u00e1r\u00f3l ismerem meg<br \/>\nAz \u00e1llatember minden b\u0171neit.<br \/>\nEr\u00e9ny van \u00edrva e lapon; de egykor<br \/>\nZsiv\u00e1ny ruh\u00e1ja volt. S amott?<br \/>\nAz \u00e1rtatlans\u00e1g boldog napjai<br \/>\nEgy elt\u00e9pett sz\u0171z gy\u00f6nge \u00f6lt\u00f6ny\u00e9n,<br \/>\nVagy egy d\u00fch\u00f6s buj\u00e1nak pongyol\u00e1j\u00e1n.<br \/>\n\u00c9s itt a t\u00f6rv\u00e9ny &#8211; v\u00e9res l\u00e1zad\u00f3k<br \/>\nHamis bir\u00e1k \u00e9s zsarnokok mez\u00e9b\u0151l<br \/>\n<!--more-->Feh\u00e9rre mosdott k\u00f6nyvnek lapjain.<br \/>\nEmitt a g\u00e9pek s sz\u00e1mok titkai!<br \/>\nDe a kik a ruh\u00e1t elszaggat\u00e1k<br \/>\nHogy majd bel\u0151le cs\u00ednos k\u00f6nyv legyen,<br \/>\nSz\u00e1mon kiv\u00fcl maradtak: Ixion<br \/>\nB\u0151sz\u00fclt vihart\u00f3l \u0171z\u00f6tt kerek\u00e9n<br \/>\n\u00d6rv\u00e9ny nyomorban, v\u00e9g n\u00e9lk\u00fcl kereng\u0151k.<br \/>\nAz \u0151r\u00fclt \u00e1gy\u00e1n b\u00f6lcs fej \u00e1lmodik;<br \/>\nA csillag\u00e1szat egy vak koldus asszony<br \/>\nCzondr\u00e1in m\u00e9ri a vil\u00e1gokat:<br \/>\nVil\u00e1g \u00e9s vaks\u00e1g egy hitv\u00e1ny lapon!<br \/>\nK\u00f6nyv lett a rabn\u00e9p s gy\u00e1v\u00e1k k\u00f6nt\u00f6s\u00e9b\u0151l<br \/>\nS most a szabads\u00e1g \u00e9s a h\u0151si kor<br \/>\nBesz\u00e9li benne nagy t\u00f6rt\u00e9net\u00e9t.<br \/>\nH\u0171s\u00e9g, bar\u00e1ts\u00e1g aljas hitszeg\u0151k<br \/>\nGuny\u00e1ib\u00f3l k\u00e9sz\u00fclt lapon reg\u00e9l.<br \/>\nIrt\u00f3zatos hazuds\u00e1g minden\u00fctt!<br \/>\nAz \u00edrt bet\u0171ket a s\u00e1padt lev\u00e9l<br \/>\nHalotti k\u00e9pe k\u00e1rhoztatja el.<br \/>\nOrsz\u00e1gok rongya! k\u00f6nyvt\u00e1r a neved,<br \/>\nDe h\u00e1t hol a k\u00f6nyv melly cz\u00e9lhoz vezet?<br \/>\nHol a nagyobb r\u00e9sz boldogs\u00e1ga? &#8211; Ment-e<br \/>\nA k\u00f6nyvek \u00e1ltal a vil\u00e1g el\u00e9bb?<br \/>\nMent, hogy min\u00e9l dics\u0151bbek n\u00e9pei,<br \/>\nSalakjok ann\u00e1l borzaszt\u00f3bb legyen,<br \/>\nS a rongyos ember b\u0151sz\u00fclt kebele<br \/>\nD\u00f6gv\u00e9szt sohajtson a h\u00edr nemzet\u00e9re.<br \/>\nDe h\u00e1t led\u00f6nts\u00fck, amit ezredek<br \/>\n\u00c9sz napvil\u00e1ga mellett dolgoz\u00e1nak?<br \/>\nA b\u00f6lcsek \u00e9s a k\u00f6lt\u0151k m\u0171veit,<br \/>\nS mit a tapasztal\u00e1s arany<br \/>\nB\u00e1ny\u00e1ib\u00f3l kifejtett az id\u0151?<br \/>\nH\u00e1ny f\u00e9nyes l\u00e9lek t\u00e9pte el mag\u00e1t,<br \/>\nVirrasztott a sziv \u00e9g\u0151 romja mellett,<br \/>\nHogy t\u00e9vedt, sujtott embert\u00e1rsinak<br \/>\nIr\u00e1nyt adjon s er\u0151t, vigasztal\u00e1st.<br \/>\nAz el nem ismert \u00e9rdem h\u0151sei,<br \/>\nKiket &#8211; mid\u0151n m\u00e1r elhunytak s mid\u0151n<br \/>\nIngyen tehette &#8211; cs\u00fafos h\u00e1ladattal<br \/>\nKezdett im\u00e1dni a gal\u00e1d vil\u00e1g,<br \/>\nN\u00e9pboldog\u00edt\u00f3 eszm\u00e9k v\u00e9rtan\u00fai<br \/>\n\u0150k mind e t\u00f6bbi rongykeresked\u0151vel,<br \/>\nEz \u00fant fejek &#8211; s e megkorhadt szivekkel,<br \/>\nRosz szenved\u00e9lyek oktat\u00f3ival<br \/>\n\u0150k mindegy\u00fctt &#8211; a j\u00f3k a rosz miatt &#8211;<br \/>\nEgy m\u00e1glya \u00fcszk\u00e9n elhamvadjanak?<br \/>\nOh nem, nem! a mit mondtam, f\u00e1jdalom volt,<br \/>\nHogy annyi elsz\u00e1nt lelkek f\u00e1radalma,<br \/>\nOly f\u00e9nyes elm\u00e9k a s\u00e1r fiait<br \/>\nA s\u0171lyed\u00e9st\u0151l meg nem menthet\u00e9k!<br \/>\nHogy m\u00e9g alig b\u00edr a f\u00f6ld egy zugot,<br \/>\nEgy kis vir\u00e1nyt a puszta homokon<br \/>\nHol legkelend\u0151bb n\u00e9v az ember\u00e9,<br \/>\nHol a teremt\u00e9s \u0151si jogai<br \/>\nE n\u00e9vhez \u2019ember!\u2019 adv\u00e1k \u00f6r\u00f6k\u0171l &#8211;<br \/>\nKiv\u00e9ve a ki feket\u00e9n sz\u00fcletett,<br \/>\nMert azt baromnak tartj\u00e1k e dics\u0151k<br \/>\nS az isten k\u00e9p\u00e9t sz\u00edjjal ostorozz\u00e1k.<br \/>\n\u00c9s m\u00e9gis is \u2013 m\u00e9g is f\u00e1radozni kell.<br \/>\nEgy \u00fajabb szellem kezd felk\u00fczdeni,<br \/>\nEgy \u00faj ir\u00e1ny t\u00f6r \u00e1t a lelkeken:<br \/>\nA nyers fajokba tiszt\u00e1bb \u00e9rzem\u00e9nyt<br \/>\nS gy\u00fcm\u00f6lcs\u00f6z\u0151bb eszm\u00e9ket oltani,<br \/>\nHogy v\u00e9gre egym\u00e1st sz\u00edvben \u00e1tkarolj\u00e1k,<br \/>\nS uralkodj\u00e9k igazs\u00e1g, szeretet.<br \/>\nHogy a legals\u00f3 p\u00f3r is kunyhaj\u00e1ban<br \/>\nMondhassa bizton: nem vagyok magam!<br \/>\nTestv\u00e9rim vannak, sz\u00e1mos milli\u00f3k;<br \/>\n\u00c9n v\u00e9dem \u0151ket, \u0151k megv\u00e9dnek engem.<br \/>\nNem f\u00e9lek t\u0151led, sors, b\u00e1r mit akarsz.<br \/>\nEz az, mi\u00e9rt cs\u00fcggedni nem szabad.<br \/>\nRakjuk le, hangyaszorgalommal, a mit<br \/>\nAgyunk az ihlett \u00f3r\u00e1kban teremt.<br \/>\nS ha \u00f6sszehordtunk minden kis k\u00f6vet,<br \/>\n\u00c9p\u00edts\u00fck egy \u00fajabb kor B\u00e1bel\u00e9t,<br \/>\nM\u00edg olly magas lesz, mint a csillagok.<br \/>\nS ha majd ben\u00e9zt\u00fcnk a menny ajtaj\u00e1n,<br \/>\nKihallhat\u00f3k az angyalok zen\u00e9j\u00e9t,<br \/>\n\u00c9s f\u00f6ldi v\u00e9r\u0171nk m\u00ednden csepjei<br \/>\nMagas gy\u00f6ny\u00f6rnek l\u00e1ngj\u00e1t\u00f3l hev\u00fcltek,<br \/>\nMenj\u00fcnk sz\u00e9t mint a r\u00e9gi nemzetek,<br \/>\n\u00c9s kezdj\u00fcnk \u00fajra t\u0171rni \u00e9s tanulni.<br \/>\nEz h\u00e1t a sors \u00e9s nincs v\u00e9g semmiben?<br \/>\nNincs \u00e9s nem is lesz, m\u00edg a f\u00f6ld ki nem hal<br \/>\nS meg nem k\u00f6v\u0171lnek \u00e9l\u0151 fiai.<br \/>\nMi dolgunk a vil\u00e1gon? k\u00fczdeni,<br \/>\n\u00c9s t\u00e1pot adni lelki v\u00e1gyainknak.<br \/>\nEmber vagyunk, a f\u00f6ld s az \u00e9g fia.<br \/>\nLelk\u00fcnk a sz\u00e1rny, melly \u00e9g fel\u00e9 viszen,<br \/>\nS mi a helyett, hogy t\u00f6rn\u00e9nk f\u00f6lfel\u00e9,<br \/>\nUnatkozzunk s hitv\u00e1ny mad\u00e1r gyan\u00e1nt<br \/>\nPosv\u00e1ny iszapj\u00e1t szopva \u00e9ldeg\u00e9lj\u00fcnk?<br \/>\nMi dolgunk a vil\u00e1gon? k\u00fczdeni<br \/>\nEr\u0151nk szerint a legnemesbek\u00e9rt.<br \/>\nEl\u0151tt\u00fcnk egy nemzetnek sorsa \u00e1ll.<br \/>\nHa azt kiv\u00edttuk a m\u00e9ly s\u00fclyed\u00e9sb\u0151l<br \/>\nS a szellemharczok tiszta sugar\u00e1n\u00e1l<br \/>\nOllyan magasra tett\u00fck, mint lehet,<br \/>\nMondhatjuk, t\u00e9rv\u00e9n \u0151seink por\u00e1hoz:<br \/>\nK\u00f6sz\u00f6nj\u00fck \u00e9let! \u00e1ldom\u00e1sidat,<br \/>\nEz j\u00f3 mulats\u00e1g, f\u00e9rfi munka volt!<br \/>\n(1844 v\u00e9ge)<\/p>\n","protected":false},"excerpt":{"rendered":"<p>Hov\u00e1 l\u00e9psz most, gondold meg, oh tud\u00f3s, Az emberis\u00e9gnek elh\u00e1nyt rongyain Komor bet\u0171kkel, mint a t\u00e9li \u00e9j, Leirva \u00e1ll a rettent\u0151 tanuls\u00e1g: &#8222;Hogy m\u00edg nyomorra milli\u00f3k sz\u00fcletnek, N\u00e9h\u00e1ny ezernek jutna \u00fcdv a f\u00f6ld\u00f6n, Ha isten\u00e9sszel, angyal \u00e9rzelemmel Haszn\u00e1lni tudn\u00e1k \u00e9lt\u00f6k napjait.&#8221; Mi\u00e9rt e lom? hogy mint juh a gyepen Legelj\u00fcnk rajta? s l\u00e9ha tudom\u00e1nyt\u00f3l Zab\u00e1ltan [&hellip;]<\/p>\n","protected":false},"author":1,"featured_media":0,"comment_status":"open","ping_status":"open","sticky":false,"template":"","format":"standard","meta":{"footnotes":""},"categories":[10],"tags":[161],"class_list":["post-1830","post","type-post","status-publish","format-standard","hentry","category-kedvencek","tag-vorosmarty"],"_links":{"self":[{"href":"https:\/\/gyorgyradnai.eu\/wp-json\/wp\/v2\/posts\/1830","targetHints":{"allow":["GET"]}}],"collection":[{"href":"https:\/\/gyorgyradnai.eu\/wp-json\/wp\/v2\/posts"}],"about":[{"href":"https:\/\/gyorgyradnai.eu\/wp-json\/wp\/v2\/types\/post"}],"author":[{"embeddable":true,"href":"https:\/\/gyorgyradnai.eu\/wp-json\/wp\/v2\/users\/1"}],"replies":[{"embeddable":true,"href":"https:\/\/gyorgyradnai.eu\/wp-json\/wp\/v2\/comments?post=1830"}],"version-history":[{"count":1,"href":"https:\/\/gyorgyradnai.eu\/wp-json\/wp\/v2\/posts\/1830\/revisions"}],"predecessor-version":[{"id":1832,"href":"https:\/\/gyorgyradnai.eu\/wp-json\/wp\/v2\/posts\/1830\/revisions\/1832"}],"wp:attachment":[{"href":"https:\/\/gyorgyradnai.eu\/wp-json\/wp\/v2\/media?parent=1830"}],"wp:term":[{"taxonomy":"category","embeddable":true,"href":"https:\/\/gyorgyradnai.eu\/wp-json\/wp\/v2\/categories?post=1830"},{"taxonomy":"post_tag","embeddable":true,"href":"https:\/\/gyorgyradnai.eu\/wp-json\/wp\/v2\/tags?post=1830"}],"curies":[{"name":"wp","href":"https:\/\/api.w.org\/{rel}","templated":true}]}}