{"id":1841,"date":"2015-06-06T09:44:16","date_gmt":"2015-06-06T08:44:16","guid":{"rendered":"http:\/\/gyorgyradnai.eu\/?p=1841"},"modified":"2015-06-06T09:50:46","modified_gmt":"2015-06-06T08:50:46","slug":"baranyi-ferenc-egy-parasztkadernek","status":"publish","type":"post","link":"https:\/\/gyorgyradnai.eu\/baranyi-ferenc-egy-parasztkadernek\/","title":{"rendered":"Baranyi Ferenc: Egy parasztk\u00e1dernek"},"content":{"rendered":"<p><a href=\"http:\/\/gyorgyradnai.eu\/wp-content\/uploads\/2015\/06\/Baranyi-Ferenc.jpg\"><img loading=\"lazy\" decoding=\"async\" class=\"alignleft size-full wp-image-1837\" src=\"http:\/\/gyorgyradnai.eu\/wp-content\/uploads\/2015\/06\/Baranyi-Ferenc.jpg\" alt=\"Baranyi Ferenc\" width=\"146\" height=\"195\" \/><\/a>Ezerkilencsz\u00e1zharmincnyolc tel\u00e9n<br \/>\nmegsz\u00fclett\u00e9l. Nem volt nagy esem\u00e9ny.<\/p>\n<p>B\u00f6lcs\u0151d k\u00f6r\u00e9 n\u00e9h\u00e1nyan \u00f6sszej\u00f6ttek,<br \/>\nlatolgatv\u00e1n, hogy mi lesz majd bel\u0151led.<\/p>\n<p>A csel\u00e9d-\u00e9let \u00e9s a kan\u00e1szi p\u00e1lya<br \/>\nmag\u00e1t j\u00f6v\u0151d\u00fcl k\u00e9nyesen k\u00edn\u00e1lta.<\/p>\n<p>Csel\u00e9d? Kan\u00e1sz? Melyik a jobb j\u00f6vend\u0151?<br \/>\nMi lesz a kisleg\u00e9nyb\u0151l, hogyha feln\u0151?<\/p>\n<p>\u00cdgy t\u0171n\u0151dtek halkan h\u00fcmm\u00f6gve, m\u00edg a<br \/>\nkakas hajnalt nem jelzett kukor\u00edtva,<\/p>\n<p>akkor sietve oszladoztak sz\u00e9jjel,<br \/>\ns te b\u0151gve ottmaradt\u00e1l \u2013 k\u00e9t es\u00e9llyel.<\/p>\n<p>A vil\u00e1g gazdagabb lett egy szeg\u00e9nnyel.<\/p>\n<p>Mikor v\u00e9gleg v\u00e9ge szakadt az \u00e9jnek,<br \/>\nt\u00e1madt nem k\u00e9t, de sz\u00e1mos j\u00f3 es\u00e9lyed,<\/p>\n<p><!--more-->\u00e9lt\u00e9l vel\u00fck \u00e9s hamar n\u0151tt\u00e9l f\u00f6l\u00e9be<br \/>\nszabott sorsodnak, holnapod bem\u00e9rve.<\/p>\n<p>Hetvenn\u00e9gy \u00e9ves vagy. Elj\u00f6tt a holnap,<br \/>\nmely tegnapel\u0151tt\u00f6t is visszahozhat.<\/p>\n<p>Ha ott, G\u00f6csejben, \u00fajra megsz\u00fcletn\u00e9l,<br \/>\nmanaps\u00e1g m\u00e9g k\u00e9zes\u00e9ly\u0171 se lenn\u00e9l.<\/p>\n<p>Ballada a huny\u00e1szkod\u00f3kr\u00f3l, \u00daJ-K\u00d6NYVBAR\u00c1T KFT.<\/p>\n","protected":false},"excerpt":{"rendered":"<p>Ezerkilencsz\u00e1zharmincnyolc tel\u00e9n megsz\u00fclett\u00e9l. Nem volt nagy esem\u00e9ny. B\u00f6lcs\u0151d k\u00f6r\u00e9 n\u00e9h\u00e1nyan \u00f6sszej\u00f6ttek, latolgatv\u00e1n, hogy mi lesz majd bel\u0151led. A csel\u00e9d-\u00e9let \u00e9s a kan\u00e1szi p\u00e1lya mag\u00e1t j\u00f6v\u0151d\u00fcl k\u00e9nyesen k\u00edn\u00e1lta. Csel\u00e9d? Kan\u00e1sz? Melyik a jobb j\u00f6vend\u0151? Mi lesz a kisleg\u00e9nyb\u0151l, hogyha feln\u0151? \u00cdgy t\u0171n\u0151dtek halkan h\u00fcmm\u00f6gve, m\u00edg a kakas hajnalt nem jelzett kukor\u00edtva, akkor sietve oszladoztak sz\u00e9jjel, s [&hellip;]<\/p>\n","protected":false},"author":1,"featured_media":0,"comment_status":"open","ping_status":"open","sticky":false,"template":"","format":"standard","meta":{"footnotes":""},"categories":[10],"tags":[],"class_list":["post-1841","post","type-post","status-publish","format-standard","hentry","category-kedvencek"],"_links":{"self":[{"href":"https:\/\/gyorgyradnai.eu\/wp-json\/wp\/v2\/posts\/1841","targetHints":{"allow":["GET"]}}],"collection":[{"href":"https:\/\/gyorgyradnai.eu\/wp-json\/wp\/v2\/posts"}],"about":[{"href":"https:\/\/gyorgyradnai.eu\/wp-json\/wp\/v2\/types\/post"}],"author":[{"embeddable":true,"href":"https:\/\/gyorgyradnai.eu\/wp-json\/wp\/v2\/users\/1"}],"replies":[{"embeddable":true,"href":"https:\/\/gyorgyradnai.eu\/wp-json\/wp\/v2\/comments?post=1841"}],"version-history":[{"count":3,"href":"https:\/\/gyorgyradnai.eu\/wp-json\/wp\/v2\/posts\/1841\/revisions"}],"predecessor-version":[{"id":1844,"href":"https:\/\/gyorgyradnai.eu\/wp-json\/wp\/v2\/posts\/1841\/revisions\/1844"}],"wp:attachment":[{"href":"https:\/\/gyorgyradnai.eu\/wp-json\/wp\/v2\/media?parent=1841"}],"wp:term":[{"taxonomy":"category","embeddable":true,"href":"https:\/\/gyorgyradnai.eu\/wp-json\/wp\/v2\/categories?post=1841"},{"taxonomy":"post_tag","embeddable":true,"href":"https:\/\/gyorgyradnai.eu\/wp-json\/wp\/v2\/tags?post=1841"}],"curies":[{"name":"wp","href":"https:\/\/api.w.org\/{rel}","templated":true}]}}