{"id":2025,"date":"2015-08-11T11:23:54","date_gmt":"2015-08-11T10:23:54","guid":{"rendered":"http:\/\/gyorgyradnai.eu\/?p=2025"},"modified":"2015-08-11T11:23:54","modified_gmt":"2015-08-11T10:23:54","slug":"nem-erzem-jol-magam","status":"publish","type":"post","link":"https:\/\/gyorgyradnai.eu\/?p=2025","title":{"rendered":"Nem \u00e9rzem j\u00f3l magam &#8230;"},"content":{"rendered":"<p><span style=\"color: #000000; font-family: Calibri; font-size: medium;\">Nem \u00e9rzem j\u00f3l magam. Itthon. Ebben, \u201e\u2026 e l\u00e1ngokt\u00f3l \u00f6lelt kis orsz\u00e1g\u201d-ban, ahol most nem \u00fczen nekem a bakter; ahol nincs m\u00e1r mes\u00e9l\u0151 sem, aki mes\u00e9ljen nekem, hogy ne sz\u00f6kj\u00f6n r\u00e1m \u201ehirtelen az \u00e9j\u201d; ahol napr\u00f3l napra \u201e\u2026uszulnak r\u00e1nk \u00faj ordas eszm\u00e9k\u2026\u201d; ahonnan \u00fagy hi\u00e1nyzik egy, a val\u00f3din t\u00falmutat\u00f3, igazmond\u00f3 eur\u00f3pai.<\/span><\/p>\n<p>&nbsp;<\/p>\n","protected":false},"excerpt":{"rendered":"<p>Nem \u00e9rzem j\u00f3l magam. Itthon. Ebben, \u201e\u2026 e l\u00e1ngokt\u00f3l \u00f6lelt kis orsz\u00e1g\u201d-ban, ahol most nem \u00fczen nekem a bakter; ahol nincs m\u00e1r mes\u00e9l\u0151 sem, aki mes\u00e9ljen nekem, hogy ne sz\u00f6kj\u00f6n r\u00e1m \u201ehirtelen az \u00e9j\u201d; ahol napr\u00f3l napra \u201e\u2026uszulnak r\u00e1nk \u00faj ordas eszm\u00e9k\u2026\u201d; ahonnan \u00fagy hi\u00e1nyzik egy, a val\u00f3din t\u00falmutat\u00f3, igazmond\u00f3 eur\u00f3pai. &nbsp;<\/p>\n","protected":false},"author":1,"featured_media":0,"comment_status":"open","ping_status":"open","sticky":false,"template":"","format":"aside","meta":{"footnotes":""},"categories":[2],"tags":[],"class_list":["post-2025","post","type-post","status-publish","format-aside","hentry","category-bejegyzes","post_format-post-format-aside"],"_links":{"self":[{"href":"https:\/\/gyorgyradnai.eu\/index.php?rest_route=\/wp\/v2\/posts\/2025","targetHints":{"allow":["GET"]}}],"collection":[{"href":"https:\/\/gyorgyradnai.eu\/index.php?rest_route=\/wp\/v2\/posts"}],"about":[{"href":"https:\/\/gyorgyradnai.eu\/index.php?rest_route=\/wp\/v2\/types\/post"}],"author":[{"embeddable":true,"href":"https:\/\/gyorgyradnai.eu\/index.php?rest_route=\/wp\/v2\/users\/1"}],"replies":[{"embeddable":true,"href":"https:\/\/gyorgyradnai.eu\/index.php?rest_route=%2Fwp%2Fv2%2Fcomments&post=2025"}],"version-history":[{"count":1,"href":"https:\/\/gyorgyradnai.eu\/index.php?rest_route=\/wp\/v2\/posts\/2025\/revisions"}],"predecessor-version":[{"id":2026,"href":"https:\/\/gyorgyradnai.eu\/index.php?rest_route=\/wp\/v2\/posts\/2025\/revisions\/2026"}],"wp:attachment":[{"href":"https:\/\/gyorgyradnai.eu\/index.php?rest_route=%2Fwp%2Fv2%2Fmedia&parent=2025"}],"wp:term":[{"taxonomy":"category","embeddable":true,"href":"https:\/\/gyorgyradnai.eu\/index.php?rest_route=%2Fwp%2Fv2%2Fcategories&post=2025"},{"taxonomy":"post_tag","embeddable":true,"href":"https:\/\/gyorgyradnai.eu\/index.php?rest_route=%2Fwp%2Fv2%2Ftags&post=2025"}],"curies":[{"name":"wp","href":"https:\/\/api.w.org\/{rel}","templated":true}]}}