{"id":2027,"date":"2015-08-12T18:18:32","date_gmt":"2015-08-12T17:18:32","guid":{"rendered":"http:\/\/gyorgyradnai.eu\/?p=2027"},"modified":"2015-08-12T18:18:32","modified_gmt":"2015-08-12T17:18:32","slug":"mi-lesz-most-akkor-mit-csinaljunk","status":"publish","type":"post","link":"https:\/\/gyorgyradnai.eu\/?p=2027","title":{"rendered":"Mi lesz? Most akkor mit csin\u00e1ljunk \u2026"},"content":{"rendered":"<p><iframe loading=\"lazy\" title=\"egyedulnem\" width=\"625\" height=\"469\" src=\"https:\/\/www.youtube.com\/embed\/Uxvajec2VSE?feature=oembed\" frameborder=\"0\" allow=\"accelerometer; autoplay; clipboard-write; encrypted-media; gyroscope; picture-in-picture; web-share\" referrerpolicy=\"strict-origin-when-cross-origin\" allowfullscreen><\/iframe><\/p>\n<p>Mi lesz? \u2013 hangzik el a j\u00f3indulat\u00faan provok\u00e1l\u00f3 k\u00e9rd\u00e9s. Mi lenne \u2013 j\u00f6n r\u00e1 a v\u00e1lasz. Hiszen m\u00e9g mindig ugyan\u00fagy k\u00e9rdez\u00fcnk, ugyan\u00fagy \u00e9s ugyanazt v\u00e1laszoljuk. M\u00e9g mindig ugyanolyan f\u00e1tyol van a szem\u00fcnk el\u0151tt, m\u00e9g mindig ugyanabb\u00f3l a kott\u00e1b\u00f3l j\u00e1tszunk. M\u00e9g mindig azt gondoljuk, hogy majd visszaj\u00f6v\u00fcnk, \u00e9s onnan folytatjuk, ahol abbahagytuk. F\u00f6l sem mer\u00fcl benn\u00fcnk, hogy mi m\u00e1r nem j\u00f6v\u00fcnk, hogy valamit elba@tunk \u00e9s hogy m\u00e1r nem is kell\u00fcnk. El sem gondolkodunk azon \u2013 na, j\u00f3, a v\u00e9c\u00e9n egyed\u00fcl tal\u00e1n \u2013, hogy ami most t\u00f6rt\u00e9nik az orsz\u00e1gban, azt valahol mi ind\u00edtottuk el, vagy legal\u00e1bb is el akartuk ind\u00edtani, meg akartuk csin\u00e1lni. Tal\u00e1n nem \u00edgy, tal\u00e1n nem ennyire dr\u00e1maian \u00e9s f\u00e1jdalmasan, de m\u00e9gis. Hiszen (a demokratikus jogok megnyirb\u00e1l\u00e1s\u00e1r\u00f3l most nem besz\u00e9lek) mi is a \u201ejaj, csak t\u00fal ne l\u00e9pj\u00fck a k\u00f6lts\u00e9gvet\u00e9si hi\u00e1nyt\u201d &#8211; f\u00e9tis l\u00e1z\u00e1lm\u00e1ban \u00e9gt\u00fcnk. Meg ne haladjuk m\u00e1r a b\u0171v\u00f6s \u00e9s mindm\u00e1ig szakmailag t\u00e1madhat\u00f3 3 sz\u00e1zal\u00e9kos hi\u00e1ny m\u00e9rc\u00e9t, amit azt\u00e1n term\u00e9szetesen mindig meghaladtunk, m\u00e1r ahogyan az egy rendes retteg\u0151t\u0151l elv\u00e1rhat\u00f3. H\u00e1t persze, hogy a szoci\u00e1lis, az eg\u00e9szs\u00e9g\u00fcgyi, az oktat\u00e1si kiad\u00e1sok cs\u00f6kkent\u00e9s\u00e9vel pr\u00f3b\u00e1lkoztunk, a k\u00f6lts\u00e9gvet\u00e9s funkcion\u00e1lis \u00e1talak\u00edt\u00e1s\u00e1ban b\u00edztunk; h\u00e1t persze, hogy megszor\u00edt\u00e1sokat alkalmaztunk, hogy csak m\u00e9g egy kicsit, azt\u00e1n majd kin\u0151j\u00fck, \u00e9s akkor kapnak majd az alull\u00e9v\u0151k is. Hogy k\u00f6zben m\u00e1r akkor elkezdtek t\u00f6nkremenni, cs\u0151dbe jutni, munkan\u00e9lk\u00fcliv\u00e9 v\u00e1lni. Folytassam? Hogy csak m\u00e9g egy kis reform, mert mindent reformoknak \u00e1ll\u00edtottunk be: mint ahogyan az ma is t\u00f6rt\u00e9nik. Csak mi majr\u00e9ztunk; csak mi sz\u00e9gyenl\u0151sek voltunk: f\u00e9lt\u00fcnk a k\u00f6vetkezm\u00e9nyekt\u0151l (ami am\u00fagy is bek\u00f6vetkezett, akaratunkon k\u00edv\u00fcl); a m\u00faltt\u00f3l \u00e9s ez\u00e9rt a j\u00f6v\u0151t\u0151l is. Eml\u00e9keztek a vit\u00e1ra: reform-diktat\u00fara kellene, a d\u00e9l amerikai orsz\u00e1gokban ez milyen j\u00f3l \u00e9s gyorsan vezetett eredm\u00e9nyre, Szlov\u00e1kia, Lengyelorsz\u00e1g, mennyi j\u00f3 p\u00e9lda. Pedig n\u00e1luk sem, m\u00e1shol sem; \u00e9s n\u00e1lunk sem fog ez az \u00fat sehova sem vezetni. N\u00e9zz\u00e9tek meg, Orb\u00e1n \u00e9lt a hatalom eszk\u00f6z\u00e9vel, s\u0151t vissza\u00e9lt vele: a hi\u00e1ny lent van, tart\u00f3san lent van; az infl\u00e1ci\u00f3 a m\u00e9lyponton, a kock\u00e1zati fel\u00e1r elviselhet\u0151. Csak k\u00f6zben: hogyan \u00e9l\u00fcnk, miben rem\u00e9nyked\u00fcnk, miben b\u00edzhatunk? Kit\u00e1ntorgott t\u00f6bbsz\u00e1zezer ember, a nyomor, a gyerek\u00e9hez\u00e9s, a kil\u00e1t\u00e1stalans\u00e1g elviselhetetlen.<\/p>\n<p>Mi lesz? \u2013 hangzik el a j\u00f3indulat\u00faan provok\u00e1l\u00f3 k\u00e9rd\u00e9s. Mi lenne \u2013 j\u00f6n r\u00e1 a v\u00e1lasz. Majd \u00f6sszefogunk. Majd tal\u00e1lunk egy karizmatikus vezet\u0151t: Gyurcs\u00e1nyt, T\u00f3bi\u00e1st, esetleg Schiffert? Vagy valaki m\u00e1st, aki k\u00edv\u00fclr\u0151l is tudja \u00e9s f\u00fajja. Akinek j\u00f3 a hangja, akikre a nagymam\u00e1k \u00e9s az unok\u00e1k is \u00f6sszecs\u00fccs\u00f6r\u00edtik a sz\u00e1jukat. Kotta n\u00e9lk\u00fcl is. \u00c9s hol a kotta? T\u00e9nyleg nem kell kotta? T\u00e9nyleg azt gondoljuk, hogy lehet kotta n\u00e9lk\u00fcl? Rutinb\u00f3l, az eddig j\u00e1tszottakb\u00f3l, csak most nem 45-\u00f6s, hanem 78-as fordulaton? Akkor most: komoly vagy k\u00f6nny\u0171zen\u00e9t akarunk j\u00e1tszani! Megl\u00e1tjuk, majd j\u00f6n az mag\u00e1t\u00f3l. Hiszen m\u00e9g azt se (tudjuk) mondjuk, hogy mi a legf\u0151bb baj, hogy mi az eredend\u0151 b\u0171n: a k\u00edgy\u00f3ra m\u00e1r mutogatunk, de hol az alma?! Eml\u00e9kszem, a J\u00f3zsef Attila (!) Gimn\u00e1ziumban az egyik t\u00f6rt\u00e9nelem \u00f3r\u00e1nkra. Palot\u00e1s tan\u00e1r \u00far azt k\u00e9rdezte t\u0151l\u00fcnk: mi\u00e9rt volt eleve hal\u00e1lra \u00edt\u00e9lve a D\u00f3zsa Gy\u00f6rgy-f\u00e9le parasztfelkel\u00e9s. Nem tudtuk a v\u00e1laszt, ahogyan ma se tudjuk. Mert nincsen kott\u00e1nk.<\/p>\n<p>Mi lesz? \u2013 hangzik el a j\u00f3indulat\u00faan provok\u00e1l\u00f3 k\u00e9rd\u00e9s. Mi lenne \u2013 j\u00f6n r\u00e1 a v\u00e1lasz. Megy minden tov\u00e1bb majd, a maga \u00fatj\u00e1n. A diktat\u00far\u00e1k, a fasizmusok \u2013 mert n\u00e1lunk, itt \u00e9s most m\u00e1r az van \u2013 bel\u00fclr\u0151l \u00e9s magukt\u00f3l, csak \u00fagy nem m\u00falnak ki. M\u00e9g \u00e9rnie kell itt mindennek. M\u00e9g kellenek a trag\u00e9di\u00e1k: cig\u00e1ny-gyilkoss\u00e1gok; idegenelleness\u00e9g, gy\u0171l\u00f6letkelt\u00e9s a m\u00e1ss\u00e1g \u00e9s a bev\u00e1ndorl\u00e1s ellen; \u201e\u2026 \u00e1rvas\u00e1g, korai \u00f6regs\u00e9g,\/elmebaj, egyke \u00e9s siv\u00e1r\/b\u0171n, \u00f6ngyilkoss\u00e1g, lelki rests\u00e9g\u2026\u201d. Folytassam? M\u00e9g \u00e9rnie kell: kisvas\u00fat, vizes vb, olimpia, csak merj\u00fcnk nagyokat \u00e1lmodni. Hisz <!--more-->ismerj\u00fck ezt m\u00e1r, nemcsak n\u00e1lunk van ez \u00edgy. Sz\u00f3val: nehezen tanulunk, nehezen \u00e9bred\u00fcnk, midig \u00fajb\u00f3l \u00e9s \u00fajb\u00f3l v\u00e9gig kell menni az \u00faton, r\u00e9szt kell venni a \u201eNagy utaz\u00e1s\u201d-on. \u00c9s nemcsak nek\u00fcnk, a k\u00f6r\u00fcl\u00f6tt\u00fcnk \u00e9l\u0151knek is: Eur\u00f3p\u00e1ban, a vil\u00e1gban, a n\u00e9lk\u00fcl nem megy; vagy ahogyan azt Garas \u00e9s Kern a Ripacsokban mondta: \u201eegyed\u00fcl nem megy\u201d.<\/p>\n<p>\u00c9s addig?<\/p>\n<p>2015. augusztus 12.<\/p>\n","protected":false},"excerpt":{"rendered":"<p>Mi lesz? \u2013 hangzik el a j\u00f3indulat\u00faan provok\u00e1l\u00f3 k\u00e9rd\u00e9s. Mi lenne \u2013 j\u00f6n r\u00e1 a v\u00e1lasz. Hiszen m\u00e9g mindig ugyan\u00fagy k\u00e9rdez\u00fcnk, ugyan\u00fagy \u00e9s ugyanazt v\u00e1laszoljuk. M\u00e9g mindig ugyanolyan f\u00e1tyol van a szem\u00fcnk el\u0151tt, m\u00e9g mindig ugyanabb\u00f3l a kott\u00e1b\u00f3l j\u00e1tszunk. M\u00e9g mindig azt gondoljuk, hogy majd visszaj\u00f6v\u00fcnk, \u00e9s onnan folytatjuk, ahol abbahagytuk. F\u00f6l sem mer\u00fcl benn\u00fcnk, [&hellip;]<\/p>\n","protected":false},"author":1,"featured_media":0,"comment_status":"open","ping_status":"open","sticky":false,"template":"","format":"standard","meta":{"footnotes":""},"categories":[2],"tags":[192],"class_list":["post-2027","post","type-post","status-publish","format-standard","hentry","category-bejegyzes","tag-mi-lesz"],"_links":{"self":[{"href":"https:\/\/gyorgyradnai.eu\/index.php?rest_route=\/wp\/v2\/posts\/2027","targetHints":{"allow":["GET"]}}],"collection":[{"href":"https:\/\/gyorgyradnai.eu\/index.php?rest_route=\/wp\/v2\/posts"}],"about":[{"href":"https:\/\/gyorgyradnai.eu\/index.php?rest_route=\/wp\/v2\/types\/post"}],"author":[{"embeddable":true,"href":"https:\/\/gyorgyradnai.eu\/index.php?rest_route=\/wp\/v2\/users\/1"}],"replies":[{"embeddable":true,"href":"https:\/\/gyorgyradnai.eu\/index.php?rest_route=%2Fwp%2Fv2%2Fcomments&post=2027"}],"version-history":[{"count":1,"href":"https:\/\/gyorgyradnai.eu\/index.php?rest_route=\/wp\/v2\/posts\/2027\/revisions"}],"predecessor-version":[{"id":2028,"href":"https:\/\/gyorgyradnai.eu\/index.php?rest_route=\/wp\/v2\/posts\/2027\/revisions\/2028"}],"wp:attachment":[{"href":"https:\/\/gyorgyradnai.eu\/index.php?rest_route=%2Fwp%2Fv2%2Fmedia&parent=2027"}],"wp:term":[{"taxonomy":"category","embeddable":true,"href":"https:\/\/gyorgyradnai.eu\/index.php?rest_route=%2Fwp%2Fv2%2Fcategories&post=2027"},{"taxonomy":"post_tag","embeddable":true,"href":"https:\/\/gyorgyradnai.eu\/index.php?rest_route=%2Fwp%2Fv2%2Ftags&post=2027"}],"curies":[{"name":"wp","href":"https:\/\/api.w.org\/{rel}","templated":true}]}}