{"id":2035,"date":"2015-08-14T20:34:46","date_gmt":"2015-08-14T19:34:46","guid":{"rendered":"http:\/\/gyorgyradnai.eu\/?p=2035"},"modified":"2015-08-14T20:34:46","modified_gmt":"2015-08-14T19:34:46","slug":"mese-a-berkocsis-utcabol","status":"publish","type":"post","link":"https:\/\/gyorgyradnai.eu\/?p=2035","title":{"rendered":"Mese a B\u00e9rkocsis utc\u00e1b\u00f3l \u2026"},"content":{"rendered":"<p><a href=\"http:\/\/gyorgyradnai.eu\/wp-content\/uploads\/2015\/08\/11899855_1627033867555542_7762909411096329974_n.jpg\"><img loading=\"lazy\" decoding=\"async\" class=\"alignleft size-medium wp-image-2036\" src=\"http:\/\/gyorgyradnai.eu\/wp-content\/uploads\/2015\/08\/11899855_1627033867555542_7762909411096329974_n-300x290.jpg\" alt=\"11899855_1627033867555542_7762909411096329974_n\" width=\"300\" height=\"290\" srcset=\"https:\/\/gyorgyradnai.eu\/wp-content\/uploads\/2015\/08\/11899855_1627033867555542_7762909411096329974_n-300x290.jpg 300w, https:\/\/gyorgyradnai.eu\/wp-content\/uploads\/2015\/08\/11899855_1627033867555542_7762909411096329974_n-624x603.jpg 624w, https:\/\/gyorgyradnai.eu\/wp-content\/uploads\/2015\/08\/11899855_1627033867555542_7762909411096329974_n.jpg 960w\" sizes=\"auto, (max-width: 300px) 100vw, 300px\" \/><\/a>Hol volt, hol nem volt, hetedh\u00e9t orsz\u00e1gon t\u00fal, s\u0151t, m\u00e9g azon is, a nagy tengeren t\u00fal, a kietlen Afganiszt\u00e1nban \u00e9lt egyszer egy fi\u00fa. Csendesen teng\u0151d\u00f6tt \u00e9desanyj\u00e1val, \u00e9desapj\u00e1val \u00e9s testv\u00e9r\u00e9vel a hegyek k\u00f6z\u00f6tt. Nem volt l\u00e9tez\u00e9s\u00fckben semmi k\u00fcl\u00f6n\u00f6s, hacsak az nem, hogy \u2013 t\u00f6bb mint 30 milli\u00f3 afg\u00e1n t\u00e1rsukkal egy\u00fctt \u2013 \u00f6r\u00f6k\u00f6s h\u00e1bor\u00faban kellett \u00e9lni\u00fck. Hol \u00e9szak fel\u00f6l, hol meghat\u00e1rozatlan messzes\u00e9gb\u0151l j\u00f6ttek a g\u00e9pek; volt, amikor csod\u00e1latosan nagyok, volt, amikor eg\u00e9szen kicsik. De a bomb\u00e1k, a bomb\u00e1k, mindig ugyanazt csin\u00e1lt\u00e1k: v\u00e1ratlanul \u00e9s kisz\u00e1m\u00edthatatlanul puszt\u00edtottak mindent, amit \u00e9rtek, hol h\u00e1zat, hol \u201esz\u00f6csk\u00e9t, \u00f6kr\u00f6t, tornyot, szel\u00edd tany\u00e1t\u201d; n\u00e9hol fegyveres \u00e9s fegyvertelen embereket, gyerekeket v\u00e1logat\u00e1s n\u00e9lk\u00fcl. A gyerekek semmit sem \u00e9rtettek, a boldogs\u00e1got csendben m\u00e9rt\u00e9k: egy nap csend, kicsi boldogs\u00e1g; kett\u0151, lehet messzebbre is elk\u00f3borolni; h\u00e1rom nap, m\u00e1r maga a mennyorsz\u00e1g, mert lehetett tal\u00e1lkozni a rokonokkal, szomsz\u00e9dokkal is. Ilyenkor besz\u00e9lgettek, j\u00e1tszadoztak, kergett\u00e9k a labd\u00e1t. Ekkort\u00e1jt egyre t\u00f6bb v\u00e9rt l\u00e1ttak, sebeket, biceg\u0151, egyre szomor\u00fabb embereket. Viszont sokat tanultak: v\u00e9rz\u00e9st el\u00e1ll\u00edtani; sebet mosni, bek\u00f6t\u00f6zni; l\u00e1zat vizes ronggyal csillap\u00edtani. De ezek, a harmadik napok, ezek a p\u00e1ratlan napok egyre ritk\u00e1bbak lettek \u00e9let\u00fckben. \u00c9s tov\u00e1bb romlott a helyzet, m\u00e1r a szomsz\u00e9dok is \u00f6lt\u00e9k egym\u00e1st, m\u00e1r abbamaradtak a l\u00e1togat\u00e1sok is, minden rem\u00e9nytelenn\u00e9 v\u00e1lt. Ap\u00e1t is meg\u00f6lt\u00e9k.<\/p>\n<p>\u00c9s akkor elindultak. Meg akartak \u00e9rkezni. Valahov\u00e1, ahol harmadik napok vannak minden nap. Ahol lehet boldogulni. Mentek hegynek f\u00f6l, v\u00f6lgynek le. Aludtak a f\u00f6ld\u00f6n, az erd\u0151ben. Hozz\u00e1csap\u00f3dtak m\u00e1sokhoz, feln\u0151ttekhez, gyerekekhez, akik ugyan\u00fagy kerest\u00e9k a csendet, ahogyan \u0151k is. Sehol sem fogadt\u00e1k \u0151ket sz\u00edvesen, sehol sem \u00e9rtett\u00e9k \u0151ket, sehol sem mondt\u00e1k nekik, hogy itt megpihenhettek. M\u00e1r ker\u00fclt\u00e9k a tal\u00e1lkoz\u00e1sokat, m\u00e1r ink\u00e1bb csak \u00fattalan utakon haladtak. De a hat\u00e1rokon \u00e1t kellett jutni, \u00e9s az egyikn\u00e9l a fi\u00fa egyed\u00fcl maradt, elvesztette marad\u00e9k csal\u00e1dj\u00e1t is. \u00cdgy jutott el a B\u00e9rkocsis utc\u00e1ba, a VIII. ker\u00fcletbe Budapesten. Be\u00e1llt az \u00f6nk\u00e9ntes konyha el\u0151tt eb\u00e9dre v\u00e1r\u00f3k k\u00f6z\u00e9, amikor egy r\u00e9szeg, hajl\u00e9ktalan t\u00fcrelmetlenn\u00e9 v\u00e1lt \u00e9s belecsapott a konyh\u00e1hoz vezet\u0151 l\u00e9pcs\u0151 tetej\u00e9n l\u00e9v\u0151 \u00fcvegajt\u00f3ba. Az \u00fcveg sz\u00e9tv\u00e1gta a karj\u00e1n az \u00fct\u0151er\u00e9t. Azonnal rengeteg v\u00e9rt vesz\u00edtett, minden v\u00e9rben \u00faszott. Akik ott voltak, teljesen lesokkol\u00f3dtak, egyed\u00fcl a fi\u00fa ugrott oda, az \u00f6v\u00e9vel elk\u00f6tve a f\u00e9rfi karj\u00e1t. \u201e\u00c9n is ember vagyok, \u0150 is <!--more-->ember, bajban volt, tudtam, mit kell tennem, nem gondolkodtam egy pillanatig sem\u201d \u2013 mondta k\u00e9s\u0151bb.<br \/>\nAzt\u00e1n tov\u00e1bb ment keresni a csendet\u2026<\/p>\n<p>2015.augusztus 14.<\/p>\n","protected":false},"excerpt":{"rendered":"<p>Hol volt, hol nem volt, hetedh\u00e9t orsz\u00e1gon t\u00fal, s\u0151t, m\u00e9g azon is, a nagy tengeren t\u00fal, a kietlen Afganiszt\u00e1nban \u00e9lt egyszer egy fi\u00fa. Csendesen teng\u0151d\u00f6tt \u00e9desanyj\u00e1val, \u00e9desapj\u00e1val \u00e9s testv\u00e9r\u00e9vel a hegyek k\u00f6z\u00f6tt. Nem volt l\u00e9tez\u00e9s\u00fckben semmi k\u00fcl\u00f6n\u00f6s, hacsak az nem, hogy \u2013 t\u00f6bb mint 30 milli\u00f3 afg\u00e1n t\u00e1rsukkal egy\u00fctt \u2013 \u00f6r\u00f6k\u00f6s h\u00e1bor\u00faban kellett \u00e9lni\u00fck. Hol [&hellip;]<\/p>\n","protected":false},"author":1,"featured_media":0,"comment_status":"open","ping_status":"open","sticky":false,"template":"","format":"standard","meta":{"footnotes":""},"categories":[2],"tags":[194],"class_list":["post-2035","post","type-post","status-publish","format-standard","hentry","category-bejegyzes","tag-menekult"],"_links":{"self":[{"href":"https:\/\/gyorgyradnai.eu\/index.php?rest_route=\/wp\/v2\/posts\/2035","targetHints":{"allow":["GET"]}}],"collection":[{"href":"https:\/\/gyorgyradnai.eu\/index.php?rest_route=\/wp\/v2\/posts"}],"about":[{"href":"https:\/\/gyorgyradnai.eu\/index.php?rest_route=\/wp\/v2\/types\/post"}],"author":[{"embeddable":true,"href":"https:\/\/gyorgyradnai.eu\/index.php?rest_route=\/wp\/v2\/users\/1"}],"replies":[{"embeddable":true,"href":"https:\/\/gyorgyradnai.eu\/index.php?rest_route=%2Fwp%2Fv2%2Fcomments&post=2035"}],"version-history":[{"count":1,"href":"https:\/\/gyorgyradnai.eu\/index.php?rest_route=\/wp\/v2\/posts\/2035\/revisions"}],"predecessor-version":[{"id":2037,"href":"https:\/\/gyorgyradnai.eu\/index.php?rest_route=\/wp\/v2\/posts\/2035\/revisions\/2037"}],"wp:attachment":[{"href":"https:\/\/gyorgyradnai.eu\/index.php?rest_route=%2Fwp%2Fv2%2Fmedia&parent=2035"}],"wp:term":[{"taxonomy":"category","embeddable":true,"href":"https:\/\/gyorgyradnai.eu\/index.php?rest_route=%2Fwp%2Fv2%2Fcategories&post=2035"},{"taxonomy":"post_tag","embeddable":true,"href":"https:\/\/gyorgyradnai.eu\/index.php?rest_route=%2Fwp%2Fv2%2Ftags&post=2035"}],"curies":[{"name":"wp","href":"https:\/\/api.w.org\/{rel}","templated":true}]}}