{"id":2071,"date":"2015-08-27T19:28:24","date_gmt":"2015-08-27T18:28:24","guid":{"rendered":"http:\/\/gyorgyradnai.eu\/?p=2071"},"modified":"2015-08-31T13:14:53","modified_gmt":"2015-08-31T12:14:53","slug":"atvaltozas","status":"publish","type":"post","link":"https:\/\/gyorgyradnai.eu\/?p=2071","title":{"rendered":"\u00c1tv\u00e1ltoz\u00e1s"},"content":{"rendered":"<p style=\"text-align: right;\"><a href=\"http:\/\/gyorgyradnai.eu\/wp-content\/uploads\/2015\/07\/14788_171513034_big.jpg\"><img loading=\"lazy\" decoding=\"async\" class=\"alignleft size-medium wp-image-1942\" src=\"http:\/\/gyorgyradnai.eu\/wp-content\/uploads\/2015\/07\/14788_171513034_big-300x204.jpg\" alt=\"14788_171513034_big\" width=\"300\" height=\"204\" srcset=\"https:\/\/gyorgyradnai.eu\/wp-content\/uploads\/2015\/07\/14788_171513034_big-300x204.jpg 300w, https:\/\/gyorgyradnai.eu\/wp-content\/uploads\/2015\/07\/14788_171513034_big.jpg 358w\" sizes=\"auto, (max-width: 300px) 100vw, 300px\" \/><\/a><span style=\"color: #000000; font-family: Calibri; font-size: medium;\">\u201eAmikor egy reggel Gregor Samsa nyugtalan \u00e1lm\u00e1b\u00f3l fel\u00e9bredt, sz\u00f6rny\u0171 f\u00e9regg\u00e9 v\u00e1ltozva tal\u00e1lta mag\u00e1t \u00e1gy\u00e1ban.\u201d<\/span><\/p>\n<p>Amikor reggel nyugtalan \u00e1lm\u00e1b\u00f3l hirtelen f\u00f6l\u00e9bredt, szocinak, s\u0151t ami m\u00e9g rosszabb volt sz\u00e1m\u00e1ra, szadeszosnak \u00e9rezte mag\u00e1t. \u0150, aki ott cs\u00e1polt az els\u0151 sorokban minden rendezv\u00e9nyen, ahol Orb\u00e1n Viktor megjelent; aki \u0151rj\u00f6ngve \u00e9s durv\u00e1n, obszc\u00e9n szavakkal utas\u00edtott vissza minden ellenv\u00e9lem\u00e9nyt, r\u00e1galomnak ki\u00e1ltva; aki minden fenntart\u00e1s, fontolgat\u00e1s n\u00e9lk\u00fcl azonnal t\u00e1mogatott minden javaslatot \u2013 legyen az ak\u00e1r \u00c1FA emel\u00e9s, vagy iskolabez\u00e1r\u00e1s, stadion\u00e9p\u00edt\u00e9s \u2013, most eg\u00e9szen m\u00e1sk\u00e9nt l\u00e1tta a vil\u00e1got. \u201eMi a l\u00f3fasz van velem\u201d \u2013 morfond\u00edrozott mag\u00e1ban, \u201eez nem lehet igaz\u201d. De kint m\u00e1r ugattak a kuty\u00e1k, aut\u00f3k is t\u00fclk\u00f6ltek, nem is besz\u00e9lve a chopperj\u00fcket b\u00f6mb\u00f6ltet\u0151 G\u00f3j Motorosokr\u00f3l. \u201ePedig nem is ittam tegnap este\u201d \u2013 folytatta az elm\u00e9lked\u00e9st, \u201ef\u0171 sincs itthon, m\u00e1r r\u00e9gen elfogyott, akkor m\u00e9gis, mi a franc ez?\u201d. Pedig minden olyan j\u00f3l alakult: megbecs\u00fclt, hangad\u00f3 tagja volt egy t\u00e1rsas\u00e1gnak. F\u00e9lszavakb\u00f3l \u00e9rtett\u00e9k egym\u00e1st, amikor az egyik\u00fck belekezdett, a m\u00e1sik m\u00e1r folytatta is; csak kimondt\u00e1k, hogy Gyurcs\u00e1ny \u00e9s m\u00e1r gurgul\u00e1zva, hangosan r\u00f6h\u00f6gtek. Volt egy j\u00e1t\u00e9kuk, a n\u00e9v-j\u00e1t\u00e9k: mondtak egy sz\u00f3t, pl. Noki\u00e1s doboz, \u00e9s p\u00e1ros\u00edtani kellett egy n\u00e9vvel. Liba \u2013 Bajnai; pufajk\u00e1s \u2013 Horn, offshore-lovag \u2013 Simor Andr\u00e1s. Gondolkodni se nagyon kellett. Mindenhov\u00e1 egy\u00fctt mentek, \u00e9s mindig volt mit inniuk is. Kaptak z\u00e1szl\u00f3t, transzparenseket, m\u00e9g rigmusokat is osztottak nekik sz\u00f3r\u00f3lapon. Csak sz\u00f3lnia kellett, hogy kellene egy kis l\u00f3v\u00e9, \u00e9s m\u00e1r h\u00edvt\u00e1k is: hol ide, hol oda. Most meg azt\u00e1n igaz\u00e1n kir\u00e1ly, hogy megj\u00f6ttek ezek a f\u00f6ld\u00f6nfut\u00f3 \u00e1zsiaiak, ez az \u00e9henk\u00f3r\u00e1sz banda, ezek miatt adt\u00e1k nekik a munk\u00e1t. Mindig menni\u00fck kellett valahova tiltakozni: hol egy ideiglenes t\u00e1bor megalak\u00edt\u00e1sa ellen, hol a tranzitok \u00e1ttelep\u00edt\u00e9s\u00e9\u00e9rt, volt, amikor megakad\u00e1lyozt\u00e1k a m\u00e1s sz\u00edn\u0171eknek, hogy bemehessenek egy pressz\u00f3ba k\u00e1v\u00e9t inni, vagy egy kisboltba kaj\u00e1t venni. Csak j\u00f6tt a telefon, \u00e9s m\u00e1r rohantak is: \u0151 j\u00e1rt mindenben el\u0151l. T\u00f6k \u00e1llat az eg\u00e9sz.<br \/>\n\u00c9s most tess\u00e9k. F\u00f6lkel \u00e9s nem \u00e9rti a cs\u00edzi\u00f3t. Az eg\u00e9sz olyan \u00fcres, f\u00f6lfoghatatlan, az agya eg\u00e9szen m\u00e1sra kapcsol, olyan gondolatok keringenek a fej\u00e9ben, hogy sz\u00e9gyenkezik. Sz\u00e9gyenkezik. Ilyen m\u00e9g eddig nem volt. Ilyet m\u00e9g nem \u00e9rzett. \u201eMi van itt, mi t\u00f6rt\u00e9nt\u201d \u2013 sz\u00f3lalt meg megint a hang bel\u00fcl. \u201eHogy ezek a menek\u00fcltek is emberek, nekik is vannak gyerekeik, meg \u00e9lni akarnak, nem meghalni a bomb\u00e1z\u00e1sokban\u201d \u2013 zakatoltak a\u00a0gondolatok a fej\u00e9ben. \u201eItt se akarnak maradni, csak \u00e1tmenni az orsz\u00e1gon\u201d \u2013 s\u00edpolt a k\u00f6vetkez\u0151 mondat, \u201emeg azt\u00e1n, mire j\u00f3 ez a gy\u0171l\u00f6lk\u00f6d\u00e9s, usz\u00edt\u00e1s, ellens\u00e9gesked\u00e9s, sz\u00e1rmazott ebb\u0151l valaha is j\u00f3?\u201d \u2013 birizg\u00e1lta tov\u00e1bb bel\u00fclr\u0151l az \u00fajabb k\u00e9rd\u00e9s. De nem hagyta mag\u00e1t, ler\u00e1zta mag\u00e1r\u00f3l az aggodalmat (hm, aggodalom, ez az \u00e9rz\u00e9s is teljesen \u00faj volt sz\u00e1m\u00e1ra, nem is ismerte eddig). Most m\u00e1r mennie kellett, jelen\u00e9se volt a Keletin\u00e9l. Gyorsan \u00f6sszekapta mag\u00e1t, WC, f\u00fcrd\u0151szoba, reggeli. Bekapcsolta a r\u00e1di\u00f3t. A Klubr\u00e1di\u00f3 ment, Pik\u00f3 besz\u00e9lgetett egy kom\u00e1val. Megd\u00f6bbent a st\u00edlust\u00f3l, a nyugodt, a kiegyens\u00falyozott, az indulatmentes besz\u00e9lget\u00e9st\u0151l. Nem \u00e9rtette: nem ehhez volt szokva, nem ilyen t\u00f3nus\u00fa hanghoz volt szocializ\u00e1lva. Az \u0151 f\u00fcle a sip\u00edt\u00f3, \u00fcv\u00f6lt\u0151, artikul\u00e1latlan ord\u00edtoz\u00e1st \u00e9rtette; elm\u00e9je a m\u00e1sik d\u00f6bbent n\u00e9mas\u00e1g\u00e1t, retteg\u00e9s\u00e9nek a cs\u00f6ndj\u00e9t \u00e9lvezte. Itt meg besz\u00e9lgetnek, n\u00e9ha nevetg\u00e9lnek is, verseket mondanak. \u201eMi van velem?\u201d \u2013 zakkant vissza megint a reggelbe. F\u00f6lr\u00e1ngatta gyorsan mag\u00e1ra a farmert, meg \u201emezt\u00e9ll\u00e1bra\u201d szand\u00e1lj\u00e1t, m\u00e1ra ez is j\u00f3 lesz,\u00a0m\u00e1r csak p\u00f3l\u00f3t kell f\u00f6lvennie. \u00c9s ekkor meg\u00e1llt a keze a leveg\u0151ben, mit vegyen f\u00f6l: a Trianonost, a kem\u00e9nyen buziz\u00f3 kisemberest, a pajeszos zsid\u00f3t eltapos\u00f3st?! A m\u00e1skor oly kedves ruhadarabok mozdulatlanul, mind ott sz\u00e1radtak a sz\u00e9tnyithat\u00f3 sz\u00e1r\u00edt\u00f3n. De most nem ny\u00falt fel\u00e9j\u00fck. Egy egysz\u00edn\u0171 feket\u00e9be b\u00fajt. Lerohant a l\u00e9pcs\u0151n \u00e9s k\u00f6zben el\u0151re k\u00f6sz\u00f6nt a szembej\u00f6v\u0151 szomsz\u00e9dnak. \u201eMit csin\u00e1lok?\u201d \u2013 z\u00fagott a hang megint a f\u00fcl\u00e9ben. Hiszen ez az \u00e1tkosban tagja volt az \u00e1llamp\u00e1rtnak, m\u00e9g ir\u00e1ny\u00edtott is valami \u00e9p\u00edtkez\u00e9st, alig l\u00e1tt\u00e1k a h\u00e1zban, \u00e1lland\u00f3an dolgozott, \u0151 m\u00e9g kisgyerek volt, az\u00e9rt eml\u00e9kszik r\u00e1 ilyen pontosan, mert amikor tal\u00e1lkoztak mindig kapott t\u0151le egy MELBA csokit, azt a t\u00f6lt\u00f6ttet, h\u0171 de finom volt. De a rendszerv\u00e1lt\u00e1s ut\u00e1n m\u00e1r nem fogadta a k\u00f6sz\u00f6n\u00e9s\u00e9t, hi\u00e1ba volt \u00f6regebb. Most meg: el\u0151re k\u00f6sz\u00f6n neki. \u201eMindj\u00e1rt beszarok\u201d \u2013 doboltak megint egyet odabenn. Kifordult a kapun, f\u00f6lugrott a villamosra, most alig voltak rajta, csak egy \u00f6reg, meg egy kisebb csoport fiatal, tal\u00e1n az \u00f6v\u00e9i, vagyis a volt \u00f6v\u00e9i, mindannyian hars\u00e1nyan besz\u00e9ltek, \u00fagy hadartak, hogy m\u00e9g \u0151 se \u00e9rtette. Azt\u00e1n odal\u00e9ptek az \u00f6reghez \u00e9s elkezdt\u00e9k zrik\u00e1lni: n\u00e9zd m\u00e1r, piros nyakkend\u0151je van \u2013 mondta az egyik, \u00e9s milyen h\u00fcly\u00e9n csom\u00f3zta \u2013 folytatta a m\u00e1sik, szerintetek szabad ma Magyarorsz\u00e1gon piros nyakkend\u0151t viselni, ez biztosan egy libcsi szoci \u2013 hangzott el a provokat\u00edv, t\u00e1ncra h\u00edv\u00f3 k\u00e9rd\u00e9s a harmadikt\u00f3l, v\u00e1gjuk le a nyakkend\u0151j\u00e9t. Kor\u00e1bban ilyenkor j\u00f3les\u0151 bizserg\u00e9st \u00e9rzett a hasa alj\u00e1n, elfogta egy vad\u00e1szat el\u0151tti j\u00f3les\u0151 izgalom. De most nem ez t\u00f6rt\u00e9nt, most a gyomr\u00e1ban \u00e9rezte a g\u00f6rcs\u00f6t, a sz\u00e1j\u00e1ban rossz \u00edz\u0171 savasat \u00e9rzett, \u00e9s eg\u00e9sz test\u00e9t el\u00f6nt\u00f6ttre a v\u00edz, \u00e9s megcsapta valami, eddig sohasem tapasztalt szorong\u00e1s. \u201eMi van veled?\u201d \u2013 sz\u00farta mellbe a hang bel\u00fclr\u0151l, \u201ecsak nem fogsz beavatkozni?\u201d. De m\u00e9gis odal\u00e9pett, az \u00f6reg mell\u00e9, megfogta a r\u00e1ncos kez\u00e9t, cs\u00faszott az izzads\u00e1gban, sz\u00e1lljunk itt le, azt hiszem meg\u00e9rkezett. \u00c9s mindketten lesz\u00e1lltak a villamosr\u00f3l. K\u00f6sz\u00f6n\u00f6m, rebegte, nyugd\u00edjb\u00f3l \u00e9lek, ha azt \u00e9letnek lehet nevezni, ki k\u00e9pvisel engem, ki hallgat meg engem, a gyerekek Liverpoolban, any\u00e1val vagyunk otthon, a szomsz\u00e9d csak kiab\u00e1l, neki is meg van a maga baja, \u00e9s most maga seg\u00edtett, vigy\u00e1zzon mag\u00e1ra \u2013 intett b\u00facs\u00fat \u00e9s elcsoszogott. Innen m\u00e1r sim\u00e1n eljutott a Keletihez. Az ismer\u0151s k\u00e9p fogadta, amit m\u00e1r t\u00f6bbsz\u00f6r l\u00e1tott, amikor itt j\u00e1rt. Csak most m\u00e9g t\u00f6bben voltak. \u00c9s most nem \u00fagy n\u00e9ztek ki. \u201eVagy \u00e9n nem l\u00e1tom olyannak \u0151ket?\u201d \u2013 most meg provok\u00e1lta \u0151t a hang. Ezek is emberek: f\u00e9rfiak, n\u0151k, kisfi\u00fak \u00e9s l\u00e1nyok, akik ugyan\u00fagy \u00e9lni akarnak, mint \u0151. \u201eAkkor meg mi a franc bajod volt eddig vel\u00fck\u201d \u2013 m\u00e1r megint az a hang. Nem tudott v\u00e1laszolni mag\u00e1nak, eddig ez a k\u00e9rd\u00e9s nem foglalkoztatta, minden vil\u00e1gos volt: elfogadta, amit mondtak neki, csin\u00e1lta, amit aj\u00e1nlottak neki, hitte, mint sokan m\u00e1sok is, hiszen ezzel nem volt gond. Te \u2013 sz\u00f3l\u00edtotta meg valaki, te szand\u00e1los, te is muszlim orsz\u00e1gb\u00f3l j\u00f6tt\u00e9l, m\u00e9rt nem maradsz nyugton otthon a seggeden, m\u00e9rt tolod ide a pof\u00e1d, te v\u00e1ndormad\u00e1r-nulla, hozod ide be a sok nyavaly\u00e1t meg v\u00edrust, takarodj az orsz\u00e1gunkb\u00f3l <!--more-->\u2013 \u00fcv\u00f6lt\u00f6tte m\u00e1r ki mag\u00e1b\u00f3l a sok szennyet, hergelve a k\u00f6r\u00fcl\u00f6tte \u00e1ll\u00f3kat is. \u201eNa, kellett ez neked?\u201d \u2013 sz\u00f3l\u00edtotta meg \u00fajb\u00f3l a hang. F\u00f6lemelte a fej\u00e9t, r\u00e1n\u00e9zett az \u00fcv\u00f6lt\u00f6z\u0151re, k\u00f6rbepillantott a b\u00e1m\u00e9szkod\u00f3kra, \u00e9s halkan, de \u00e9rthet\u0151en azt mondta: de nagy marha vagy.<br \/>\n\u00c9s m\u00e1r \u00fct\u00f6tt\u00e9k is \u2026<\/p>\n<p>2015. augusztus 27.<\/p>\n","protected":false},"excerpt":{"rendered":"<p>\u201eAmikor egy reggel Gregor Samsa nyugtalan \u00e1lm\u00e1b\u00f3l fel\u00e9bredt, sz\u00f6rny\u0171 f\u00e9regg\u00e9 v\u00e1ltozva tal\u00e1lta mag\u00e1t \u00e1gy\u00e1ban.\u201d Amikor reggel nyugtalan \u00e1lm\u00e1b\u00f3l hirtelen f\u00f6l\u00e9bredt, szocinak, s\u0151t ami m\u00e9g rosszabb volt sz\u00e1m\u00e1ra, szadeszosnak \u00e9rezte mag\u00e1t. \u0150, aki ott cs\u00e1polt az els\u0151 sorokban minden rendezv\u00e9nyen, ahol Orb\u00e1n Viktor megjelent; aki \u0151rj\u00f6ngve \u00e9s durv\u00e1n, obszc\u00e9n szavakkal utas\u00edtott vissza minden ellenv\u00e9lem\u00e9nyt, r\u00e1galomnak ki\u00e1ltva; [&hellip;]<\/p>\n","protected":false},"author":1,"featured_media":0,"comment_status":"open","ping_status":"open","sticky":false,"template":"","format":"standard","meta":{"footnotes":""},"categories":[2],"tags":[203],"class_list":["post-2071","post","type-post","status-publish","format-standard","hentry","category-bejegyzes","tag-kafka"],"_links":{"self":[{"href":"https:\/\/gyorgyradnai.eu\/index.php?rest_route=\/wp\/v2\/posts\/2071","targetHints":{"allow":["GET"]}}],"collection":[{"href":"https:\/\/gyorgyradnai.eu\/index.php?rest_route=\/wp\/v2\/posts"}],"about":[{"href":"https:\/\/gyorgyradnai.eu\/index.php?rest_route=\/wp\/v2\/types\/post"}],"author":[{"embeddable":true,"href":"https:\/\/gyorgyradnai.eu\/index.php?rest_route=\/wp\/v2\/users\/1"}],"replies":[{"embeddable":true,"href":"https:\/\/gyorgyradnai.eu\/index.php?rest_route=%2Fwp%2Fv2%2Fcomments&post=2071"}],"version-history":[{"count":6,"href":"https:\/\/gyorgyradnai.eu\/index.php?rest_route=\/wp\/v2\/posts\/2071\/revisions"}],"predecessor-version":[{"id":2089,"href":"https:\/\/gyorgyradnai.eu\/index.php?rest_route=\/wp\/v2\/posts\/2071\/revisions\/2089"}],"wp:attachment":[{"href":"https:\/\/gyorgyradnai.eu\/index.php?rest_route=%2Fwp%2Fv2%2Fmedia&parent=2071"}],"wp:term":[{"taxonomy":"category","embeddable":true,"href":"https:\/\/gyorgyradnai.eu\/index.php?rest_route=%2Fwp%2Fv2%2Fcategories&post=2071"},{"taxonomy":"post_tag","embeddable":true,"href":"https:\/\/gyorgyradnai.eu\/index.php?rest_route=%2Fwp%2Fv2%2Ftags&post=2071"}],"curies":[{"name":"wp","href":"https:\/\/api.w.org\/{rel}","templated":true}]}}