{"id":2077,"date":"2015-08-28T14:50:22","date_gmt":"2015-08-28T13:50:22","guid":{"rendered":"http:\/\/gyorgyradnai.eu\/?p=2077"},"modified":"2015-08-28T14:50:22","modified_gmt":"2015-08-28T13:50:22","slug":"kepzeletbeli-telefon-beszelgetes-ami-nem-tortenhet-meg-mert-viktor-nem-hivja-sandort","status":"publish","type":"post","link":"https:\/\/gyorgyradnai.eu\/?p=2077","title":{"rendered":"K\u00e9pzeletbeli telefon-besz\u00e9lget\u00e9s, ami nem t\u00f6rt\u00e9nhet meg, mert Viktor nem h\u00edvja S\u00e1ndort\u2026"},"content":{"rendered":"<p><a href=\"http:\/\/gyorgyradnai.eu\/wp-content\/uploads\/2015\/08\/10454-szechenyi-bal-1421353060.jpg\"><img loading=\"lazy\" decoding=\"async\" class=\"alignleft size-medium wp-image-2078\" src=\"http:\/\/gyorgyradnai.eu\/wp-content\/uploads\/2015\/08\/10454-szechenyi-bal-1421353060-300x200.jpg\" alt=\"10454-szechenyi-bal-1421353060\" width=\"300\" height=\"200\" srcset=\"https:\/\/gyorgyradnai.eu\/wp-content\/uploads\/2015\/08\/10454-szechenyi-bal-1421353060-300x200.jpg 300w, https:\/\/gyorgyradnai.eu\/wp-content\/uploads\/2015\/08\/10454-szechenyi-bal-1421353060-624x415.jpg 624w, https:\/\/gyorgyradnai.eu\/wp-content\/uploads\/2015\/08\/10454-szechenyi-bal-1421353060.jpg 700w\" sizes=\"auto, (max-width: 300px) 100vw, 300px\" \/><\/a>&#8211; Viktor vagyok<br \/>\n&#8211; S\u00e1ndor<br \/>\n&#8211; t\u00e9nyleg nem j\u00f6ssz vacsor\u00e1zni?<br \/>\n&#8211; t\u00e9nyleg<br \/>\n&#8211; mindenki ott lesz, aki sz\u00e1m\u00edt<br \/>\n&#8211; nem mindenki<br \/>\n&#8211; j\u00f3 lesz a kaja<br \/>\n&#8211; biztos<br \/>\n&#8211; fontos lenne nekem, hogy ott legy\u00e9l<br \/>\n&#8211; nekem, hogy ne legyek<br \/>\n&#8211; szeretn\u00e9m, ha mindenki l\u00e1tn\u00e1, hogy Te is ott vagy az asztalomn\u00e1l<br \/>\n&#8211; \u00e9n meg azt szeretn\u00e9m, hogy l\u00e1ss\u00e1k: nem vagyok ott<br \/>\n&#8211; azt\u00e1n mi\u00e9rt nem j\u00f6ssz?<br \/>\n&#8211; m\u00e9g k\u00e9rded?<br \/>\n&#8211; k\u00e9rdem<br \/>\n&#8211; mert eddig semmit sem k\u00e9rdezt\u00e9l, csak v\u00e1laszolt\u00e1l<br \/>\n&#8211; de most k\u00e9rdezlek<br \/>\n&#8211; ez a v\u00e1laszom<br \/>\n&#8211; ezt \u00e9n nem fogadom el, ilyet nekem nem lehet v\u00e1laszolni<br \/>\n&#8211; Te nem v\u00e1laszt v\u00e1rsz, hanem beh\u00f3dol\u00e1st, mert semmire \u00e9s senkire nem vagy k\u00edv\u00e1ncsi<br \/>\n&#8211; pedig ez a vacsora m\u00e1ra m\u00e1r egy sz\u00e9p hagyom\u00e1nny\u00e1 lett<br \/>\n&#8211; \u00e9ppen ez az, azt akarod el\u00e9rni, hogy mindenki \u00fagy gondolja: \u201eez most m\u00e1r \u00edgy marad, ebben <!--more-->kell berendezkedn\u00fcnk\u201d, \u00e9n meg ezt nem akarom<br \/>\n&#8211; hm, sz\u00f3ltak, hogy n\u00e9zessek r\u00e1 a sz\u00e1ml\u00e1idra megint<br \/>\n&#8211; n\u00e9zess<br \/>\n2015. augusztus 28.<\/p>\n","protected":false},"excerpt":{"rendered":"<p>&#8211; Viktor vagyok &#8211; S\u00e1ndor &#8211; t\u00e9nyleg nem j\u00f6ssz vacsor\u00e1zni? &#8211; t\u00e9nyleg &#8211; mindenki ott lesz, aki sz\u00e1m\u00edt &#8211; nem mindenki &#8211; j\u00f3 lesz a kaja &#8211; biztos &#8211; fontos lenne nekem, hogy ott legy\u00e9l &#8211; nekem, hogy ne legyek &#8211; szeretn\u00e9m, ha mindenki l\u00e1tn\u00e1, hogy Te is ott vagy az asztalomn\u00e1l &#8211; \u00e9n meg [&hellip;]<\/p>\n","protected":false},"author":1,"featured_media":0,"comment_status":"open","ping_status":"open","sticky":false,"template":"","format":"standard","meta":{"footnotes":""},"categories":[2],"tags":[202],"class_list":["post-2077","post","type-post","status-publish","format-standard","hentry","category-bejegyzes","tag-vacsora"],"_links":{"self":[{"href":"https:\/\/gyorgyradnai.eu\/index.php?rest_route=\/wp\/v2\/posts\/2077","targetHints":{"allow":["GET"]}}],"collection":[{"href":"https:\/\/gyorgyradnai.eu\/index.php?rest_route=\/wp\/v2\/posts"}],"about":[{"href":"https:\/\/gyorgyradnai.eu\/index.php?rest_route=\/wp\/v2\/types\/post"}],"author":[{"embeddable":true,"href":"https:\/\/gyorgyradnai.eu\/index.php?rest_route=\/wp\/v2\/users\/1"}],"replies":[{"embeddable":true,"href":"https:\/\/gyorgyradnai.eu\/index.php?rest_route=%2Fwp%2Fv2%2Fcomments&post=2077"}],"version-history":[{"count":1,"href":"https:\/\/gyorgyradnai.eu\/index.php?rest_route=\/wp\/v2\/posts\/2077\/revisions"}],"predecessor-version":[{"id":2079,"href":"https:\/\/gyorgyradnai.eu\/index.php?rest_route=\/wp\/v2\/posts\/2077\/revisions\/2079"}],"wp:attachment":[{"href":"https:\/\/gyorgyradnai.eu\/index.php?rest_route=%2Fwp%2Fv2%2Fmedia&parent=2077"}],"wp:term":[{"taxonomy":"category","embeddable":true,"href":"https:\/\/gyorgyradnai.eu\/index.php?rest_route=%2Fwp%2Fv2%2Fcategories&post=2077"},{"taxonomy":"post_tag","embeddable":true,"href":"https:\/\/gyorgyradnai.eu\/index.php?rest_route=%2Fwp%2Fv2%2Ftags&post=2077"}],"curies":[{"name":"wp","href":"https:\/\/api.w.org\/{rel}","templated":true}]}}