{"id":2093,"date":"2015-09-02T14:05:30","date_gmt":"2015-09-02T13:05:30","guid":{"rendered":"http:\/\/gyorgyradnai.eu\/?p=2093"},"modified":"2015-09-02T14:05:30","modified_gmt":"2015-09-02T13:05:30","slug":"kinek-az-ugye-az-enyem-is","status":"publish","type":"post","link":"https:\/\/gyorgyradnai.eu\/?p=2093","title":{"rendered":"Kinek az \u00fcgye, az eny\u00e9m is \u2026"},"content":{"rendered":"<p><a href=\"http:\/\/gyorgyradnai.eu\/wp-content\/uploads\/2015\/09\/orwell1.jpeg\"><img loading=\"lazy\" decoding=\"async\" class=\"alignleft size-medium wp-image-2094\" src=\"http:\/\/gyorgyradnai.eu\/wp-content\/uploads\/2015\/09\/orwell1-300x141.jpeg\" alt=\"orwell1\" width=\"300\" height=\"141\" srcset=\"https:\/\/gyorgyradnai.eu\/wp-content\/uploads\/2015\/09\/orwell1-300x141.jpeg 300w, https:\/\/gyorgyradnai.eu\/wp-content\/uploads\/2015\/09\/orwell1.jpeg 327w\" sizes=\"auto, (max-width: 300px) 100vw, 300px\" \/><\/a>1. A politikus<br \/>\nF\u00f6lh\u00edvtam. \u0150 visszah\u00edvott. Egy j\u00f3t besz\u00e9lgett\u00fcnk. Mondtam: agg\u00f3dom. Csin\u00e1lni akarok valamit. Tenni. Mag\u00e1nyosan lehetne, de \u00e9rtelmetlen. Innen, egy jobboldali kisv\u00e1rosb\u00f3l, pl\u00e1ne. Csak szervezetten lenne valamif\u00e9le es\u00e9ly. Az elm\u00falt \u00e9vekben mindig hagytuk: az emberek alaptalan meghurcol\u00e1s\u00e1t, az Alkotm\u00e1ny, az Alkotm\u00e1nyb\u00edr\u00f3s\u00e1g, az \u00c1SZ sz\u00e9tver\u00e9s\u00e9t; az \u00dcgy\u00e9szs\u00e9g \u00e9s m\u00e1s f\u00fcggetlen int\u00e9zm\u00e9ny bedar\u00e1l\u00e1s\u00e1t; \u00e1llami vezet\u0151k, tiszts\u00e9gvisel\u0151k, szakemberek, b\u00edr\u00e1k, tan\u00e1rok, orvosok, \u00e1pol\u00f3k, rend-v\u00e9delmisek megal\u00e1z\u00e1s\u00e1t; a f\u00f6ld-, \u00e9s a trafik mutyit; a lop\u00e1sok t\u00f6rv\u00e9nyes\u00edt\u00e9s\u00e9t; az \u00e1rokpartra l\u00f6k\u00f6tt emberek sz\u00e1zezreit; mindent, ami fontos. Egyszer sem l\u00e9pt\u00fcnk. Most megint helyzet van. Most ne hagyjuk.<br \/>\nAz adott keretek k\u00f6z\u00f6tt lehet csak mozogni \u2013 mondta, azok meg nem teszik lehet\u0151v\u00e9. Nincs mozg\u00e1st\u00e9r. A politika be van z\u00e1rva. Tehetetlenek vagyunk. Tal\u00e1n a civilek. Nekik egyszer\u0171bb, szabadabb. Tal\u00e1n majd \u0151k. B\u00e1r \u0151k se igaz\u00e1n.<br \/>\nEzek a keretek nem M\u00f3zes t\u00f6rv\u00e9nyei \u2013 feleltem, nem k\u0151bev\u00e9settek, ugyan nem mi csin\u00e1ltuk, de mi, ak\u00e1r meg is szeghetj\u00fck, meg is v\u00e1ltoztathatjuk. Ezek nem j\u00f3 keretek, ezek nem az \u00e9n, a mi kereteink. Ezek nem engedik, hogy v\u00e9lem\u00e9nyem legyen, hogy kifejezzem a v\u00e9lem\u00e9nyemet, hogy f\u00f6ll\u00e9pjek a v\u00e9lem\u00e9nyem \u00e9rdek\u00e9ben. \u00c9s most meg m\u00e9g j\u00f6n az \u00faj csodafegyver is, a \u201eT\u00f6meges bev\u00e1ndorl\u00e1s okozta v\u00e1ls\u00e1ghelyzet\u201d kihirdet\u00e9se, a b\u00fajtatott sz\u00fcks\u00e9g\u00e1llapot bevezet\u00e9se. Ami a marad\u00e9k emberi ki\u00e1ll\u00e1st is lehetetlenn\u00e9 teszi majd, mert \u00fagy k\u00f6r\u00fclb\u00e1sty\u00e1zz\u00e1k diktat\u00f3rikus t\u00f6rv\u00e9nyekkel.<br \/>\nIgazad van \u2013 v\u00e1laszolta, de meg van k\u00f6tve a kez\u00fcnk.<br \/>\nLegal\u00e1bb a h\u00e1tt\u00e9rben induljon el valami \u2013 pr\u00f3b\u00e1lkoztam m\u00e9g egyszer, kezdjetek el, kezdj\u00fcnk el gondolkodni, bemutatni, hogy a menek\u00fcltek seg\u00edteni is tudn\u00e1nak, ha mi is seg\u00edten\u00e9nk nekik, hogy van m\u00e1s \u00fat is, hogy \u201ede \u00e9lnek dolgoz\u00f3k itt, k\u00f6lt\u0151k is b\u0171ntelen,\/\u00e9s csecsszop\u00f3k, akikben megn\u0151 az \u00e9rtelem\u2026\u201d.<br \/>\n\u00c9n is sz\u00edvesen r\u00e9szt venn\u00e9k ilyen besz\u00e9lget\u00e9sen \u2013 j\u00f6tt a lez\u00e1r\u00f3 v\u00e1lasz.<br \/>\nHa h\u00edvn\u00e1tok, menn\u00e9k \u2013 mondtam m\u00e9g halkan. Azt\u00e1n elk\u00f6sz\u00f6nt\u00fcnk. \u0150 legal\u00e1bb visszah\u00edvott.<\/p>\n<p>2. Az \u00f6nkorm\u00e1nyzati k\u00e9pvisel\u0151<br \/>\nF\u00f6lh\u00edvott. Hogy megvolt a k\u00f6zgy\u0171l\u00e9s. Persze, hogy elfogadt\u00e1k. Egyed\u00fcl \u0150 szavazott ellene. M\u00e9g a m\u00e1sik ellenz\u00e9ki is megszavazta. Pedig el\u0151tte azt mondta, hogy legal\u00e1bb tart\u00f3zkodni fog. M\u00e9gis. Sz\u00f3t se kapott, hogy megindokolja a nem szavazat\u00e1t.<br \/>\nNyugtatgattam, hogy erre sz\u00e1m\u00edtottunk. Hiszen itt csak egy egyszer\u0171 kilakoltat\u00e1si d\u00f6nt\u00e9sr\u0151l volt sz\u00f3. Az meg a Fideszeseket meg a Jobbikosokat hidegen hagyja. Hogy a v\u00e1laszt\u00e1sok \u00f3ta egyre nehezebb v\u00e9lem\u00e9nyt nyilv\u00e1n\u00edtani. Hogy most az a feladat, hogy megmutassa: van m\u00e1s v\u00e9lem\u00e9ny is. Azt\u00e1n ez majd k\u00e9s\u0151bb be\u00e9rik.<br \/>\nDe \u00e9n ezt nem biztos, hogy bev\u00e1rom \u2013 mondta a telefonba, \u00e9n, aki egy konfliktusker\u00fcl\u0151 alkat vagyok, \u00e9n ker\u00fcl\u00f6k ilyen helyzetbe. Nem ezt \u00edgy nem lehet.<br \/>\nDe legal\u00e1bb benn vagy \u2013 j\u00f6tt a v\u00e1laszom, ez egy f\u00f3rum, megsz\u00f3lal\u00e1si lehet\u0151s\u00e9g, \u00e9lni kell vele, kihaszn\u00e1lni. Enn\u00e9l egyre rosszabb lesz csak, az orsz\u00e1gos egyre gyorsabban legy\u0171r\u0171zik, ez ellen csak az \u00f6n\u00e1ll\u00f3 hang jelenthet ellen\u00e1ll\u00e1st.<br \/>\nLehet \u2013 j\u00f6tt az ellenvet\u00e9s, de a hangja m\u00e1st sugallt.<\/p>\n<p>3. Riporterek<br \/>\nElindult. V\u00e9gre \u00fczemel. Mindenki n\u00e9zheti. S\u0151t n\u00e9zze is: az M4 sportcsatorn\u00e1t. Azt hiszi majd, sportot l\u00e1t. Azt hiszi, v\u00e9gre sz\u00f3rakozik majd. Azt hiszi, hogy felh\u0151tlen\u00fcl \u00f6r\u00fclhet a magyar sikereknek. Meg a j\u00f3 meccseknek. Meg a vil\u00e1gcs\u00facsoknak. Meg a sport diadal\u00e1nak, e felett a kurva vil\u00e1g felett. Nem kell majd kapcsolgatnia, nem kell majd keresg\u00e9lnie. Itt mindent megkap, ami szem sz\u00e1jnak ingere.<br \/>\nAzt\u00e1n elkezdi n\u00e9zni. Gyan\u00fatlanul. Naivan. A k\u00e9peket l\u00e1tja, a k\u00fczdelmet l\u00e1tja, a g\u00f3lokat l\u00e1tja, m\u00e9g azt is: ki nyert \u00e9s ki vesz\u00edtett, ki volt a jobb \u00e9s mennyivel.<br \/>\nCsak a hang. Az zavar\u00f3. \u201eLegal\u00e1bb a rom\u00e1nokat gy\u0151zz\u00fck le\u201d, \u201eezt az \u00f6sszj\u00e1t\u00e9kot m\u00e1r a Barcelona se tudja\u201d, \u201eszerezz\u00fcnk \u00f6r\u00f6met a minisztereln\u00f6k \u00farnak\u201d, \u201eebben is mi vagyunk a legjobbak\u201d. Meg az \u00e1lland\u00f3 h\u00edrek. Meg az \u00e1lland\u00f3 rekl\u00e1mok: Magyarorsz\u00e1g m\u0171k\u00f6dik.<\/p>\n<p>4. Egy magyar kiv\u00e1ndorl\u00f3 apuk\u00e1ja<br \/>\n\u0150 nem h\u00edvott f\u00f6l. Eddig rejtette az arc\u00e1t. Al\u00e1mer\u00fclt. H\u00e1ton fekve \u00faszott az \u00e1rral. Pihent. Kiv\u00e1rt. Persze, ha ad\u00f3dott, \u00e9lt a lehet\u0151s\u00e9gekkel. Term\u00e9szetesen figyelt, ha kellett, m\u00e1r id\u0151nk\u00e9nt el\u0151bukkant. Most m\u00e1r egyre kev\u00e9sb\u00e9 titkolja az \u00e9rz\u00e9seit, a gondolatait, a vil\u00e1gn\u00e9zet\u00e9t. Hogy hova tartozik, mi az, amivel egyet\u00e9rt; \u00e9s mi az, amit gy\u0171l\u00f6l. Mert tud gy\u0171l\u00f6lni. S\u0151t, igaz\u00e1n azt tud. Csak eddig nem lehetett.<br \/>\n\u00c9s most v\u00e9gre megjelenhetett. Most v\u00e9gre \u00e1tszakadt a g\u00e1t. Most m\u00e1r szabad. Megtal\u00e1lta az \u00f6v\u00e9it, akik seg\u00edtettek \u00e9s seg\u00edtenek neki kimondani, amit gondolt kor\u00e1bban, \u00e9s amit most v\u00e9gre v\u00e1llalhat is.<br \/>\nL\u00e1nya, veje, unok\u00e1ja m\u00e1r kiv\u00e1ndoroltak. Mert itthon nem tudtak tov\u00e1bb meg\u00e9lni. Mert nem voltak cs\u00f3kosok. Mert nem volt kapcsolatuk a Fidesz gazdas\u00e1gi lobby-magj\u00e1hoz. Van ilyen. A mai sz\u00f3haszn\u00e1lattal \u00e9lve (e)migr\u00e1nsok, idegenek, betolakod\u00f3k lettek, akik a befogad\u00f3 szigetorsz\u00e1g kult\u00far\u00e1j\u00e1b\u00f3l kil\u00f3gnak. De befogadt\u00e1k \u0151ket. \u00c9lnek.<br \/>\nDe ez \u201eh\u0151s\u00fcnket\u201d nem \u00e9rdekli, tal\u00e1n nem is \u00e9rti. \u0150 itthon van otthon: ebben az egyre \u00f6rv\u00e9nyl\u0151bb sodr\u00e1sban. Ahol m\u00e1r azt mondhat, amit csak akar, hogy Hitler l\u00e1ger\u00e9ben legal\u00e1bb rend volt. De <!--more-->majd lesz itt is! Itt ki\u00e1lthatja vil\u00e1gba: \u201dEgy sor feny\u0151, egy sor, f\u0171z, egy sor migr\u00e1ns, egy sort\u0171z\u201d \u00e1llatiass\u00e1g\u00e1t. De nincs igazam: az \u00e1llatok nem ilyenek.<br \/>\nElj\u00f6tt az \u0150 ideje\u2026<\/p>\n<p>2015. szeptember 2.<\/p>\n","protected":false},"excerpt":{"rendered":"<p>1. A politikus F\u00f6lh\u00edvtam. \u0150 visszah\u00edvott. Egy j\u00f3t besz\u00e9lgett\u00fcnk. Mondtam: agg\u00f3dom. Csin\u00e1lni akarok valamit. Tenni. Mag\u00e1nyosan lehetne, de \u00e9rtelmetlen. Innen, egy jobboldali kisv\u00e1rosb\u00f3l, pl\u00e1ne. Csak szervezetten lenne valamif\u00e9le es\u00e9ly. Az elm\u00falt \u00e9vekben mindig hagytuk: az emberek alaptalan meghurcol\u00e1s\u00e1t, az Alkotm\u00e1ny, az Alkotm\u00e1nyb\u00edr\u00f3s\u00e1g, az \u00c1SZ sz\u00e9tver\u00e9s\u00e9t; az \u00dcgy\u00e9szs\u00e9g \u00e9s m\u00e1s f\u00fcggetlen int\u00e9zm\u00e9ny bedar\u00e1l\u00e1s\u00e1t; \u00e1llami vezet\u0151k, tiszts\u00e9gvisel\u0151k, [&hellip;]<\/p>\n","protected":false},"author":1,"featured_media":0,"comment_status":"open","ping_status":"open","sticky":false,"template":"","format":"standard","meta":{"footnotes":""},"categories":[2],"tags":[206],"class_list":["post-2093","post","type-post","status-publish","format-standard","hentry","category-bejegyzes","tag-nem-az-en-ugyem"],"_links":{"self":[{"href":"https:\/\/gyorgyradnai.eu\/index.php?rest_route=\/wp\/v2\/posts\/2093","targetHints":{"allow":["GET"]}}],"collection":[{"href":"https:\/\/gyorgyradnai.eu\/index.php?rest_route=\/wp\/v2\/posts"}],"about":[{"href":"https:\/\/gyorgyradnai.eu\/index.php?rest_route=\/wp\/v2\/types\/post"}],"author":[{"embeddable":true,"href":"https:\/\/gyorgyradnai.eu\/index.php?rest_route=\/wp\/v2\/users\/1"}],"replies":[{"embeddable":true,"href":"https:\/\/gyorgyradnai.eu\/index.php?rest_route=%2Fwp%2Fv2%2Fcomments&post=2093"}],"version-history":[{"count":1,"href":"https:\/\/gyorgyradnai.eu\/index.php?rest_route=\/wp\/v2\/posts\/2093\/revisions"}],"predecessor-version":[{"id":2095,"href":"https:\/\/gyorgyradnai.eu\/index.php?rest_route=\/wp\/v2\/posts\/2093\/revisions\/2095"}],"wp:attachment":[{"href":"https:\/\/gyorgyradnai.eu\/index.php?rest_route=%2Fwp%2Fv2%2Fmedia&parent=2093"}],"wp:term":[{"taxonomy":"category","embeddable":true,"href":"https:\/\/gyorgyradnai.eu\/index.php?rest_route=%2Fwp%2Fv2%2Fcategories&post=2093"},{"taxonomy":"post_tag","embeddable":true,"href":"https:\/\/gyorgyradnai.eu\/index.php?rest_route=%2Fwp%2Fv2%2Ftags&post=2093"}],"curies":[{"name":"wp","href":"https:\/\/api.w.org\/{rel}","templated":true}]}}