{"id":2099,"date":"2015-09-03T13:03:29","date_gmt":"2015-09-03T12:03:29","guid":{"rendered":"http:\/\/gyorgyradnai.eu\/?p=2099"},"modified":"2015-09-03T13:03:29","modified_gmt":"2015-09-03T12:03:29","slug":"hat-aztan","status":"publish","type":"post","link":"https:\/\/gyorgyradnai.eu\/?p=2099","title":{"rendered":"H\u00e1t azt\u00e1n&#8230;"},"content":{"rendered":"<p><a href=\"http:\/\/gyorgyradnai.eu\/wp-content\/uploads\/2015\/09\/orban_viktor.jpg\"><img loading=\"lazy\" decoding=\"async\" class=\"alignleft size-medium wp-image-2097\" src=\"http:\/\/gyorgyradnai.eu\/wp-content\/uploads\/2015\/09\/orban_viktor-300x167.jpg\" alt=\"orban_viktor\" width=\"300\" height=\"167\" srcset=\"https:\/\/gyorgyradnai.eu\/wp-content\/uploads\/2015\/09\/orban_viktor-300x167.jpg 300w, https:\/\/gyorgyradnai.eu\/wp-content\/uploads\/2015\/09\/orban_viktor.jpg 360w\" sizes=\"auto, (max-width: 300px) 100vw, 300px\" \/><\/a>Te, V gy\u0171l\u00f6li a muszlimokat<br \/>\nNemcsak \u0151<\/p>\n<p>Tranzitba akarja z\u00e1rni \u0151ket<br \/>\nNemcsak \u0151<\/p>\n<p>Megal\u00e1zza \u0151ket<br \/>\nNemcsak \u0151ket<\/p>\n<p>Nem ad nekik semmit<br \/>\nNemcsak nekik<\/p>\n<p>Csak szab\u00e1lyozni akar<br \/>\nNemcsak \u0151<\/p>\n<p>Regisztr\u00e1lni t\u00f6rekszik<br \/>\nNemcsak \u0151ket<\/p>\n<p>Becsapja \u0151ket<br \/>\nNemcsak \u0151ket<\/p>\n<p>Te, V gy\u0171l\u00f6li a muszlimokat<br \/>\nNemcsak \u0151<\/p>\n<p>Az idegeneket is<br \/>\nNemcsak \u0150<\/p>\n<p>A cig\u00e1nyokat is<br \/>\nNemcsak \u0150<\/p>\n<p>A balosokat is<br \/>\nNemcsak \u0150<\/p>\n<p>A liber\u00e1lisokat is<br \/>\nNemcsak \u0150<\/p>\n<p>A m\u00e1sk\u00e9nt gondolkod\u00f3kat is<br \/>\nNemcsak \u0150<\/p>\n<p>Most v\u00e1ls\u00e1ghelyzet lesz<br \/>\nM\u00e1r van<\/p>\n<p>Mi lesz ennek a v\u00e9ge<br \/>\nNincs v\u00e9ge\u2026<br \/>\n<!--more-->2015. szeptember 3.<\/p>\n","protected":false},"excerpt":{"rendered":"<p>Te, V gy\u0171l\u00f6li a muszlimokat Nemcsak \u0151 Tranzitba akarja z\u00e1rni \u0151ket Nemcsak \u0151 Megal\u00e1zza \u0151ket Nemcsak \u0151ket Nem ad nekik semmit Nemcsak nekik Csak szab\u00e1lyozni akar Nemcsak \u0151 Regisztr\u00e1lni t\u00f6rekszik Nemcsak \u0151ket Becsapja \u0151ket Nemcsak \u0151ket Te, V gy\u0171l\u00f6li a muszlimokat Nemcsak \u0151 Az idegeneket is Nemcsak \u0150 A cig\u00e1nyokat is Nemcsak \u0150 A balosokat [&hellip;]<\/p>\n","protected":false},"author":1,"featured_media":0,"comment_status":"open","ping_status":"open","sticky":false,"template":"","format":"standard","meta":{"footnotes":""},"categories":[2],"tags":[207],"class_list":["post-2099","post","type-post","status-publish","format-standard","hentry","category-bejegyzes","tag-hat-aztan"],"_links":{"self":[{"href":"https:\/\/gyorgyradnai.eu\/index.php?rest_route=\/wp\/v2\/posts\/2099","targetHints":{"allow":["GET"]}}],"collection":[{"href":"https:\/\/gyorgyradnai.eu\/index.php?rest_route=\/wp\/v2\/posts"}],"about":[{"href":"https:\/\/gyorgyradnai.eu\/index.php?rest_route=\/wp\/v2\/types\/post"}],"author":[{"embeddable":true,"href":"https:\/\/gyorgyradnai.eu\/index.php?rest_route=\/wp\/v2\/users\/1"}],"replies":[{"embeddable":true,"href":"https:\/\/gyorgyradnai.eu\/index.php?rest_route=%2Fwp%2Fv2%2Fcomments&post=2099"}],"version-history":[{"count":1,"href":"https:\/\/gyorgyradnai.eu\/index.php?rest_route=\/wp\/v2\/posts\/2099\/revisions"}],"predecessor-version":[{"id":2100,"href":"https:\/\/gyorgyradnai.eu\/index.php?rest_route=\/wp\/v2\/posts\/2099\/revisions\/2100"}],"wp:attachment":[{"href":"https:\/\/gyorgyradnai.eu\/index.php?rest_route=%2Fwp%2Fv2%2Fmedia&parent=2099"}],"wp:term":[{"taxonomy":"category","embeddable":true,"href":"https:\/\/gyorgyradnai.eu\/index.php?rest_route=%2Fwp%2Fv2%2Fcategories&post=2099"},{"taxonomy":"post_tag","embeddable":true,"href":"https:\/\/gyorgyradnai.eu\/index.php?rest_route=%2Fwp%2Fv2%2Ftags&post=2099"}],"curies":[{"name":"wp","href":"https:\/\/api.w.org\/{rel}","templated":true}]}}