{"id":2102,"date":"2015-09-04T21:26:22","date_gmt":"2015-09-04T20:26:22","guid":{"rendered":"http:\/\/gyorgyradnai.eu\/?p=2102"},"modified":"2015-09-05T07:34:16","modified_gmt":"2015-09-05T06:34:16","slug":"emberseg","status":"publish","type":"post","link":"https:\/\/gyorgyradnai.eu\/?p=2102","title":{"rendered":"Embers\u00e9g"},"content":{"rendered":"<p style=\"text-align: right;\"><a href=\"http:\/\/gyorgyradnai.eu\/wp-content\/uploads\/2015\/08\/11885116_917339648302813_4859290224205952366_o.jpg\"><img loading=\"lazy\" decoding=\"async\" class=\"alignleft size-medium wp-image-2081\" src=\"http:\/\/gyorgyradnai.eu\/wp-content\/uploads\/2015\/08\/11885116_917339648302813_4859290224205952366_o-300x207.jpg\" alt=\"11885116_917339648302813_4859290224205952366_o\" width=\"300\" height=\"207\" srcset=\"https:\/\/gyorgyradnai.eu\/wp-content\/uploads\/2015\/08\/11885116_917339648302813_4859290224205952366_o-300x207.jpg 300w, https:\/\/gyorgyradnai.eu\/wp-content\/uploads\/2015\/08\/11885116_917339648302813_4859290224205952366_o-1024x706.jpg 1024w, https:\/\/gyorgyradnai.eu\/wp-content\/uploads\/2015\/08\/11885116_917339648302813_4859290224205952366_o-624x430.jpg 624w, https:\/\/gyorgyradnai.eu\/wp-content\/uploads\/2015\/08\/11885116_917339648302813_4859290224205952366_o.jpg 1293w\" sizes=\"auto, (max-width: 300px) 100vw, 300px\" \/><\/a>\u201eAz ember addig ember, am\u00edg<br \/>\nnem veszti el a j\u00f6v\u0151je feletti uralm\u00e1t\u201d<br \/>\nIsmeretlen szerz\u0151<\/p>\n<p>Sz\u00edri\u00e1b\u00f3l, Afganiszt\u00e1nb\u00f3l, Pakiszt\u00e1nb\u00f3l \u00e9s m\u00e9g sz\u00e1mos m\u00e1s orsz\u00e1gb\u00f3l, emberek milli\u00f3i indultak el. S\u00e9r\u00fclt emberek, menek\u00fcl\u0151k. Nagyany\u00e1k, nagyap\u00e1k, ap\u00e1k, any\u00e1k, leend\u0151 any\u00e1k, gyerekek, csecsszop\u00f3k: mentik \u00e9let\u00fcket. Egy szebb, boldogabb j\u00f6v\u0151 rem\u00e9ny\u00e9ben keltek \u00fatra: hegyen-v\u00f6lgy\u00f6n, tengereken, \u00e1rkon-bokron kereszt\u00fcl meneteltek \u00e9s menetelnek. V\u00e1llalt\u00e1k, elindultak \u00e9s eljutottak m\u00e1r valahov\u00e1. Vannak, akik m\u00e1r meg\u00e9rkeztek, vannak, akik m\u00e9g nem. \u00c9s vannak, akik m\u00e9g csak most indulnak. \u0150k emberek, mert nem vesztett\u00e9k el a j\u00f6v\u0151j\u00fck feletti uralmukat!<\/p>\n<p>\u00c9s \u00e9l\u00fcnk, mi is itt, \u201ee l\u00e1ngokt\u00f3l \u00f6lelt kis orsz\u00e1g\u201d-ban. Itthon nincs h\u00e1bor\u00fa, nincs bomb\u00e1z\u00e1s, mi vajon meg\u0151rizt\u00fck uralmunkat a j\u00f6v\u0151nk felett?<\/p>\n<p><!--more-->2015. szeptember 4.<\/p>\n","protected":false},"excerpt":{"rendered":"<p>\u201eAz ember addig ember, am\u00edg nem veszti el a j\u00f6v\u0151je feletti uralm\u00e1t\u201d Ismeretlen szerz\u0151 Sz\u00edri\u00e1b\u00f3l, Afganiszt\u00e1nb\u00f3l, Pakiszt\u00e1nb\u00f3l \u00e9s m\u00e9g sz\u00e1mos m\u00e1s orsz\u00e1gb\u00f3l, emberek milli\u00f3i indultak el. S\u00e9r\u00fclt emberek, menek\u00fcl\u0151k. Nagyany\u00e1k, nagyap\u00e1k, ap\u00e1k, any\u00e1k, leend\u0151 any\u00e1k, gyerekek, csecsszop\u00f3k: mentik \u00e9let\u00fcket. Egy szebb, boldogabb j\u00f6v\u0151 rem\u00e9ny\u00e9ben keltek \u00fatra: hegyen-v\u00f6lgy\u00f6n, tengereken, \u00e1rkon-bokron kereszt\u00fcl meneteltek \u00e9s menetelnek. V\u00e1llalt\u00e1k, elindultak [&hellip;]<\/p>\n","protected":false},"author":1,"featured_media":0,"comment_status":"open","ping_status":"open","sticky":false,"template":"","format":"standard","meta":{"footnotes":""},"categories":[2],"tags":[208],"class_list":["post-2102","post","type-post","status-publish","format-standard","hentry","category-bejegyzes","tag-emberseg"],"_links":{"self":[{"href":"https:\/\/gyorgyradnai.eu\/index.php?rest_route=\/wp\/v2\/posts\/2102","targetHints":{"allow":["GET"]}}],"collection":[{"href":"https:\/\/gyorgyradnai.eu\/index.php?rest_route=\/wp\/v2\/posts"}],"about":[{"href":"https:\/\/gyorgyradnai.eu\/index.php?rest_route=\/wp\/v2\/types\/post"}],"author":[{"embeddable":true,"href":"https:\/\/gyorgyradnai.eu\/index.php?rest_route=\/wp\/v2\/users\/1"}],"replies":[{"embeddable":true,"href":"https:\/\/gyorgyradnai.eu\/index.php?rest_route=%2Fwp%2Fv2%2Fcomments&post=2102"}],"version-history":[{"count":2,"href":"https:\/\/gyorgyradnai.eu\/index.php?rest_route=\/wp\/v2\/posts\/2102\/revisions"}],"predecessor-version":[{"id":2104,"href":"https:\/\/gyorgyradnai.eu\/index.php?rest_route=\/wp\/v2\/posts\/2102\/revisions\/2104"}],"wp:attachment":[{"href":"https:\/\/gyorgyradnai.eu\/index.php?rest_route=%2Fwp%2Fv2%2Fmedia&parent=2102"}],"wp:term":[{"taxonomy":"category","embeddable":true,"href":"https:\/\/gyorgyradnai.eu\/index.php?rest_route=%2Fwp%2Fv2%2Fcategories&post=2102"},{"taxonomy":"post_tag","embeddable":true,"href":"https:\/\/gyorgyradnai.eu\/index.php?rest_route=%2Fwp%2Fv2%2Ftags&post=2102"}],"curies":[{"name":"wp","href":"https:\/\/api.w.org\/{rel}","templated":true}]}}