{"id":2106,"date":"2015-09-06T06:34:59","date_gmt":"2015-09-06T05:34:59","guid":{"rendered":"http:\/\/gyorgyradnai.eu\/?p=2106"},"modified":"2015-09-06T06:34:59","modified_gmt":"2015-09-06T05:34:59","slug":"es-akkor-elindultak","status":"publish","type":"post","link":"https:\/\/gyorgyradnai.eu\/?p=2106","title":{"rendered":"\u00c9s akkor elindultak"},"content":{"rendered":"<p><img loading=\"lazy\" decoding=\"async\" class=\"alignnone\" src=\"http:\/\/img.444.hu\/keletiultra2-760x506.jpg\" alt=\"\" width=\"760\" height=\"506\" \/>I.<br \/>\nM\u00e1r \u00f6t napja voltunk ott. El\u0151tte h\u00e1rom hetet j\u00f6tt\u00fcnk. Azt gondoltuk, most m\u00e1r k\u00f6nnyebb lesz. Ha nem is k\u00f6nnyebb, de legal\u00e1bb egyszer\u0171bb. Ez m\u00e1r m\u00e9giscsak egy Uni\u00f3s orsz\u00e1g. Ez m\u00e9giscsak egy Eur\u00f3pa k\u00f6zep\u00e9n l\u00e9v\u0151 orsz\u00e1g. Innen m\u00e1r csak egy ugr\u00e1s N\u00e9metorsz\u00e1g. Hiszen megmondtuk: nem akarunk itt maradni, tov\u00e1bb akarunk menni.<\/p>\n<p>M\u00e1r \u00f6t napja voltunk ott. A Keleti p\u00e1lyaudvaron. Minden nap azzal indult, hogy majd ma, ma biztos megy\u00fcnk. Hiszen m\u00e1r a jegyeink is megvannak. \u00c9s akkor egyszer csak nem indultak vonatok, egyszer csak kizavartak benn\u00fcnket a rend\u0151r\u00f6k a peronokr\u00f3l, egyszer csak rend\u0151r\u00f6k \u00e1llt\u00e1k el a bej\u00e1ratokat, egyszer csak azt mondt\u00e1k, el\u0151bb be kell menni a t\u00e1borba, hogy: \u00edgy ez nem fog menni.<\/p>\n<p>M\u00e1r \u00f6t napja voltunk ott. M\u00e9g szerencse, hogy nagyon hamar \u00e9s sok ismeretlen magyar ember is megjelent, akik MIATTUNK j\u00f6ttek, akik csak MIATTUNK j\u00f6ttek oda, k\u00f6z\u00e9nk. Volt, aki \u201ecsak\u201d vel\u00fcnk volt; voltak, akik ennival\u00f3t, innival\u00f3t, tiszt\u00e1lkodni val\u00f3t hoztak, meg takar\u00f3kat. Volt, aki a gyerek\u00e9vel j\u00f6tt \u00e9s j\u00e1tszott a mieinkkel, rajzolgattak, dob\u00e1lt\u00e1k a labd\u00e1t. Volt, aki \u00e9nekelt is nek\u00fcnk, meg nyugtatgatott, biztatgatott. De mi: tov\u00e1bb akartunk menni.<\/p>\n<p>M\u00e1r \u00f6t napja voltunk ott. Egyre t\u00f6bb kamera, mikrofon, parabol\u00e1s aut\u00f3 jelent meg a k\u00f6zelben. Inform\u00e1l\u00f3dtak, k\u00e9rdezgettek, riportot k\u00e9rtek t\u0151l\u00fcnk. Nem tudtuk, mit mondjunk, csak egy fi\u00fa volt k\u00f6z\u00f6tt\u00fcnk, aki megsz\u00f3lalt: \u201eK\u00e9rem, seg\u00edtsetek a sz\u00edreknek. Vessetek v\u00e9get a h\u00e1bor\u00fanak. A sz\u00edrek nem akarnak Eur\u00f3p\u00e1ban maradni, csak annyit, hogy v\u00e9ge legyen a h\u00e1bor\u00fanak. A rend\u0151r\u00f6k minket nem szeretnek Szerbi\u00e1ban, Magyarorsz\u00e1gon, Maced\u00f3ni\u00e1ban, G\u00f6r\u00f6gorsz\u00e1gban\u201d.<\/p>\n<p>M\u00e1r \u00f6t napja voltunk ott. Kiszolg\u00e1ltatottan, megal\u00e1zottan, rem\u00e9nytelen\u00fcl. Mindenf\u00e9le mendemonda, pletyka terjedt k\u00f6zt\u00fcnk, hogy a magyar minisztereln\u00f6k k\u00e9nyszer\u00edteni akar benn\u00fcnket, hogy nagyon sokan a pokolba k\u00edv\u00e1nnak minket, hogy n\u0151 a fesz\u00fclts\u00e9g miattunk, \u00e9rezt\u00fck: fogy a leveg\u0151 k\u00f6r\u00f6tt\u00fcnk. Menni akartunk!<\/p>\n<p>M\u00e1r \u00f6t napja voltunk ott. \u00c9s akkor, mert nem volt m\u00e1s v\u00e1laszt\u00e1sunk, gyalog \u00fajra nekiv\u00e1gtunk: elindultunk!<\/p>\n<p>II.<br \/>\nM\u00e1r csak \u00f6t \u00f3ra! \u00c9s kezd\u0151dik a mocskos ol\u00e1hok ellen a meccs. Most adunk a pof\u00e1jukba. M\u00e1r r\u00e9g\u00f3ta j\u00e1rna nekik. Erd\u00e9ly\u00e9rt. Trianon\u00e9rt. Az ott ragadt magyarok, sz\u00e9kelyek meghurcol\u00e1s\u00e1\u00e9rt. A rohadt anyjukba, nem tisztelnek azok semmit. De most majd megkapj\u00e1k!<\/p>\n<p>M\u00e1r csak \u00f6t \u00f3ra! Mindenki ott lesz, aki sz\u00e1m\u00edt: megmozdul Kispest, Di\u00f3sgy\u0151r, \u00dajpest, az \u00dcll\u0151i \u00fat, m\u00e9g Felcs\u00fatr\u00f3l is j\u00f6nnek a fi\u00fak! Feket\u00e9ben lesz\u00fcnk. F\u00e9ljenek csak a szarh\u00e1ziak! Fekete p\u00f3l\u00f3, fekete nadr\u00e1g, arcv\u00e9d\u0151, piros-feh\u00e9r-z\u00f6ld s\u00e1l. T\u00f6k\u00e9letes lesz. Lesz n\u00e1lunk minden, ami a balh\u00e9hoz kell. M\u00e1r j\u00f3l bev\u00e1s\u00e1roltunk.<\/p>\n<p>M\u00e1r csak \u00f6t \u00f3ra! M\u00e1r gy\u00fclekez\u00fcnk. Ment a riad\u00f3l\u00e1nc, j\u00f6ttek a visszajelz\u00e9sek, ki-mit hoz, honnan j\u00f6n, hogy vonulunk v\u00e9gig a v\u00e1roson. Ki, hol kezdi, mivel kezdj\u00fck. A koreogr\u00e1fia is k\u00e9sz van: a Keletin\u00e9l kezdj\u00fck, ahol az a sok b\u00fcd\u00f6s, buzi arab van, k\u00f6z\u00e9j\u00fck baszunk majd egy pet\u00e1rd\u00e1t is, tal\u00e1n elkapunk valakit k\u00f6z\u00fcl\u00fck. Mi a fasznak j\u00f6ttek ide, ki h\u00edvta \u0151ket, h\u00fazzanak haza a pics\u00e1ba. Csak terjesztik k\u00f6z\u00f6tt\u00fcnk a k\u00f3rt, meg le akarnak rohanni minket. A sok h\u00fclye zsid\u00f3-libcsi meg tapsol nekik. J\u00f3l fejbe kell \u0151ket verni, a Dun\u00e1ba vel\u00fck. Nem is \u00e9rtem: m\u00e9rt nem int\u00e9zkedtek m\u00e1r az okosok, ahogy a G\u00e1bor mondta. Meg kell v\u00e9den\u00fcnk magunkat, nincs mese.<\/p>\n<p>M\u00e1r csak \u00f6t \u00f3ra! A rend\u0151r\u00f6k is megsz\u00edvj\u00e1k majd. A h\u00fclye barom Pint\u00e9r, azt hiszi, minden adu n\u00e1la van, h\u00e1t a nagypalifasz\u00e1t! Majd megmutatjuk neki is: ki van adva a parancs: mindent szabad. Alig v\u00e1rom m\u00e1r. Eddig visszavonultunk, t\u00e1rgyaltunk, m\u00e9gis csak eddig vel\u00fck voltunk. De mi a francnak \u00e9p\u00edtettek annyi \u00faj stadiont, j\u00f3k voltak azok \u00fagy is, ahogy voltak: csak mi j\u00e1rtunk ki eddig is, most is. \u00cdgy meg bel\u00e9ptetnek, mi a francnak. De most visszaadunk mindent!<\/p>\n<p>M\u00e1r csak \u00f6t \u00f3ra! Indulunk.<\/p>\n<p><!--more-->2015. szeptember 5.<\/p>\n","protected":false},"excerpt":{"rendered":"<p>I. M\u00e1r \u00f6t napja voltunk ott. El\u0151tte h\u00e1rom hetet j\u00f6tt\u00fcnk. Azt gondoltuk, most m\u00e1r k\u00f6nnyebb lesz. Ha nem is k\u00f6nnyebb, de legal\u00e1bb egyszer\u0171bb. Ez m\u00e1r m\u00e9giscsak egy Uni\u00f3s orsz\u00e1g. Ez m\u00e9giscsak egy Eur\u00f3pa k\u00f6zep\u00e9n l\u00e9v\u0151 orsz\u00e1g. Innen m\u00e1r csak egy ugr\u00e1s N\u00e9metorsz\u00e1g. Hiszen megmondtuk: nem akarunk itt maradni, tov\u00e1bb akarunk menni. M\u00e1r \u00f6t napja voltunk [&hellip;]<\/p>\n","protected":false},"author":1,"featured_media":0,"comment_status":"open","ping_status":"open","sticky":false,"template":"","format":"standard","meta":{"footnotes":""},"categories":[2],"tags":[209],"class_list":["post-2106","post","type-post","status-publish","format-standard","hentry","category-bejegyzes","tag-ultrak-menekuetek"],"_links":{"self":[{"href":"https:\/\/gyorgyradnai.eu\/index.php?rest_route=\/wp\/v2\/posts\/2106","targetHints":{"allow":["GET"]}}],"collection":[{"href":"https:\/\/gyorgyradnai.eu\/index.php?rest_route=\/wp\/v2\/posts"}],"about":[{"href":"https:\/\/gyorgyradnai.eu\/index.php?rest_route=\/wp\/v2\/types\/post"}],"author":[{"embeddable":true,"href":"https:\/\/gyorgyradnai.eu\/index.php?rest_route=\/wp\/v2\/users\/1"}],"replies":[{"embeddable":true,"href":"https:\/\/gyorgyradnai.eu\/index.php?rest_route=%2Fwp%2Fv2%2Fcomments&post=2106"}],"version-history":[{"count":1,"href":"https:\/\/gyorgyradnai.eu\/index.php?rest_route=\/wp\/v2\/posts\/2106\/revisions"}],"predecessor-version":[{"id":2107,"href":"https:\/\/gyorgyradnai.eu\/index.php?rest_route=\/wp\/v2\/posts\/2106\/revisions\/2107"}],"wp:attachment":[{"href":"https:\/\/gyorgyradnai.eu\/index.php?rest_route=%2Fwp%2Fv2%2Fmedia&parent=2106"}],"wp:term":[{"taxonomy":"category","embeddable":true,"href":"https:\/\/gyorgyradnai.eu\/index.php?rest_route=%2Fwp%2Fv2%2Fcategories&post=2106"},{"taxonomy":"post_tag","embeddable":true,"href":"https:\/\/gyorgyradnai.eu\/index.php?rest_route=%2Fwp%2Fv2%2Ftags&post=2106"}],"curies":[{"name":"wp","href":"https:\/\/api.w.org\/{rel}","templated":true}]}}