{"id":2160,"date":"2015-09-23T15:11:45","date_gmt":"2015-09-23T14:11:45","guid":{"rendered":"http:\/\/gyorgyradnai.eu\/?p=2160"},"modified":"2015-09-23T15:27:35","modified_gmt":"2015-09-23T14:27:35","slug":"filozofiak","status":"publish","type":"post","link":"https:\/\/gyorgyradnai.eu\/?p=2160","title":{"rendered":"Filoz\u00f3fi\u00e1k"},"content":{"rendered":"<p><img loading=\"lazy\" decoding=\"async\" class=\"alignnone\" src=\"http:\/\/www.vopus.org\/hu\/images\/articles\/mente-y-meditacion.jpg\" alt=\"\" width=\"268\" height=\"400\" \/><\/p>\n<p style=\"text-align: left;\">Any\u00e1m azt mondta: tiszteld a m\u00e1sik embert, \u00e9s \u00e9n tisztelem \u00e9s nem f\u00e9lek t\u0151le.<br \/>\n<em>Neki azt mondt\u00e1k a sz\u00fclei, a m\u00e1ss\u00e1gt\u00f3l f\u00e9lni kell, \u00e9s \u0151 f\u00e9l \u00e9s gy\u0171l\u00f6l.<\/em><br \/>\nEngem arra tan\u00edtott az \u00e9let\u00e9vel az ap\u00e1m, hogy seg\u00edtsem az elesetteket, \u00e9s \u00e9n seg\u00edtem<br \/>\n<em>Neki azt mondt\u00e1k, hogy az elesett tehet r\u00f3la, ez\u00e9rt \u0151 \u00e1tn\u00e9z rajtuk.<\/em><br \/>\n\u00c9n azt tanultam a tan\u00e1raimt\u00f3l, hogy besz\u00e9ljem meg, \u00e9s \u00e9n megbesz\u00e9lem.<br \/>\n<em>Neki azt mondt\u00e1k, hogy az er\u0151sebbnek van igaza, ez\u00e9rt \u0151 el\u0151sz\u00f6r mindig \u00fct<\/em>.<br \/>\n\u00c9n mindig b\u00edztam benned, s Te sohasem csapt\u00e1l be.<br \/>\n<em>\u0150 \u00e1lland\u00f3 bizalmatlans\u00e1gban \u00e9lt, mindig be is csapt\u00e1k<\/em>.<br \/>\nMindent kritik\u00e1val fogadtam, keveset is csalatkoztam.<br \/>\n<em>\u0150 alig v\u00e1rta a parancsot, a v\u00e9g\u00e9n mindig vesztes lett<\/em>.<br \/>\nAmikor j\u00f6ttek a menek\u00fcltek, nem hittem el, hogy meg akarnak sz\u00e1llni minket.<br \/>\n<em>Amikor j\u00f6ttek az emigr\u00e1nsok, falakat \u00e9p\u00edtett, \u00e9s m\u00e9gis j\u00f6ttek<\/em>.<br \/>\nAmikor azt mondta Orb\u00e1n Viktor, hogy r\u00e1nk t\u00f6rt\u00e9k az ajt\u00f3t, \u00e9n Br\u00f3dy J\u00e1nossal v\u00e1laszoltam neki.<br \/>\n<em>Amikor \u0151 meghallotta, hogy r\u00e1nk t\u00f6rt\u00e9k az ajt\u00f3t, azonnal pillang\u00f3k\u00e9st r\u00e1ntott<\/em>.<br \/>\n<strong>Amikor \u00e9n azt mondtam, hogy a \u201esz\u00f3 vesz\u00e9lyes fegyver\u201d, \u0151 a pof\u00e1mba nevetett \u00e9s megv\u00e1ltoztatta az alapt\u00f6rv\u00e9nyt<\/strong>\u2026<\/p>\n<p>ui: Egy \u00e1ltal\u00e1nos iskol\u00e1s pillang\u00f3k\u00e9st tartott az oszt\u00e1lyt\u00e1rsa tork\u00e1hoz, \u00e9s lebev\u00e1ndorl\u00f3zta a ny\u00e1ri t\u00e1borban<\/p>\n<p style=\"text-align: left;\"><!--more--><\/p>\n<p style=\"text-align: left;\">2015. szeptember 23.<\/p>\n","protected":false},"excerpt":{"rendered":"<p>Any\u00e1m azt mondta: tiszteld a m\u00e1sik embert, \u00e9s \u00e9n tisztelem \u00e9s nem f\u00e9lek t\u0151le. Neki azt mondt\u00e1k a sz\u00fclei, a m\u00e1ss\u00e1gt\u00f3l f\u00e9lni kell, \u00e9s \u0151 f\u00e9l \u00e9s gy\u0171l\u00f6l. Engem arra tan\u00edtott az \u00e9let\u00e9vel az ap\u00e1m, hogy seg\u00edtsem az elesetteket, \u00e9s \u00e9n seg\u00edtem Neki azt mondt\u00e1k, hogy az elesett tehet r\u00f3la, ez\u00e9rt \u0151 \u00e1tn\u00e9z rajtuk. \u00c9n [&hellip;]<\/p>\n","protected":false},"author":1,"featured_media":0,"comment_status":"open","ping_status":"open","sticky":false,"template":"","format":"standard","meta":{"footnotes":""},"categories":[2],"tags":[],"class_list":["post-2160","post","type-post","status-publish","format-standard","hentry","category-bejegyzes"],"_links":{"self":[{"href":"https:\/\/gyorgyradnai.eu\/index.php?rest_route=\/wp\/v2\/posts\/2160","targetHints":{"allow":["GET"]}}],"collection":[{"href":"https:\/\/gyorgyradnai.eu\/index.php?rest_route=\/wp\/v2\/posts"}],"about":[{"href":"https:\/\/gyorgyradnai.eu\/index.php?rest_route=\/wp\/v2\/types\/post"}],"author":[{"embeddable":true,"href":"https:\/\/gyorgyradnai.eu\/index.php?rest_route=\/wp\/v2\/users\/1"}],"replies":[{"embeddable":true,"href":"https:\/\/gyorgyradnai.eu\/index.php?rest_route=%2Fwp%2Fv2%2Fcomments&post=2160"}],"version-history":[{"count":2,"href":"https:\/\/gyorgyradnai.eu\/index.php?rest_route=\/wp\/v2\/posts\/2160\/revisions"}],"predecessor-version":[{"id":2162,"href":"https:\/\/gyorgyradnai.eu\/index.php?rest_route=\/wp\/v2\/posts\/2160\/revisions\/2162"}],"wp:attachment":[{"href":"https:\/\/gyorgyradnai.eu\/index.php?rest_route=%2Fwp%2Fv2%2Fmedia&parent=2160"}],"wp:term":[{"taxonomy":"category","embeddable":true,"href":"https:\/\/gyorgyradnai.eu\/index.php?rest_route=%2Fwp%2Fv2%2Fcategories&post=2160"},{"taxonomy":"post_tag","embeddable":true,"href":"https:\/\/gyorgyradnai.eu\/index.php?rest_route=%2Fwp%2Fv2%2Ftags&post=2160"}],"curies":[{"name":"wp","href":"https:\/\/api.w.org\/{rel}","templated":true}]}}