{"id":2190,"date":"2015-10-02T17:20:44","date_gmt":"2015-10-02T16:20:44","guid":{"rendered":"http:\/\/gyorgyradnai.eu\/?p=2190"},"modified":"2015-10-02T17:20:44","modified_gmt":"2015-10-02T16:20:44","slug":"a-facebookon","status":"publish","type":"post","link":"https:\/\/gyorgyradnai.eu\/?p=2190","title":{"rendered":"A FACEBOOKON&#8230;"},"content":{"rendered":"<p><img loading=\"lazy\" decoding=\"async\" class=\"alignnone\" src=\"http:\/\/facebook.habana.hu\/wp-content\/uploads\/2010\/04\/facebook_regisztracio_03.jpg\" alt=\"\" width=\"1035\" height=\"585\" \/>A Facebook egy saj\u00e1tos, \u00e1ltalad torz\u00edtott t\u00fck\u00f6r-napl\u00f3. Benne vagy te, a vil\u00e1god, a szeretteid, a bar\u00e1taid \u00e9s a k\u00edv\u00fcl\u00e1ll\u00f3k; \u00e9rz\u00e9seid \u00e9s gondolataid; fajdalmaid \u00e9s \u00f6r\u00f6meid. \u00c9s benne van a k\u00fcls\u0151 vil\u00e1g is, amiben l\u00e9tezel: ami hat r\u00e1d, ami kivet vagy befogad, ami seg\u00edt vagy elg\u00e1ncsol, ami enged vagy k\u00e9nyszer\u00edt. \u00c9rdemes \u2013 \u00fajb\u00f3l \u00e9s \u00fajb\u00f3l \u2013 visszan\u00e9zni, visszaolvasni \u00e9s \u00fajragondolni az elm\u00falt \u00e9veket!<br \/>\nMegtettem.<br \/>\nB\u00e1r ne tettem volna!<br \/>\nOlvasgatom a bejegyz\u00e9seimet, a hivatkoz\u00e1sokat, n\u00e9zegetem a vide\u00f3kat, \u00e9rtelmezgetem a hozz\u00e1sz\u00f3l\u00e1sokat. Mintha hatvan vagy sz\u00e1z \u00e9vet mentem volna vissza ebben az elfuser\u00e1lt, elb@ott magyar id\u0151ben, mintha nem is \u00e9n \u00e9ltem volna \u00e1t mindezeket, hanem nagyany\u00e1im, nagyap\u00e1im, ap\u00e1m\u00e9k. Mintha ezek a \u201edolgok\u201d, nem itt \u00e9s most t\u00f6rt\u00e9ntek volna meg: velem, vel\u00fcnk. Mintha nem is \u00e9n, mi lett\u00fcnk volna e t\u00f6rt\u00e9net szerepl\u0151i \u00e9s \u00edr\u00f3i \u00e9s tan\u00fas\u00e1gtev\u0151i is: pedig ez a t\u00f6rt\u00e9net m\u00e1r lej\u00e1tsz\u00f3dott, nem is egyszer, ennek a t\u00f6rt\u00e9netnek m\u00e1r r\u00e9ges-r\u00e9g \u201elej\u00e1rt lemez\u201d-nek kellene lennie. Borzalmas l\u00e1tlelet, diagn\u00f3zis, \u00edgy egy\u00fctt, egym\u00e1s ut\u00e1n, egym\u00e1sra rak\u00f3dva: a kultur\u00e1latlans\u00e1g, a tanulatlans\u00e1g, az ig\u00e9nytelens\u00e9g, a vez\u00e9rm\u00edtosz, a mozdulatlans\u00e1g, a \u201eh\u0151k\u00f6l\u00e9s\u201d, az \u201e\u00fari k\u00edm\u00e9letlens\u00e9g\u201d suhint\u00e1sa, ez a \u201eNem r\u00fag vissza, csak b\u00fasan \u00e1tkoz\u201d \u00f6nbecsap\u00e1sa, a fill\u00e9rek\u00e9rt v\u00e1llalt \u00e1rul\u00e1sok sokas\u00e1ga. A mozdulatlans\u00e1gban szinte v\u00e1gtat a gy\u0171l\u00f6let, a kirekeszt\u00e9s, a m\u00e1sik megb\u00e9lyegz\u00e9se, len\u00e9z\u00e9se\u2026<br \/>\nEz egy rossz k\u00e9preg\u00e9ny: nagyon rossz, m\u00e9gis elfelejthetetlen k\u00e9preg\u00e9ny.<br \/>\n\u00c9s napr\u00f3l napra \u00fajra indul\u2026<\/p>\n<p><!--more--><br \/>\n2015. okt\u00f3ber 2.<\/p>\n","protected":false},"excerpt":{"rendered":"<p>A Facebook egy saj\u00e1tos, \u00e1ltalad torz\u00edtott t\u00fck\u00f6r-napl\u00f3. Benne vagy te, a vil\u00e1god, a szeretteid, a bar\u00e1taid \u00e9s a k\u00edv\u00fcl\u00e1ll\u00f3k; \u00e9rz\u00e9seid \u00e9s gondolataid; fajdalmaid \u00e9s \u00f6r\u00f6meid. \u00c9s benne van a k\u00fcls\u0151 vil\u00e1g is, amiben l\u00e9tezel: ami hat r\u00e1d, ami kivet vagy befogad, ami seg\u00edt vagy elg\u00e1ncsol, ami enged vagy k\u00e9nyszer\u00edt. \u00c9rdemes \u2013 \u00fajb\u00f3l \u00e9s \u00fajb\u00f3l \u2013 [&hellip;]<\/p>\n","protected":false},"author":1,"featured_media":0,"comment_status":"open","ping_status":"open","sticky":false,"template":"","format":"standard","meta":{"footnotes":""},"categories":[2],"tags":[227],"class_list":["post-2190","post","type-post","status-publish","format-standard","hentry","category-bejegyzes","tag-facebook"],"_links":{"self":[{"href":"https:\/\/gyorgyradnai.eu\/index.php?rest_route=\/wp\/v2\/posts\/2190","targetHints":{"allow":["GET"]}}],"collection":[{"href":"https:\/\/gyorgyradnai.eu\/index.php?rest_route=\/wp\/v2\/posts"}],"about":[{"href":"https:\/\/gyorgyradnai.eu\/index.php?rest_route=\/wp\/v2\/types\/post"}],"author":[{"embeddable":true,"href":"https:\/\/gyorgyradnai.eu\/index.php?rest_route=\/wp\/v2\/users\/1"}],"replies":[{"embeddable":true,"href":"https:\/\/gyorgyradnai.eu\/index.php?rest_route=%2Fwp%2Fv2%2Fcomments&post=2190"}],"version-history":[{"count":1,"href":"https:\/\/gyorgyradnai.eu\/index.php?rest_route=\/wp\/v2\/posts\/2190\/revisions"}],"predecessor-version":[{"id":2191,"href":"https:\/\/gyorgyradnai.eu\/index.php?rest_route=\/wp\/v2\/posts\/2190\/revisions\/2191"}],"wp:attachment":[{"href":"https:\/\/gyorgyradnai.eu\/index.php?rest_route=%2Fwp%2Fv2%2Fmedia&parent=2190"}],"wp:term":[{"taxonomy":"category","embeddable":true,"href":"https:\/\/gyorgyradnai.eu\/index.php?rest_route=%2Fwp%2Fv2%2Fcategories&post=2190"},{"taxonomy":"post_tag","embeddable":true,"href":"https:\/\/gyorgyradnai.eu\/index.php?rest_route=%2Fwp%2Fv2%2Ftags&post=2190"}],"curies":[{"name":"wp","href":"https:\/\/api.w.org\/{rel}","templated":true}]}}