{"id":2192,"date":"2015-10-05T10:09:01","date_gmt":"2015-10-05T09:09:01","guid":{"rendered":"http:\/\/gyorgyradnai.eu\/?p=2192"},"modified":"2015-10-05T10:17:21","modified_gmt":"2015-10-05T09:17:21","slug":"a-gondolat-tarhaz-kapujaban","status":"publish","type":"post","link":"https:\/\/gyorgyradnai.eu\/?p=2192","title":{"rendered":"A Gondolat-t\u00e1rh\u00e1z kapuj\u00e1ban"},"content":{"rendered":"<p><img loading=\"lazy\" decoding=\"async\" class=\"alignnone\" src=\"http:\/\/farm9.staticflickr.com\/8065\/8248885115_a50603ddcd.jpg\" alt=\"\" width=\"500\" height=\"253\" \/><\/p>\n<p style=\"text-align: right;\"><em>\u201eA t\u00f6rv\u00e9ny kapuja el\u0151tt \u00e1ll egy \u0151r.\u201d<\/em><br \/>\n<em> &#8222;Olyan t\u00f6rv\u00e9nyek uralkodnak<\/em><br \/>\n<em> rajtunk, amelyeket nem ismer\u00fcnk.&#8221;<\/em><\/p>\n<p>Azt mondj\u00e1k itt, n\u00e1lunk, a vid\u00e9ki kisv\u00e1rosban, hogy Budapest hat\u00e1r\u00e1n\u00e1l, de m\u00e9g a t\u00e1bla el\u0151tt, a f\u0151\u00fat mellett van a Gondolat-t\u00e1rh\u00e1z. M\u00e9g ugyan senki sem l\u00e1tta, de n\u00e1lunk esk\u00fcsznek r\u00e1, hogy ott van. Nem lehet m\u00e1shol, csak ott, mert mostans\u00e1g megint Budapest a h\u0151s v\u00e9d\u0151v\u00e1ros, az Eur\u00f3pai Uni\u00f3t meg\u00f3v\u00f3 f\u0151v\u00e1ros. M\u00e1rpedig akkor ott kell lennie a Gondolat-t\u00e1rh\u00e1znak is: meg azt\u00e1n, az emberek m\u00e1r csak tudj\u00e1k.<\/p>\n<p>Elindultam h\u00e1t, f\u00f6l a F\u0151v\u00e1rosba, a Gondolat-t\u00e1rh\u00e1zba akartam bejutni. Van ugyanis egy Besz\u00e9lget\u0151 Asztalt\u00e1rsas\u00e1gunk, \u00e9s ott azt\u00e1n minden sz\u00f3ba ker\u00fcl: a v\u00e1ros \u00fcgyei, hogy milyen v\u00e1rost is szeretn\u00e9nk, a csatorna\u00e9p\u00edt\u00e9s vissz\u00e1ss\u00e1gai, az egyoldal\u00fa kinevez\u00e9sek, a sok butas\u00e1g \u00e9s t\u00f6rv\u00e9nytelens\u00e9g a V\u00e1rosh\u00e1z\u00e1n, a v\u00e1rosi korrupci\u00f3k, a polg\u00e1rmester p\u00e9nz\u00fcgyei; \u00e9s term\u00e9szetesen a nagy-politika k\u00e9rd\u00e9sei is, a menek\u00fcltek migr\u00e1nss\u00e1ga, a rem\u00e9nytelen szeg\u00e9nys\u00e9g, az oktat\u00e1s elbut\u00edt\u00f3 k\u00f6vetelm\u00e9nyei. Ilyenkor azt\u00e1n elszabadulnak a gondolatok, az \u00f6tletek, szabadon sz\u00e1rnyalnak az ide\u00e1k is. Sz\u00f3val nem \u00fcres k\u00e9zzel indultam, nem is gondolattalanul, sok minden volt n\u00e1lam, amit \u00e1t akartam adni a f\u00f6ntieknek.<\/p>\n<p>De nem tal\u00e1ltam. A t\u00e1bla k\u00f6r\u00fcl t\u00e9bl\u00e1boltam, m\u00e1r majdnem egy \u00f3ra is eltelt, igaz, m\u00e9g \u00edgy sem \u00fct\u00f6tt az \u00f3ra kilencet. Csak egy ember volt a k\u00f6zelben, el\u00e9gg\u00e9 furcsa alkat: lezser\u00fcl \u00e1llt ugyan, de valami sehogyan sem stimmelt vele. Tal\u00e1n a kacki\u00e1s bajusza, tal\u00e1n a ruh\u00e1zata volt k\u00fcl\u00f6n\u00f6s: valamilyen egyenruh\u00e1ban lehetett, t\u00e1ny\u00e9rsapk\u00e1j\u00e1t a kez\u00e9ben tartotta, a nyaka szabadon maradt, gall\u00e9rja kihajtva, \u00e9s az inge v\u00e1ll\u00e1ra \u00e9s a melle f\u00f6l\u00e9 mindenf\u00e9le mint\u00e1s d\u00edszek voltak varrva. Mintha a m\u00faltb\u00f3l szalajtott\u00e1k volna. M\u00e9gis magabiztosan, egykedv\u0171en sz\u00edvott bele a cigarett\u00e1j\u00e1ba, mintha nem is lenne m\u00e1s dolga a vil\u00e1gon.<\/p>\n<p>Egyszer csak megmozdult a f\u00f6ld, el\u0151sz\u00f6r egy kis morg\u00e1st \u00e9reztem, mintha a t\u00e1bla mellett egy darabon a f\u0171 od\u00e9bb mozdult volna. Egy r\u00fad n\u0151tt ki a talajb\u00f3l, \u00e9s mintegy h\u00e1rom m\u00e9ter magasba emelkedett. Azt\u00e1n egy lapocska lebillent a tetej\u00e9r\u0151l \u00e9s egy t\u00fck\u00f6rszer\u0171 g\u00f6mb jelent meg a lap hely\u00e9n. N\u00e9h\u00e1ny m\u00e1sodpercig semmi sem t\u00f6rt\u00e9nt, lehetett az tal\u00e1n egy perc is. Mintha n\u00e9zel\u0151d\u00f6tt volna, de biztosan csak k\u00e9pzel\u0151dtem. Azt\u00e1n m\u00e9g hangosabb mordul\u00e1s hallatszott, azon nyomban kiemelkedett egy fed\u00e9lzeti fel\u00e9p\u00edtm\u00e9ny, \u00e9s akkor megl\u00e1ttam, hogy egy tengeralattj\u00e1r\u00f3 jelenik meg a Budapest t\u00e1bla k\u00f6zvetlen k\u00f6zel\u00e9ben. Egy tengeralattj\u00e1r\u00f3! M\u00e1r csak az ellentengernagy \u00far hi\u00e1nyzott. R\u00e1n\u00e9ztem a mellettem ott s\u00e9tafik\u00e1l\u00f3 emberre, de \u0151 nem csod\u00e1lkozott, m\u00e9g csak meglepettnek sem l\u00e1tszott. \u00c9s most, jobban megn\u00e9zve \u00e9szrevettem, hogy tenger\u00e9sz egyenruha van rajta: kih\u00fazta mag\u00e1t \u00e9s azt hiszem d\u00edszl\u00e9p\u00e9sben odamas\u00edrozott a tengeralattj\u00e1r\u00f3 mell\u00e9. Meg\u00e1llt, sz\u00e9tvetette l\u00e1bait \u2013 akkor m\u00e1r a fej\u00e9n volt a t\u00e1ny\u00e9rsapka \u2013 \u00e9s \u201epihenj\u201d- be helyezte mag\u00e1t.<\/p>\n<p>H\u00e1t ez meg mi a csoda \u2013 k\u00e9rdeztem az \u0151rembert\u0151l, mi lenne \u2013 v\u00e1laszolta, a Gondolat-t\u00e1rh\u00e1z. De ez egy tengeralattj\u00e1r\u00f3 \u2013 folytattam, m\u00e9rt, mi tiltja, hogy az legyen a Gondolat-t\u00e1rh\u00e1z \u2013 k\u00e9rdezett vissza, nem minden \u00e9l n\u00e9lk\u00fcl. \u00c9s hogyan lehet oda bejutni, mert hoztam egy csom\u00f3 gondolatot vid\u00e9kr\u0151l \u2013 folytattam a k\u00fcl\u00f6n\u00f6s besz\u00e9lget\u00e9st. Oda nem lehet csak \u00fagy bemenni, pl\u00e1ne nem lehet mindenf\u00e9le gondolatot bevinni \u2013 pr\u00f3b\u00e1lta lez\u00e1rni a disput\u00e1t az \u0151rember. M\u00e1shol is van bej\u00e1rat \u2013 faggat\u00f3ztam tov\u00e1bb, mert akkor ink\u00e1bb ott pr\u00f3b\u00e1lkozom. Persze, hogy van, 2010 bej\u00e1rat l\u00e9tezik, de ott sem jut be \u2013 szigorodott el az \u0151rember. De h\u00e1t \u00e9n gondolatokat hoztam, amiknek itt van a hely\u00fck \u2013 k\u00eds\u00e9rleteztem \u00fajb\u00f3l. H\u00e1t el\u0151sz\u00f6r is \u2013 kezdett bele egy hosszabb kioktat\u00f3 monol\u00f3gba az egyenruh\u00e1s, m\u00e1r ott hib\u00e1dzik a dolog, hogy gondolkodni is csak a kiv\u00e1lasztottaknak szabad. M\u00e1sodszor is, m\u00e9g a kiv\u00e1lasztottak gondolatait is sz\u0171r\u0151bizotts\u00e1gok tanulm\u00e1nyozz\u00e1k \u00e1t t\u00fczetesen, \u00e9s azokon a vizsg\u00e1latokon \u00e1tjutni szinte lehetetlen. Harmadszor \u2013 emelte most m\u00e1r f\u00f6l a hangj\u00e1t az \u0151rember, ha a gondolat rendben is lenne, m\u00e9g akkor is egy \u201eC\u201dt\u00edpus\u00fa \u00e1tvil\u00e1g\u00edt\u00e1son kell \u00e1tesnie a kiv\u00e1lasztott gondolkod\u00f3nak, amit azt\u00e1n el kell fogadnia az Orsz\u00e1g Gy\u00fclekezet\u00e9nek. De m\u00e9g ezzel sincs v\u00e9ge az elj\u00e1r\u00e1snak, mert ekkor az Ellentengernagy \u00far Agytr\u00f6sztje \u00e9rt\u00e9keli a gondolatot nemzetbiztons\u00e1gi, \u00e1llamh\u00e1ztart\u00e1si \u00e9s sportpolitikai szempontb\u00f3l, s ha minden rendben van, akkor nyithatom ki a tengeralattj\u00e1r\u00f3 csap\u00f3ajtaj\u00e1t. \u00c9s hozott m\u00e1r ide gondolatot b\u00e1rki is \u2013 folytattam a k\u00e9rdez\u0151sk\u00f6d\u00e9st. Meg\u0151r\u00fclt \u2013 felelte, kinek van erre ideje meg energi\u00e1ja, k\u00fcl\u00f6nben is, van m\u00e9g egy biztons\u00e1gi rendszer\u00fcnk is, ami eddig mindig seg\u00edtett \u2013 pr\u00f3b\u00e1lta lez\u00e1rni a kioktat\u00e1st. \u00c9s az micsoda \u2013 d\u00fch\u00edtettem tov\u00e1bb az \u0151rembert. Hogy m\u00e9g ezt sem tudja \u2013 csod\u00e1lkozott el, h\u00e1t ki\u00e9p\u00fclt m\u00e1r mindenkiben az el\u0151-\u00f6nsz\u0171r\u0151 v\u00e9dekez\u0151 cenz\u00fara, ami m\u00e1r eleve blokkolja a gondolkod\u00e1st. De h\u00e1t akkor \u00e9n, mi m\u00e9gis hogyan tudtunk gondolkodni \u2013 ijedtem meg \u00e9s m\u00e1r a sokk ker\u00fclgetett. H\u00e1t ez az \u2013 fejezte most m\u00e1r be v\u00e9glegesen az eszmecser\u00e9t, minden \u00f6t \u00e9vben van egy hiba, ami valahol el\u0151j\u00f6n, \u00e9s ott k\u00f6zbe kell l\u00e9pn\u00fcnk \u00e9s tisztogat\u00e1sba kell kezden\u00fcnk. Most magukn\u00e1l kell ezt megtenn\u00fcnk, de semmi gond: majd j\u00f6nnek a lej\u00e1rat\u00f3k, a bes\u00e1roz\u00f3k, a hamis tan\u00fak, az \u00fcgy\u00e9szek, a b\u00edr\u00e1k \u00e9s minden visszaz\u00f6kken a norm\u00e1l ker\u00e9kv\u00e1g\u00e1sba. \u00c9s b\u00e1rmikor is, vittek m\u00e1r innen el gondolatot \u2013 pr\u00f3b\u00e1lkoztam m\u00e9g egyszer. hova gondol, innen, el, ugyan m\u00e1r.<\/p>\n<p><!--more--><\/p>\n<p>2015. okt\u00f3ber 5.<\/p>\n","protected":false},"excerpt":{"rendered":"<p>\u201eA t\u00f6rv\u00e9ny kapuja el\u0151tt \u00e1ll egy \u0151r.\u201d &#8222;Olyan t\u00f6rv\u00e9nyek uralkodnak rajtunk, amelyeket nem ismer\u00fcnk.&#8221; Azt mondj\u00e1k itt, n\u00e1lunk, a vid\u00e9ki kisv\u00e1rosban, hogy Budapest hat\u00e1r\u00e1n\u00e1l, de m\u00e9g a t\u00e1bla el\u0151tt, a f\u0151\u00fat mellett van a Gondolat-t\u00e1rh\u00e1z. M\u00e9g ugyan senki sem l\u00e1tta, de n\u00e1lunk esk\u00fcsznek r\u00e1, hogy ott van. Nem lehet m\u00e1shol, csak ott, mert mostans\u00e1g megint [&hellip;]<\/p>\n","protected":false},"author":1,"featured_media":0,"comment_status":"open","ping_status":"open","sticky":false,"template":"","format":"standard","meta":{"footnotes":""},"categories":[2],"tags":[228],"class_list":["post-2192","post","type-post","status-publish","format-standard","hentry","category-bejegyzes","tag-gondolattar"],"_links":{"self":[{"href":"https:\/\/gyorgyradnai.eu\/index.php?rest_route=\/wp\/v2\/posts\/2192","targetHints":{"allow":["GET"]}}],"collection":[{"href":"https:\/\/gyorgyradnai.eu\/index.php?rest_route=\/wp\/v2\/posts"}],"about":[{"href":"https:\/\/gyorgyradnai.eu\/index.php?rest_route=\/wp\/v2\/types\/post"}],"author":[{"embeddable":true,"href":"https:\/\/gyorgyradnai.eu\/index.php?rest_route=\/wp\/v2\/users\/1"}],"replies":[{"embeddable":true,"href":"https:\/\/gyorgyradnai.eu\/index.php?rest_route=%2Fwp%2Fv2%2Fcomments&post=2192"}],"version-history":[{"count":2,"href":"https:\/\/gyorgyradnai.eu\/index.php?rest_route=\/wp\/v2\/posts\/2192\/revisions"}],"predecessor-version":[{"id":2194,"href":"https:\/\/gyorgyradnai.eu\/index.php?rest_route=\/wp\/v2\/posts\/2192\/revisions\/2194"}],"wp:attachment":[{"href":"https:\/\/gyorgyradnai.eu\/index.php?rest_route=%2Fwp%2Fv2%2Fmedia&parent=2192"}],"wp:term":[{"taxonomy":"category","embeddable":true,"href":"https:\/\/gyorgyradnai.eu\/index.php?rest_route=%2Fwp%2Fv2%2Fcategories&post=2192"},{"taxonomy":"post_tag","embeddable":true,"href":"https:\/\/gyorgyradnai.eu\/index.php?rest_route=%2Fwp%2Fv2%2Ftags&post=2192"}],"curies":[{"name":"wp","href":"https:\/\/api.w.org\/{rel}","templated":true}]}}