{"id":2196,"date":"2015-10-07T09:44:15","date_gmt":"2015-10-07T08:44:15","guid":{"rendered":"http:\/\/gyorgyradnai.eu\/?p=2196"},"modified":"2015-10-07T09:44:15","modified_gmt":"2015-10-07T08:44:15","slug":"beszelgetes-8","status":"publish","type":"post","link":"https:\/\/gyorgyradnai.eu\/?p=2196","title":{"rendered":"Besz\u00e9lget\u00e9s"},"content":{"rendered":"<p><iframe loading=\"lazy\" title=\"BOTR\u00c1NY! Ov\u00f3d\u00e1sok a hat\u00e1ron!\" width=\"625\" height=\"352\" src=\"https:\/\/www.youtube.com\/embed\/moef6XSVlBg?feature=oembed\" frameborder=\"0\" allow=\"accelerometer; autoplay; clipboard-write; encrypted-media; gyroscope; picture-in-picture; web-share\" referrerpolicy=\"strict-origin-when-cross-origin\" allowfullscreen><\/iframe><\/p>\n<p>\u2022 T\u00f3nik\u00e1m, minden rendben?<br \/>\n\u2022 minden, F\u0151n\u00f6k, ugyan a Gir\u00f3-Sz\u00e1sz betett egy kicsit, mert meg van s\u00e9rt\u0151dve<br \/>\n\u2022 ne t\u00f6r\u0151dj vele, majd \u00e9n megoldom, \u00fagy is csak \u00e9n tudok megoldani mindent<br \/>\n\u2022 tudom, tudjuk, F\u0151n\u00f6k<br \/>\n\u2022 akkor csapj a dakota lovak k\u00f6z\u00e9, mert m\u00e9g ellustulnak a v\u00e9g\u00e9n<br \/>\n\u2022 ragyog\u00f3 \u00f6tleteim vannak<br \/>\n\u2022 azt majd \u00e9n mondom meg, mi a ragyog\u00f3<br \/>\n\u2022 mint mindig, most is, igaza van, F\u0151n\u00f6k<br \/>\n\u2022 sz\u00f3val, mi az a ragyog\u00f3 \u00f6tlet<br \/>\n\u2022 gyerekek l\u00e1togatnak ki a hat\u00e1rra, hogy megk\u00f6sz\u00f6nj\u00e9k a haz\u00e1t h\u0151siesen v\u00e9d\u0151 magyar katon\u00e1knak a helyt\u00e1ll\u00e1sukat<br \/>\n\u2022 ez t\u00e9nyleg olyan, mintha \u00e9n tal\u00e1ltam volna ki<br \/>\n\u2022 akkor mehet?, F\u0151n\u00f6k<br \/>\n\u2022 j\u00f3l van, csin\u00e1ljatok bel\u0151le h\u00edrt<br \/>\n\u2022 abban nem lesz bibi: megsz\u00f3laltatjuk majd a gyerekeket, akik sz\u00edvecsk\u00e9ket visznek a katon\u00e1knak<br \/>\n\u2022 a saj\u00e1t szavaikkal mondj\u00e1k el, amit gondolnak, \u00fagy a leghitelesebb<br \/>\n\u2022 \u00fagy lesz, F\u0151n\u00f6k, ez azt\u00e1n t\u00e9nyleg nagyszer\u0171, de mi lesz, ha nem tudj\u00e1k j\u00f3l kifejezni magukat?<br \/>\n\u2022 legyen m\u00f6g\u00f6tt\u00fck ott z \u00f3v\u00f3 n\u00e9ni vagy az \u00f3v\u00f3 b\u00e1csi, legyen el\u0151tt\u00fck a s\u00fag\u00f3g\u00e9p is<br \/>\n\u2022 de m\u00e9g nem tudnak olvasni<br \/>\n\u2022 akkor fusson alatta a felirat, hogy val\u00f3j\u00e1ban mit is akartak mondani<br \/>\n\u2022 m\u00e1r int\u00e9zkedek is<br \/>\n\u2022 \u00e9s besz\u00e9ljenek a gyerekek a migr\u00e1nsokr\u00f3l is, mert \u0151k vesz\u00e9lyeztetik most a haz\u00e1t, de nehogy megk\u00e9rdezze valaki a gyerekekt\u0151l, hogy mit is jelent a migr\u00e1ns<br \/>\n\u2022 dehogy k\u00e9rdezik meg, egyre jobbak az M1 H\u00edrad\u00f3sok<br \/>\n\u2022 azt\u00e1n k\u00e9rem az \u00f3v\u00f3 n\u00e9ni nev\u00e9t \u00e9s c\u00edm\u00e9t, mert majd m\u00e9g egyszer akarok t\u0151le k\u00e9rni valamit, \u00e9s azt\u00e1n kinevezem az \u00f3v\u00f3 n\u00e9nik Egyes\u00fclt V\u00e9delmi Miniszt\u00e9rium\u00e1t El\u0151k\u00e9sz\u00edt\u0151 Bizotts\u00e1ga Eln\u00f6k\u00e9nek<\/p>\n<p><!--more--><br \/>\n2015. okt\u00f3ber 7.<\/p>\n","protected":false},"excerpt":{"rendered":"<p>\u2022 T\u00f3nik\u00e1m, minden rendben? \u2022 minden, F\u0151n\u00f6k, ugyan a Gir\u00f3-Sz\u00e1sz betett egy kicsit, mert meg van s\u00e9rt\u0151dve \u2022 ne t\u00f6r\u0151dj vele, majd \u00e9n megoldom, \u00fagy is csak \u00e9n tudok megoldani mindent \u2022 tudom, tudjuk, F\u0151n\u00f6k \u2022 akkor csapj a dakota lovak k\u00f6z\u00e9, mert m\u00e9g ellustulnak a v\u00e9g\u00e9n \u2022 ragyog\u00f3 \u00f6tleteim vannak \u2022 azt majd \u00e9n [&hellip;]<\/p>\n","protected":false},"author":1,"featured_media":0,"comment_status":"open","ping_status":"open","sticky":false,"template":"","format":"standard","meta":{"footnotes":""},"categories":[2],"tags":[137],"class_list":["post-2196","post","type-post","status-publish","format-standard","hentry","category-bejegyzes","tag-beszelgetes"],"_links":{"self":[{"href":"https:\/\/gyorgyradnai.eu\/index.php?rest_route=\/wp\/v2\/posts\/2196","targetHints":{"allow":["GET"]}}],"collection":[{"href":"https:\/\/gyorgyradnai.eu\/index.php?rest_route=\/wp\/v2\/posts"}],"about":[{"href":"https:\/\/gyorgyradnai.eu\/index.php?rest_route=\/wp\/v2\/types\/post"}],"author":[{"embeddable":true,"href":"https:\/\/gyorgyradnai.eu\/index.php?rest_route=\/wp\/v2\/users\/1"}],"replies":[{"embeddable":true,"href":"https:\/\/gyorgyradnai.eu\/index.php?rest_route=%2Fwp%2Fv2%2Fcomments&post=2196"}],"version-history":[{"count":1,"href":"https:\/\/gyorgyradnai.eu\/index.php?rest_route=\/wp\/v2\/posts\/2196\/revisions"}],"predecessor-version":[{"id":2197,"href":"https:\/\/gyorgyradnai.eu\/index.php?rest_route=\/wp\/v2\/posts\/2196\/revisions\/2197"}],"wp:attachment":[{"href":"https:\/\/gyorgyradnai.eu\/index.php?rest_route=%2Fwp%2Fv2%2Fmedia&parent=2196"}],"wp:term":[{"taxonomy":"category","embeddable":true,"href":"https:\/\/gyorgyradnai.eu\/index.php?rest_route=%2Fwp%2Fv2%2Fcategories&post=2196"},{"taxonomy":"post_tag","embeddable":true,"href":"https:\/\/gyorgyradnai.eu\/index.php?rest_route=%2Fwp%2Fv2%2Ftags&post=2196"}],"curies":[{"name":"wp","href":"https:\/\/api.w.org\/{rel}","templated":true}]}}