{"id":2373,"date":"2015-12-20T14:10:00","date_gmt":"2015-12-20T13:10:00","guid":{"rendered":"http:\/\/gyorgyradnai.eu\/?p=2373"},"modified":"2015-12-20T14:10:00","modified_gmt":"2015-12-20T13:10:00","slug":"heti-ady-megszerettetik-a-hazat-l-horvath-katalin","status":"publish","type":"post","link":"https:\/\/gyorgyradnai.eu\/heti-ady-megszerettetik-a-hazat-l-horvath-katalin\/","title":{"rendered":"Heti Ady: Megszerettetik a haz\u00e1t (L. Horv\u00e1th Katalin)"},"content":{"rendered":"<p><img loading=\"lazy\" decoding=\"async\" class=\"alignnone\" src=\"http:\/\/librarius.hu\/wp-content\/uploads\/2015\/11\/ady_endre2.jpg\" alt=\"\" width=\"1024\" height=\"791\" \/>Ady Endre (\u00c9rmindszent, 1877. november 22.\u2013Budapest, Ter\u00e9zv\u00e1ros, 1919.janu\u00e1r 27.) nem csak sz\u00e9p\u00edr\u00f3k\u00e9nt alkotott maradand\u00f3t. A magyar sajt\u00f3 t\u00f6rt\u00e9net\u00e9be is \u00f6r\u00f6kre be\u00edrta a nev\u00e9t. P\u00e1ratlan \u00e9lesl\u00e1t\u00e1sa t\u00f6bb mint egy \u00e9vsz\u00e1zad t\u00e1vlat\u00e1b\u00f3l m\u00e9g leny\u0171g\u00f6z\u0151bb, mint a maga kor\u00e1ban lehetett. Amellett, hogy publicistak\u00e9nt naprak\u00e9szen, t\u00e9nyszer\u0171en dokument\u00e1lta az esem\u00e9nyeket, a legapr\u00f3bb r\u00e9szletekt\u0151l kezdve az \u00e1ltal\u00e1nosan levonhat\u00f3 tanuls\u00e1gokig mindent \u00e9szrevett. Sz\u00e1z \u00e9vre el\u0151re.<\/p>\n<p>Nincs olyan mai t\u00e1rsadalmi, k\u00f6z\u00e9leti jelens\u00e9g, amelyr\u0151l ne tal\u00e1ln\u00e1nk le\u00edr\u00e1st, elemz\u00e9st Ady toll\u00e1b\u00f3l. Ez\u00e9rt, okul\u00e1sk\u00e9ppen ind\u00edtottuk el Heti Ady rovatunkat.<\/p>\n<p>MEGSZERETTETIK A HAZ\u00c1T<\/p>\n<p>P\u00e1rizs, augusztus 11.<\/p>\n<p>Andrejev Leonyidnak van egy f\u00e1jdalmas \u00e9s nagyon kegyetlen t\u00f6rt\u00e9nete a haz\u00e1r\u00f3l. A szerb di\u00e1k a nagy orosz v\u00e1rosban, mondjuk Moszkv\u00e1ban, r\u00e9szeg di\u00e1ktany\u00e1n s\u00edrva ord\u00edtja, hogy Szerbia dics\u0151 orsz\u00e1g. B\u00e1mulva vagy r\u00f6h\u00f6gve n\u00e9znek re\u00e1 a di\u00e1kok, oroszok, n\u00e9met eredet\u0171ek \u00e9s lengyelek. Egyik orosz di\u00e1k p\u00e9ld\u00e1ul t\u00fcd\u0151v\u00e9szess\u00e9 dolgozza mag\u00e1t, hogy egy-k\u00e9t \u00e9vre Nyugatra mehessen. Berlinbe s mindenekf\u00f6l\u00f6tt P\u00e1rizsba, a kult\u00fara, a f\u00e9ny, a szabads\u00e1g metropolis\u00e1ba. S a szerb di\u00e1k ezt nem \u00e9rti, \u0151 zokogva d\u00fadolja az \u0151 vad, szerb n\u00f3t\u00e1ikat, \u0151 Szerbi\u00e1ba v\u00e1gyik.<\/p>\n<p>Mondj\u00e1k, hogy ez az \u00f6z\u00f6nv\u00edzel\u0151tti \u00e9rz\u00e9s, ez a gy\u00e1moltalan nosztalgia benne lappang a kis n\u00e9pek legm\u0171veltebbj\u00e9ben is. Lehet, de az is bizonyos, hogy Magyarorsz\u00e1g tanult fiaib\u00f3l egy \u00e9vtized m\u00falva ez \u00e9rz\u00e9snek m\u00e9g a nyoma is kiv\u00e9sz.<br \/>\nIgnotus \u00edr valahol a t\u00f6rzs\u00f6k\u00f6s, de eur\u00f3pai lelk\u0171 magyarok t\u00fczes magyar-gy\u0171l\u00f6let\u00e9r\u0151l. Ez a magyargy\u0171l\u00f6let szerelem volt Berzeviczy Gergelyn\u00e9l, Sz\u00e9chenyi Istv\u00e1nn\u00e1l. Pet\u0151fin\u00e9l is az volt, Kecskem\u00e9thy Aur\u00e9ln\u00e1l is, m\u00e9g a k\u00fcl\u00f6nben nem jelent\u00e9keny, de der\u00e9k, szeg\u00e9ny n\u00e9hai Bessenyey Ferencn\u00e9l is.<\/p>\n<p>Az \u00faj gener\u00e1ci\u00f3 magyar intellektueljei m\u00e1r nem ilyen szerelmes gy\u0171l\u00f6l\u0151k lesznek. A magyarorsz\u00e1gi \u00fari, papos bety\u00e1ruralom ezeket el fogja vezetni az undorhoz.<br \/>\nBorzaszt\u00f3 az, ha magyar intelligens ember k\u00fclf\u00f6ld\u00f6n \u00e9l, s hazai lapokon kereszt\u00fcl hazatekint. Ha a \u201eBudapesti H\u00edrlap\u201d \u00e9s t\u00e1rsai ker\u00fclnek a kez\u00e9be, s ha t\u00e1volr\u00f3l jobban, mint k\u00f6zelebbr\u0151l figyeli azt a n\u00e9p-gyilkoss\u00e1got \u00e9s kult\u00fara-\u00f6l\u00e9st, ami otthon folyik. Ami elfogja, az m\u00e1r t\u00f6bb, mint d\u00fch \u00e9s m\u00e1s, mint a cs\u00f6m\u00f6r. Valami olyan \u00e9rz\u00e9s, amilyet a biblia-\u00edr\u00f3 a Jehov\u00e1nak adott Sodoma elpuszt\u00edt\u00e1sakor. Itt m\u00e1r v\u00e9ge van hitnek, meg\u00e9rt\u00e9snek, filozof\u00e1l\u00e1snak.<\/p>\n<p>Csak azt \u00e9rzi az ember, hogy van egy orsz\u00e1g Eur\u00f3p\u00e1ban, melyet n\u00e9h\u00e1ny ezer ember hatalma s buta gonoszs\u00e1ga Kore\u00e1n\u00e1l aljasabb\u00e1 tesz.<br \/>\nA kult\u00farember k\u00fcl\u00f6nben is t\u00fal van a nacionalizmus nyavaly\u00e1j\u00e1n. De \u00f6sszek\u00f6ti azzal a t\u00e1rsa\u00adda\u00adlommal, melyb\u0151l t\u00e1madt a kult\u00fara s a kult\u00far\u00e1nak m\u00e9g f\u00f6lszabad\u00edthat\u00f3 er\u0151k k\u00f6z\u00f6ss\u00e9ge. De ha \u00edgy tart tov\u00e1bb, mint most van, mi k\u00f6sse a magyar sz\u00e1rmaz\u00e1s\u00fa kult\u00farembert egy t\u00e1rsadalom\u00adhoz, mely az emberis\u00e9gnek semmit sem ad?<\/p>\n<p>Mi k\u00f6sse az \u0151 Magyarorsz\u00e1g\u00e1hoz, mely n\u00e9h\u00e1ny ezer \u00fari nom\u00e1dnak a vad\u00e1szter\u00fclete, s ahol, hogy a n\u00e9phez ne f\u00e9rk\u0151zzenek a f\u00f6lvil\u00e1gos\u00edt\u00f3k, ink\u00e1bb elpuszt\u00edtj\u00e1k a n\u00e9pet is.<br \/>\nA patriotizmusnak \u00faj, emberi kult\u00farform\u00e1j\u00e1t is ki fogj\u00e1k \u00f6lni a magyarorsz\u00e1gi intellektuelek \u00e9s szabads\u00e1gharcosok lelk\u00e9b\u0151l. Hely\u00e9be teszik a rem\u00e9nytelens\u00e9get s a lassan-lassan m\u00e1r szenved\u00e9lytelenn\u00e9 v\u00e1l\u00f3 undort.<\/p>\n<p>Magyarorsz\u00e1g mai urainak, akik t\u0171zzel-vassal \u00e9ppen most harcolnak a demokr\u00e1cia els\u0151 f\u00f6ll\u00e9p\u00e9se ellen is, ha egy kis lelkiismeret\u00fck volna, dermedten kellene megl\u00e1tniuk ezt a szinte p\u00e1ratlan, megr\u00e1z\u00f3 kult\u00farpszichol\u00f3giai jelens\u00e9get.<br \/>\nN\u00e9pszava 1908. augusztus 16.<\/p>\n<p>Forr\u00e1s: Magyar Elektronikus K\u00f6nyvt\u00e1r<\/p>\n<p><a href=\"http:\/\/librarius.hu\/2015\/12\/20\/heti-ady-megszerettetik-a-hazat\/\" target=\"_blank\">LIBRARIUS<\/a><\/p>\n<p><!--more--><\/p>\n<p>2015. 12. 20.<\/p>\n","protected":false},"excerpt":{"rendered":"<p>Ady Endre (\u00c9rmindszent, 1877. november 22.\u2013Budapest, Ter\u00e9zv\u00e1ros, 1919.janu\u00e1r 27.) nem csak sz\u00e9p\u00edr\u00f3k\u00e9nt alkotott maradand\u00f3t. A magyar sajt\u00f3 t\u00f6rt\u00e9net\u00e9be is \u00f6r\u00f6kre be\u00edrta a nev\u00e9t. P\u00e1ratlan \u00e9lesl\u00e1t\u00e1sa t\u00f6bb mint egy \u00e9vsz\u00e1zad t\u00e1vlat\u00e1b\u00f3l m\u00e9g leny\u0171g\u00f6z\u0151bb, mint a maga kor\u00e1ban lehetett. Amellett, hogy publicistak\u00e9nt naprak\u00e9szen, t\u00e9nyszer\u0171en dokument\u00e1lta az esem\u00e9nyeket, a legapr\u00f3bb r\u00e9szletekt\u0151l kezdve az \u00e1ltal\u00e1nosan levonhat\u00f3 tanuls\u00e1gokig mindent \u00e9szrevett. [&hellip;]<\/p>\n","protected":false},"author":1,"featured_media":0,"comment_status":"open","ping_status":"open","sticky":false,"template":"","format":"standard","meta":{"footnotes":""},"categories":[10],"tags":[94],"class_list":["post-2373","post","type-post","status-publish","format-standard","hentry","category-kedvencek","tag-ady"],"_links":{"self":[{"href":"https:\/\/gyorgyradnai.eu\/wp-json\/wp\/v2\/posts\/2373","targetHints":{"allow":["GET"]}}],"collection":[{"href":"https:\/\/gyorgyradnai.eu\/wp-json\/wp\/v2\/posts"}],"about":[{"href":"https:\/\/gyorgyradnai.eu\/wp-json\/wp\/v2\/types\/post"}],"author":[{"embeddable":true,"href":"https:\/\/gyorgyradnai.eu\/wp-json\/wp\/v2\/users\/1"}],"replies":[{"embeddable":true,"href":"https:\/\/gyorgyradnai.eu\/wp-json\/wp\/v2\/comments?post=2373"}],"version-history":[{"count":2,"href":"https:\/\/gyorgyradnai.eu\/wp-json\/wp\/v2\/posts\/2373\/revisions"}],"predecessor-version":[{"id":2375,"href":"https:\/\/gyorgyradnai.eu\/wp-json\/wp\/v2\/posts\/2373\/revisions\/2375"}],"wp:attachment":[{"href":"https:\/\/gyorgyradnai.eu\/wp-json\/wp\/v2\/media?parent=2373"}],"wp:term":[{"taxonomy":"category","embeddable":true,"href":"https:\/\/gyorgyradnai.eu\/wp-json\/wp\/v2\/categories?post=2373"},{"taxonomy":"post_tag","embeddable":true,"href":"https:\/\/gyorgyradnai.eu\/wp-json\/wp\/v2\/tags?post=2373"}],"curies":[{"name":"wp","href":"https:\/\/api.w.org\/{rel}","templated":true}]}}