{"id":2380,"date":"2015-12-21T15:31:29","date_gmt":"2015-12-21T14:31:29","guid":{"rendered":"http:\/\/gyorgyradnai.eu\/?p=2380"},"modified":"2015-12-21T15:31:29","modified_gmt":"2015-12-21T14:31:29","slug":"most-ezt-olvasom","status":"publish","type":"post","link":"https:\/\/gyorgyradnai.eu\/most-ezt-olvasom\/","title":{"rendered":"Most ezt olvasom"},"content":{"rendered":"<p><img loading=\"lazy\" decoding=\"async\" class=\"alignnone\" src=\"http:\/\/s01.static.libri.hu\/cover\/b7\/9\/2721827_5.jpg\" alt=\"\" width=\"400\" height=\"627\" \/><\/p>\n<p>Most ezt olvasom<br \/>\n&#8222;Egy \u00e9v t\u00f6rt\u00e9nete napl\u00f3jegyzetekben &#8211; 1944. m\u00e1rcius 19. &#8211; 1945. m\u00e1rcius 17.<br \/>\nZim\u00e1ndi Pius Istv\u00e1n<br \/>\nZim\u00e1ndi Pius premontrei szerzetestan\u00e1r 1944-45-\u00f6s napl\u00f3ja hetven \u00e9v ut\u00e1n is izgalmas olvasm\u00e1ny. Pontos k\u00e9pet ad a korabeli politikai csat\u00e1roz\u00e1sokr\u00f3l, az egy \u00e9ven bel\u00fcl lezajl\u00f3 h\u00e1romszori hatalomv\u00e1lt\u00e1sr\u00f3l, frontok j\u00f6v\u00e9s-men\u00e9s\u00e9r\u0151l, sajt\u00f3h\u00edrekr\u0151l \u00e9s minden\u00fctt terjed\u0151 r\u00e9mh\u00edrekr\u0151l, Budapest ostrom\u00e1nak h\u00e9tk\u00f6znapjair\u00f3l, a g\u00f6d\u00f6ll\u0151i rendh\u00e1z lak\u00f3inak h\u00e1bor\u00fas h\u00e1nyattat\u00e1sair\u00f3l, a korabeli egyh\u00e1zi \u00e9rtelmis\u00e9g el\u0151\u00edt\u00e9leteir\u0151l \u00e9s f\u00e9lelmeir\u0151l &#8211; keresztmetszet egy eddig elfeledett, prec\u00edzi\u00f3s optik\u00e1val.<\/p>\n<p>Zim\u00e1ndi Pius az \u00e1ltalam ismert napl\u00f3\u00edr\u00f3k k\u00f6z\u00f6tt teljesen egyedi kateg\u00f3ri\u00e1t k\u00e9pez. Nem t\u00e1rsadalmi helyzete miatt: a legt\u00f6bb szerz\u0151 k\u00f6z\u00e9poszt\u00e1lybeli. Az eddig ismertt\u00e9 v\u00e1lt napl\u00f3k \u00e9s visszaeml\u00e9kez\u00e9sek alapvet\u0151en k\u00e9t csoportra bonthat\u00f3k. Szerz\u0151ik egy r\u00e9sze baloldali ind\u00edttat\u00e1s\u00fa, vagy a kereszt\u00e9ny k\u00f6z\u00e9poszt\u00e1ly kult\u00far\u00e1j\u00e1val szemben komoly kritik\u00e1t megfogalmaz\u00f3 szem\u00e9ly, mint p\u00e9ld\u00e1ul Gyarmati Fanni vagy M\u00e1rai S\u00e1ndor; vagy viszonylag apolitikus, els\u0151sorban a konkr\u00e9t esem\u00e9nyek le\u00edr\u00e1s\u00e1ra szor\u00edtkoz\u00f3, sokszor fiatalkor\u00fa szemtan\u00fa. Olyan szerz\u0151 napl\u00f3ja azonban, aki a kereszt\u00e9ny k\u00f6z\u00e9poszt\u00e1ly 1944-45-\u00f6s hangulat\u00e1t k\u00fcl\u00f6n\u00f6sebb t\u00e1vols\u00e1gtart\u00e1s n\u00e9lk\u00fcl visszaadta volna, m\u00e9g nem jelent meg nyomtat\u00e1sban.<br \/>\nEz a k\u00f6r\u00fclm\u00e9ny adja Zim\u00e1ndi Pius \u00edr\u00e1s\u00e1nak legnagyobb fesz\u00fclts\u00e9g\u00e9t [] A napl\u00f3\u00edr\u00f3 sz\u00e1mos, m\u00e1sutt eddig nem t\u00e1rgyalt r\u00e9szletr\u0151l is \u00edr; [] munk\u00e1ja gazdag t\u00f6rt\u00e9nelmi forr\u00e1s. (Ungv\u00e1ry Kriszti\u00e1n)&#8221;<\/p>\n<p>Magvet\u0151<\/p>\n","protected":false},"excerpt":{"rendered":"<p>Most ezt olvasom &#8222;Egy \u00e9v t\u00f6rt\u00e9nete napl\u00f3jegyzetekben &#8211; 1944. m\u00e1rcius 19. &#8211; 1945. m\u00e1rcius 17. Zim\u00e1ndi Pius Istv\u00e1n Zim\u00e1ndi Pius premontrei szerzetestan\u00e1r 1944-45-\u00f6s napl\u00f3ja hetven \u00e9v ut\u00e1n is izgalmas olvasm\u00e1ny. Pontos k\u00e9pet ad a korabeli politikai csat\u00e1roz\u00e1sokr\u00f3l, az egy \u00e9ven bel\u00fcl lezajl\u00f3 h\u00e1romszori hatalomv\u00e1lt\u00e1sr\u00f3l, frontok j\u00f6v\u00e9s-men\u00e9s\u00e9r\u0151l, sajt\u00f3h\u00edrekr\u0151l \u00e9s minden\u00fctt terjed\u0151 r\u00e9mh\u00edrekr\u0151l, Budapest ostrom\u00e1nak h\u00e9tk\u00f6znapjair\u00f3l, a [&hellip;]<\/p>\n","protected":false},"author":1,"featured_media":0,"comment_status":"open","ping_status":"open","sticky":false,"template":"","format":"image","meta":{"footnotes":""},"categories":[6],"tags":[],"class_list":["post-2380","post","type-post","status-publish","format-image","hentry","category-konyv","post_format-post-format-image"],"_links":{"self":[{"href":"https:\/\/gyorgyradnai.eu\/wp-json\/wp\/v2\/posts\/2380","targetHints":{"allow":["GET"]}}],"collection":[{"href":"https:\/\/gyorgyradnai.eu\/wp-json\/wp\/v2\/posts"}],"about":[{"href":"https:\/\/gyorgyradnai.eu\/wp-json\/wp\/v2\/types\/post"}],"author":[{"embeddable":true,"href":"https:\/\/gyorgyradnai.eu\/wp-json\/wp\/v2\/users\/1"}],"replies":[{"embeddable":true,"href":"https:\/\/gyorgyradnai.eu\/wp-json\/wp\/v2\/comments?post=2380"}],"version-history":[{"count":2,"href":"https:\/\/gyorgyradnai.eu\/wp-json\/wp\/v2\/posts\/2380\/revisions"}],"predecessor-version":[{"id":2382,"href":"https:\/\/gyorgyradnai.eu\/wp-json\/wp\/v2\/posts\/2380\/revisions\/2382"}],"wp:attachment":[{"href":"https:\/\/gyorgyradnai.eu\/wp-json\/wp\/v2\/media?parent=2380"}],"wp:term":[{"taxonomy":"category","embeddable":true,"href":"https:\/\/gyorgyradnai.eu\/wp-json\/wp\/v2\/categories?post=2380"},{"taxonomy":"post_tag","embeddable":true,"href":"https:\/\/gyorgyradnai.eu\/wp-json\/wp\/v2\/tags?post=2380"}],"curies":[{"name":"wp","href":"https:\/\/api.w.org\/{rel}","templated":true}]}}