{"id":2409,"date":"2016-01-20T09:16:03","date_gmt":"2016-01-20T08:16:03","guid":{"rendered":"http:\/\/gyorgyradnai.eu\/?p=2409"},"modified":"2016-01-20T09:16:03","modified_gmt":"2016-01-20T08:16:03","slug":"jozsef-attila-harc-a-bekessegert","status":"publish","type":"post","link":"https:\/\/gyorgyradnai.eu\/jozsef-attila-harc-a-bekessegert\/","title":{"rendered":"J\u00f3zsef Attila: Harc a b\u00e9kess\u00e9g\u00e9rt"},"content":{"rendered":"<p><img loading=\"lazy\" decoding=\"async\" class=\"alignnone\" src=\"http:\/\/magyar-irodalom.elte.hu\/sulinet\/igyjo\/setup\/portrek\/jozsefa\/kepek\/1.jpg\" alt=\"\" width=\"483\" height=\"353\" \/><\/p>\n<p>Gondom f\u00f6ld\u00f6r\u00f6g\u0151 tankja alatt a f\u00f6ld,<br \/>\nMedd\u0151 nemzetem hadd ny\u00f6gje d\u00fch\u00f6dt vas\u00e1t.<br \/>\n\u00c1gy\u00faz\u00f3 keser\u0171s\u00e9g<br \/>\nMarja puh\u00e1ra g\u00f6r\u00f6ngye sz\u00edkj\u00e9t.<br \/>\nH\u00f6rcs\u00f6ghad bolya, hol v\u00e9tve terem kal\u00e1sz:<br \/>\nL\u0151\u00e1rkon nyomor\u00fal gazda bar\u00e1zda helytt<br \/>\nS k\u00f3borg\u00f3 ebek osztj\u00e1k<br \/>\nP\u00e9nze kid\u0151lt igah\u00faz\u00f3 barm\u00e1t.<br \/>\nJ\u00f3s\u00e1g l\u00e9gyen e f\u00f6ld, lassu es\u0151 ha reng<br \/>\n\u00daj istent keres\u0151 bujdokol\u00e1s eg\u00e9n!<br \/>\nJusson v\u00e9gre igazs\u00e1g<br \/>\nB\u0151 kenyer\u00e9hez a munka s eszme!<br \/>\nKell, term\u0151 ez a f\u00f6ld: hullt bele sok der\u00e9k,<br \/>\nMegforgatni \u00f6l\u00e9t \u00e9sszel akarta mind<br \/>\nS \u00e9hen d\u0151lt bele mind: itt<br \/>\nSz\u00e1z akarat bomol \u0151ser\u0151v\u00e9.<br \/>\nLelkem, g\u00e9pvezet\u0151, hajdan id\u0151n kap\u00e1s,<br \/>\nF\u00f6l ne h\u00e1nyd sorodat: nagy prolet\u00e1ri sor!<br \/>\nGy\u0171l\u00f6ls\u00e9g-zuzat\u00f3ban<br \/>\n\u00c1ldd a vet\u0151 s arat\u00f3 munk\u00e1j\u00e1t.<br \/>\nGondom f\u00f6ld\u00f6r\u00f6g\u0151 tankja, a sz\u00f6rnyeteg<br \/>\nR\u00fat v\u00e9gzetje ut\u00e1n sz\u00e9p hivat\u00e1sa: mint<br \/>\nB\u00e9kess\u00e9g deli g\u00e9pe<br \/>\nVonja az emberi sz\u00edv ek\u00e9j\u00e9t.<\/p>\n<p><!--more--><br \/>\n1923. j\u00fan. 12.<\/p>\n","protected":false},"excerpt":{"rendered":"<p>Gondom f\u00f6ld\u00f6r\u00f6g\u0151 tankja alatt a f\u00f6ld, Medd\u0151 nemzetem hadd ny\u00f6gje d\u00fch\u00f6dt vas\u00e1t. \u00c1gy\u00faz\u00f3 keser\u0171s\u00e9g Marja puh\u00e1ra g\u00f6r\u00f6ngye sz\u00edkj\u00e9t. H\u00f6rcs\u00f6ghad bolya, hol v\u00e9tve terem kal\u00e1sz: L\u0151\u00e1rkon nyomor\u00fal gazda bar\u00e1zda helytt S k\u00f3borg\u00f3 ebek osztj\u00e1k P\u00e9nze kid\u0151lt igah\u00faz\u00f3 barm\u00e1t. J\u00f3s\u00e1g l\u00e9gyen e f\u00f6ld, lassu es\u0151 ha reng \u00daj istent keres\u0151 bujdokol\u00e1s eg\u00e9n! Jusson v\u00e9gre igazs\u00e1g B\u0151 kenyer\u00e9hez [&hellip;]<\/p>\n","protected":false},"author":1,"featured_media":0,"comment_status":"open","ping_status":"open","sticky":false,"template":"","format":"standard","meta":{"footnotes":""},"categories":[10],"tags":[101],"class_list":["post-2409","post","type-post","status-publish","format-standard","hentry","category-kedvencek","tag-jozsef-attila"],"_links":{"self":[{"href":"https:\/\/gyorgyradnai.eu\/wp-json\/wp\/v2\/posts\/2409","targetHints":{"allow":["GET"]}}],"collection":[{"href":"https:\/\/gyorgyradnai.eu\/wp-json\/wp\/v2\/posts"}],"about":[{"href":"https:\/\/gyorgyradnai.eu\/wp-json\/wp\/v2\/types\/post"}],"author":[{"embeddable":true,"href":"https:\/\/gyorgyradnai.eu\/wp-json\/wp\/v2\/users\/1"}],"replies":[{"embeddable":true,"href":"https:\/\/gyorgyradnai.eu\/wp-json\/wp\/v2\/comments?post=2409"}],"version-history":[{"count":1,"href":"https:\/\/gyorgyradnai.eu\/wp-json\/wp\/v2\/posts\/2409\/revisions"}],"predecessor-version":[{"id":2410,"href":"https:\/\/gyorgyradnai.eu\/wp-json\/wp\/v2\/posts\/2409\/revisions\/2410"}],"wp:attachment":[{"href":"https:\/\/gyorgyradnai.eu\/wp-json\/wp\/v2\/media?parent=2409"}],"wp:term":[{"taxonomy":"category","embeddable":true,"href":"https:\/\/gyorgyradnai.eu\/wp-json\/wp\/v2\/categories?post=2409"},{"taxonomy":"post_tag","embeddable":true,"href":"https:\/\/gyorgyradnai.eu\/wp-json\/wp\/v2\/tags?post=2409"}],"curies":[{"name":"wp","href":"https:\/\/api.w.org\/{rel}","templated":true}]}}