{"id":2659,"date":"2016-06-19T18:44:26","date_gmt":"2016-06-19T17:44:26","guid":{"rendered":"http:\/\/gyorgyradnai.eu\/?p=2659"},"modified":"2016-06-19T18:44:26","modified_gmt":"2016-06-19T17:44:26","slug":"a-nemzetegyesito-cirkusz-mukodik","status":"publish","type":"post","link":"https:\/\/gyorgyradnai.eu\/?p=2659","title":{"rendered":"A \u2019nemzetegyes\u00edt\u0151\u2019 cirkusz m\u0171k\u00f6dik\u2026"},"content":{"rendered":"<p><img loading=\"lazy\" decoding=\"async\" class=\"alignnone\" src=\"http:\/\/kep.cdn.index.hu\/1\/0\/1204\/12043\/120430\/12043045_4de9583cd6af721de48276777dd0b015_wm.jpg\" width=\"1108\" height=\"506\" \/><br \/>\n<em>Persze cirkusz, cirkuszra sz\u00fcks\u00e9g van, m\u00e1r a r\u00f3maiak \u00f3ta, j\u00f3l tudjuk: s a cirkusz m\u0171k\u00f6dik.<\/em><br \/>\n\u201963-ban ment az \u00e1ltal\u00e1nos iskol\u00e1k k\u00f6z\u00f6tti labdar\u00fag\u00f3 ker\u00fcleti bajnoks\u00e1g. Nem \u00e1lltunk rosszul, n\u00e1lunk k\u00e9t gyerek is j\u00e1tszott a Fradib\u00f3l, a Harangi testv\u00e9rek, \u0151k cefet j\u00f3l passzolgattak, tartott\u00e1k a labd\u00e1t, \u00e9n meg az ind\u00edt\u00e1saikb\u00f3l tudtam g\u00f3lokat l\u0151ni. \u00cdgy minden meccset nyert\u00fcnk, a v\u00e9g\u00e9n el\u00e9g lett volna egy d\u00f6ntetlen is. Nagyon k\u00e9sz\u00fclt\u00fcnk az \u201eutcs\u00f3\u201d megm\u00e9rettet\u00e9sre, nyerni akartunk ott is. De \u00e9n n\u00e1th\u00e1s lettem, ap\u00e1m nem engedett j\u00e1tszani, ez\u00e9rt nem vihettem magammal a meccsre a foci-cuccomat. Iskolak\u00f6penyben, elk\u00e1mpicsorodva \u00e9s duzzogva \u00e1lltam a p\u00e1lya sz\u00e9l\u00e9n, irigykedve n\u00e9ztem a t\u00f6bbieket, akiknek \u2013 sajnos \u2013 aznap nem ment a j\u00e1t\u00e9k. Hamar kaptunk egy g\u00f3lt, k\u00e9s\u0151bb se siker\u00fclt semmi, \u00e9n meg ott rohang\u00e1ltam, de csak az oldalvonal mellett. Mert n\u00e1th\u00e1s voltam. A v\u00e9g\u00e9n nem b\u00edrtam tov\u00e1bb: odasz\u00f3ltam a tesi-tan\u00e1rn\u0151nknek, hogy cser\u00e9ljen be, \u00e9s \u00fagy, k\u00f6penyben, utcai cip\u0151ben besz\u00e1lltam. Persze kikaptunk.<br \/>\n<em>Persze cirkusz, cirkuszra sz\u00fcks\u00e9g van, m\u00e1r a r\u00f3maiak \u00f3ta, j\u00f3l tudjuk: s a cirkusz m\u0171k\u00f6dik<\/em>.<br \/>\nGyerekkoromban minden gyerek focista akart lenni. Nyerni, a f\u00e9nyben lenni, szerepelni a TV-ben, utazni mindenfel\u00e9, ezt adta akkor a foci. Albert, Tichy, M\u00e9sz\u00f6ly, Grosics, Farag\u00f3, S\u00e1ndor Csikar voltak a p\u00e9ldak\u00e9peink. B\u00e1rhol \u00e9s b\u00e1rmivel tudtunk \u00e9s akartunk focizni: \u00e9s fociztunk is. Ap\u00e1m nem cs\u00edpte az \u00f6tletemet, hogy focista legyek: ink\u00e1bb \u00faszni k\u00fcld\u00f6tt Sz\u00e9kely \u00c9v\u00e1hoz, meg atletiz\u00e1ljak, torn\u00e1zzak B\u00e9k\u00e9si Sanyi b\u00e1\u2019-n\u00e1l; de focista ne legyek. Nem lettem.<br \/>\n<em>Persze cirkusz, cirkuszra sz\u00fcks\u00e9g van, m\u00e1r a r\u00f3maiak \u00f3ta, j\u00f3l tudjuk: s a cirkusz m\u0171k\u00f6dik.<\/em><br \/>\nDe persze a foci-\u0151r\u00fclet, im\u00e1dat sok\u00e1ig megmaradt. A bajnoki tal\u00e1lkoz\u00f3k el\u0151tt, m\u00e1r napokkal emelkedett az adrenalin szint, hogy azt\u00e1n m\u00e1r nyugodtan le se tudjon \u00fclni az ember, akarom mondani a rajong\u00f3 gyerek. Eml\u00e9kszem egy Vasas-Honv\u00e9d rangad\u00f3 el\u0151tti h\u00e9tre, kinn nyaraltunk a R\u00f3main, \u00e9ppen a Vasas cs\u00f3nakh\u00e1za mellett, ahol k\u00e9sz\u00fcltek a Vasas focist\u00e1i. Ott tolongtunk a ker\u00edt\u00e9s mellett, lest\u00fck Berendit, Bundzs\u00e1kot: hogyan r\u00fagnak jobbal-ballal, mit mondanak, hogy helyezkednek. Azt\u00e1n a Honv\u00e9d nyert, Tichy k\u00e9t g\u00f3lt r\u00fagott k\u00e9t perccel a v\u00e9ge el\u0151tt, ezzel ford\u00edtott\u00e1k meg az eredm\u00e9nyt.<br \/>\n<em>Persze cirkusz, cirkuszra sz\u00fcks\u00e9g van, m\u00e1r a r\u00f3maiak \u00f3ta, j\u00f3l tudjuk: s a cirkusz m\u0171k\u00f6dik.<\/em><br \/>\nAzt\u00e1n folytat\u00f3dott minden a v\u00e1logatott meccsei el\u0151tti, alatti gyomoridegess\u00e9ggel, g\u00f3lok ut\u00e1ni \u0151rj\u00f6ng\u0151 ord\u00edt\u00e1sokkal, ugr\u00e1l\u00e1sokkal, a \u201966-os brazilok elleni gy\u0151zelem ut\u00e1n a Fiest\u00e1val az utc\u00e1n: mindez fantasztikus aj\u00e1nd\u00e9k volt! Meg a VB-n a Latisev, aki nem adta meg Tichy g\u00f3lj\u00e1t: h\u00e1nyszor n\u00e9zt\u00fck meg \u00e9s d\u00fch\u00f6ngt\u00fcnk, hogy a szovjet elvt\u00e1rsak kiba@tak vel\u00fcnk, mert ink\u00e1bb a csehszlov\u00e1k elvt\u00e1rsakat t\u00e1mogatt\u00e1k. M\u00e9gis: a foci volt a \u2019n\u00e1mb\u00f6rvan\u2019!<br \/>\n<em>Persze cirkusz, cirkuszra sz\u00fcks\u00e9g van, m\u00e1r a r\u00f3maiak \u00f3ta, j\u00f3l tudjuk: s a cirkusz m\u0171k\u00f6dik.<\/em><br \/>\nMindenki \u00e9rtett hozz\u00e1, mindenki \u00f6ssze\u00e1ll\u00edtott, cser\u00e9lt, megmondta a tutit. M\u00e9g Marseille ut\u00e1n is, akkor azt\u00e1n egyre jobban: m\u00e9rt ettek t\u00e9szt\u00e1t, mit adtak el \u00e9s mennyi\u00e9rt, meg az a sok h\u00fclye b\u00edr\u00f3. \u00c9s m\u00e9gis, egyre jobban kopott a dics\u0151s\u00e9g, cs\u00f6kkent a l\u00e1z, m\u00e1r lettek m\u00e1s sportok is. De a lelke m\u00e9ly\u00e9n, a sz\u00edve cs\u00fccsk\u00e9ben mindenkinek m\u00e9gis csak a foci volt az els\u0151. Amire lehetett eml\u00e9kezni, amir\u0151l lehetett besz\u00e9lni, amit lehetett szidni, amin\u00e9l ki lehetett adni az embernek a d\u00fch\u00e9t, a bossz\u00fas\u00e1g\u00e1t; le lehetett vezetni a fesz\u00fclts\u00e9get is.<br \/>\n<em>Persze hiszen cirkusz, cirkuszra sz\u00fcks\u00e9g van, m\u00e1r a r\u00f3maiak \u00f3ta, j\u00f3l tudjuk: s a cirkusz m\u0171k\u00f6dik<\/em>.<br \/>\nAkkor is, ahogy most is, \u00fagy volt, lett a labdar\u00fag\u00e1s politika, hogy a felsz\u00ednen nem akart annak l\u00e1tszani, \u00e9s sokaknak tal\u00e1n nem is annak l\u00e1tszott, l\u00e1tszik, \u2019sportnak\u2019 mutatkozik. A drukkol\u00e1s, \u00e9s az esetenk\u00e9nt felt\u00fczelt kiemeltekt\u0151l eszement szurkol\u00e1s \u00fagy lett tiltakoz\u00e1s, hogy nem annak l\u00e1tszott. Ez\u00e9rt azt\u00e1n t\u00e9nyleg politika lett. Eml\u00e9keztek, amikor a m\u00e1sodik \u2019szabad\u2019 v\u00e1laszt\u00e1s el\u0151tt, a Fradi p\u00e1ly\u00e1n, Borossal az \u00e9len vonultak a rendszerv\u00e1lt\u00e1s ut\u00e1ni els\u0151 korm\u00e1ny levit\u00e9zlett vezet\u0151i, majd Orb\u00e1n szotyiz\u00e1s\u00e1ra a Fradi B-k\u00f6z\u00e9p k\u00f6z\u00f6tt? \u00c9s ugye az is megvan, ahogy a semmib\u0151l, akarom mondani mindannyiunk p\u00e9nz\u00e9b\u0151l lett egyszerre Felcs\u00fat, Gyimr\u00f3t, Mez\u0151k\u00f6vesd \u00e9s a t\u00f6bbi hihetetlen \u00e1lomstadion, p\u00e9nznyel\u0151 fociakad\u00e9mia, cirkusznevelde?<br \/>\n<em>Persze, hiszen cirkusz, cirkuszra sz\u00fcks\u00e9g van, m\u00e1r a r\u00f3maiak \u00f3ta, j\u00f3l tudjuk: s a cirkusz m\u0171k\u00f6dik.<\/em><br \/>\n\u00c9s most megint itt vagyunk, valaminek a kapuj\u00e1ban. \u00dajra \u00e9rezhetn\u00e9nk a siker \u00edz\u00e9t. \u00dajra \u00f6r\u00fclhetn\u00e9nk a gy\u0151zelemnek, a d\u00f6ntetlennek, hogy \u00fajra tudunk valamit, amit eddig nem tudtunk, hogy megint van es\u00e9ly. Felt\u00e9tlen\u00fcl \u00e9lvezhetn\u00e9nk \u2013 legal\u00e1bb a fociban, n\u00e9h\u00e1ny napig \u2013 az \u00f6sszetartoz\u00e1s j\u00f3kedv\u00e9t. Hiszen a sport err\u0151l (is) sz\u00f3l: az marselliei vonul\u00e1sr\u00f3l, a g\u00f3l ut\u00e1ni \u00f6ssze\u00f6lelkez\u00e9sekr\u0151l, a Himnusz \u00f6nfeledt \u00e9nekl\u00e9s\u00e9r\u0151l, a sz\u00ednekr\u0151l\u2026<br \/>\nEz az \u00f6r\u00f6m lett elv\u00e9ve t\u0151l\u00fcnk.<br \/>\nMaradt a megosztotts\u00e1g, az \u0151k meg mi: a kok\u00e1rda nem mindenki\u00e9, csak az \u00f6v\u00e9k; mert \u0151k a magyarok, akik nem \u00fagy l\u00e1tnak, azok nem azok; meg a \u201e<a href=\"http:\/\/www.nemzetisport.hu\/foci_eb_2016\/eb-2016-marseille-mar-a-magyaroktol-hangos-2507919\">vesszen Trianon<\/a>\u201d, \u201eMagyarorsz\u00e1g, Magyarorsz\u00e1g, h\u00e9; lesz m\u00e9g Erd\u00e9ly Magyarorsz\u00e1g\u00e9\u2026\u201d<br \/>\n<em>Persze, hiszen ez cirkusz, cirkuszra pedig sz\u00fcks\u00e9g van, m\u00e1r a r\u00f3maiak \u00f3ta, j\u00f3l tudjuk: s a cirkusz m\u0171k\u00f6dik.<\/em><\/p>\n<p>2016. 06. 19.<\/p>\n","protected":false},"excerpt":{"rendered":"<p>Persze cirkusz, cirkuszra sz\u00fcks\u00e9g van, m\u00e1r a r\u00f3maiak \u00f3ta, j\u00f3l tudjuk: s a cirkusz m\u0171k\u00f6dik. \u201963-ban ment az \u00e1ltal\u00e1nos iskol\u00e1k k\u00f6z\u00f6tti labdar\u00fag\u00f3 ker\u00fcleti bajnoks\u00e1g. Nem \u00e1lltunk rosszul, n\u00e1lunk k\u00e9t gyerek is j\u00e1tszott a Fradib\u00f3l, a Harangi testv\u00e9rek, \u0151k cefet j\u00f3l passzolgattak, tartott\u00e1k a labd\u00e1t, \u00e9n meg az ind\u00edt\u00e1saikb\u00f3l tudtam g\u00f3lokat l\u0151ni. \u00cdgy minden meccset nyert\u00fcnk, [&hellip;]<\/p>\n","protected":false},"author":1,"featured_media":0,"comment_status":"open","ping_status":"open","sticky":false,"template":"","format":"standard","meta":{"footnotes":""},"categories":[2],"tags":[231],"class_list":["post-2659","post","type-post","status-publish","format-standard","hentry","category-bejegyzes","tag-foci"],"_links":{"self":[{"href":"https:\/\/gyorgyradnai.eu\/index.php?rest_route=\/wp\/v2\/posts\/2659","targetHints":{"allow":["GET"]}}],"collection":[{"href":"https:\/\/gyorgyradnai.eu\/index.php?rest_route=\/wp\/v2\/posts"}],"about":[{"href":"https:\/\/gyorgyradnai.eu\/index.php?rest_route=\/wp\/v2\/types\/post"}],"author":[{"embeddable":true,"href":"https:\/\/gyorgyradnai.eu\/index.php?rest_route=\/wp\/v2\/users\/1"}],"replies":[{"embeddable":true,"href":"https:\/\/gyorgyradnai.eu\/index.php?rest_route=%2Fwp%2Fv2%2Fcomments&post=2659"}],"version-history":[{"count":1,"href":"https:\/\/gyorgyradnai.eu\/index.php?rest_route=\/wp\/v2\/posts\/2659\/revisions"}],"predecessor-version":[{"id":2660,"href":"https:\/\/gyorgyradnai.eu\/index.php?rest_route=\/wp\/v2\/posts\/2659\/revisions\/2660"}],"wp:attachment":[{"href":"https:\/\/gyorgyradnai.eu\/index.php?rest_route=%2Fwp%2Fv2%2Fmedia&parent=2659"}],"wp:term":[{"taxonomy":"category","embeddable":true,"href":"https:\/\/gyorgyradnai.eu\/index.php?rest_route=%2Fwp%2Fv2%2Fcategories&post=2659"},{"taxonomy":"post_tag","embeddable":true,"href":"https:\/\/gyorgyradnai.eu\/index.php?rest_route=%2Fwp%2Fv2%2Ftags&post=2659"}],"curies":[{"name":"wp","href":"https:\/\/api.w.org\/{rel}","templated":true}]}}