{"id":2661,"date":"2016-06-20T10:19:47","date_gmt":"2016-06-20T09:19:47","guid":{"rendered":"http:\/\/gyorgyradnai.eu\/?p=2661"},"modified":"2016-06-20T10:22:13","modified_gmt":"2016-06-20T09:22:13","slug":"hirdetes","status":"publish","type":"post","link":"https:\/\/gyorgyradnai.eu\/?p=2661","title":{"rendered":"Hirdet\u00e9s"},"content":{"rendered":"<p><img loading=\"lazy\" decoding=\"async\" class=\"alignnone\" src=\"https:\/\/pbs.twimg.com\/media\/B2CC_ovCMAAGCOg.jpg\" width=\"600\" height=\"813\" \/><br \/>\nA magyar korm\u00e1ny, Orb\u00e1n Viktor al\u00e1\u00edr\u00e1s\u00e1val Nagy-Britannia eur\u00f3pai uni\u00f3s tags\u00e1g\u00e1nak meg\u0151rz\u00e9se mellett \u00e9rvel\u0151 hirdet\u00e9st jelentetett meg h\u00e9tf\u0151n a brit sajt\u00f3ban \u2013 t\u00e1j\u00e9koztatta az MTI-t Kov\u00e1cs Z. megmagyar\u00e1z\u00f3, \u201e\u00e9s siker\u00fclt?\u201d ember. &#8222;<a href=\"http:\/\/mti.hu\/Pages\/Default.aspx?lang=hun&amp;menuid=\">A d\u00f6nt\u00e9s az \u00d6n\u00f6k\u00e9, de szeretn\u00e9m, ha tudn\u00e1k, hogy Magyarorsz\u00e1g b\u00fcszk\u00e9n \u00e1ll \u00d6n\u00f6k mellett az Eur\u00f3pai Uni\u00f3 tagjak\u00e9nt<\/a>&#8221; \u2013 \u00edrta nev\u00fcnkben(?!) Orb\u00e1n a hirdet\u00e9sben.<br \/>\nA szok\u00e1sos elj\u00e1r\u00e1s \u2013 mormolom magamban: ne magadat mutasd meg, hanem amilyennek l\u00e1ttatni akarod magad! Kifel\u00e9 ez\u00e9rt benn akarunk maradni, mert benn m\u00e9gis csak jobb, meg szebb, meg oligarch\u00e1inknak (\u00e9rtsd: a MAGYAR hatalmaskod\u00f3 \u2019f\u0151uraknak\u2019, m\u00e1gn\u00e1soknak, a n\u00e9p felett uralkod\u00f3 kiskir\u00e1lyoknak, \u00e9s persze a legf\u0151bb vez\u00e9rnek) m\u00e9giscsak el\u0151ny\u00f6sebb. Akkor is, ha ez m\u00e1r nem is ugyanaz az Eur\u00f3pa, ami volt, ez\u00e9rt nevezi most a magyar Korm\u00e1ny a hirdet\u00e9st az igazi \u201e<a href=\"http:\/\/wikiszotar.hu\/wiki\/magyar_ertelmezo_szotar\/Pro\">pro-eur\u00f3pai hozz\u00e1\u00e1ll\u00e1s<\/a>\u201d-nak. Befel\u00e9 meg persze ki akarunk ker\u00fclni a \u2019k\u00f6t\u00f6tts\u00e9gekb\u0151l\u2019, \u2019a senki \u00e1ltal f\u00f6l nem hatalmazott br\u00fcsszeli apparatcsikok uralma al\u00f3l\u2019, amit most Eur\u00f3pa regul\u00e1z\u00e1s\u00e1val, a magyar n\u00e9pszavaz\u00e1s ijeszt\u0151 \u00e9s elrettent\u0151 p\u00e9ld\u00e1j\u00e1val pr\u00f3b\u00e1lunk \u00e9rz\u00e9keltetni. Bocsi:<br \/>\n\u2019dehogyisakarunkkil\u00e9pniebb\u0151lazinternacionalistaliber\u00e1lisfert\u0151b\u0151l\u2019;<br \/>\nellenkez\u0151leg: mi akarunk ir\u00e1nyt mutatni, j\u00f6v\u0151t meg ker\u00edt\u00e9st adni, kereszt\u00e9nyi szeretetet a preambulumba belecikorny\u00e1zni, \u00e9s \u00edgy tov\u00e1bb, unalomig.<br \/>\nEz\u00e9rt most hirdet\u00fcnk. Holnap meg \u2019n\u00e9pszavaz\u00e1sosdizunk\u2019. Amihez persze csalunk is. Akarom mondani: a Korm\u00e1nyunk csal is. Meg hozz\u00e1 az NVB, \u00e9l\u00e9n a K\u00f6zszolg\u00e1lati Egyetem rektor\u00e1val (mire tan\u00edthatja az a pali a leend\u0151 korm\u00e1nyhivatalnokokat?). Meg minden \u00e9rintett \u00e1llami hivatal is. Ez is a \u2019pro-eur\u00f3pai hozz\u00e1\u00e1ll\u00e1s\u2019 szelleme!<br \/>\nMert \u201e<a href=\"https:\/\/bookline.hu\/product\/home.action?_v=Schmidt_Maria_Nyugaton_a_helyzet_valtozoban_Esszek&amp;id=269097&amp;type=22\">Nyugaton a helyzet v\u00e1ltoz\u00f3ban<\/a>\u201d \u2013 ahogy \u00edrja a Terror H\u00e1z\u00e1t vezet\u0151, neves milli\u00e1rdos asszony k\u00f6nyv\u00e9ben, a rem\u00e9ny er\u0151s\u00f6dik. Csak ezek a migr\u00e1ncsosok, gazdas\u00e1gi bev\u00e1ndorl\u00f3k, ezek a munkaker\u00fcl\u0151k, ezek a m\u00e9lt\u00f3s\u00e1got, alapj\u00f6vedelmet hirdet\u0151k, a szolidarit\u00e1st terjeszt\u0151k ne lenn\u00e9nek\u2026<\/p>\n<p>2016. 06. 20.<\/p>\n","protected":false},"excerpt":{"rendered":"<p>A magyar korm\u00e1ny, Orb\u00e1n Viktor al\u00e1\u00edr\u00e1s\u00e1val Nagy-Britannia eur\u00f3pai uni\u00f3s tags\u00e1g\u00e1nak meg\u0151rz\u00e9se mellett \u00e9rvel\u0151 hirdet\u00e9st jelentetett meg h\u00e9tf\u0151n a brit sajt\u00f3ban \u2013 t\u00e1j\u00e9koztatta az MTI-t Kov\u00e1cs Z. megmagyar\u00e1z\u00f3, \u201e\u00e9s siker\u00fclt?\u201d ember. &#8222;A d\u00f6nt\u00e9s az \u00d6n\u00f6k\u00e9, de szeretn\u00e9m, ha tudn\u00e1k, hogy Magyarorsz\u00e1g b\u00fcszk\u00e9n \u00e1ll \u00d6n\u00f6k mellett az Eur\u00f3pai Uni\u00f3 tagjak\u00e9nt&#8221; \u2013 \u00edrta nev\u00fcnkben(?!) Orb\u00e1n a hirdet\u00e9sben. A [&hellip;]<\/p>\n","protected":false},"author":1,"featured_media":0,"comment_status":"open","ping_status":"open","sticky":false,"template":"","format":"standard","meta":{"footnotes":""},"categories":[2],"tags":[321],"class_list":["post-2661","post","type-post","status-publish","format-standard","hentry","category-bejegyzes","tag-hirdetes"],"_links":{"self":[{"href":"https:\/\/gyorgyradnai.eu\/index.php?rest_route=\/wp\/v2\/posts\/2661","targetHints":{"allow":["GET"]}}],"collection":[{"href":"https:\/\/gyorgyradnai.eu\/index.php?rest_route=\/wp\/v2\/posts"}],"about":[{"href":"https:\/\/gyorgyradnai.eu\/index.php?rest_route=\/wp\/v2\/types\/post"}],"author":[{"embeddable":true,"href":"https:\/\/gyorgyradnai.eu\/index.php?rest_route=\/wp\/v2\/users\/1"}],"replies":[{"embeddable":true,"href":"https:\/\/gyorgyradnai.eu\/index.php?rest_route=%2Fwp%2Fv2%2Fcomments&post=2661"}],"version-history":[{"count":3,"href":"https:\/\/gyorgyradnai.eu\/index.php?rest_route=\/wp\/v2\/posts\/2661\/revisions"}],"predecessor-version":[{"id":2664,"href":"https:\/\/gyorgyradnai.eu\/index.php?rest_route=\/wp\/v2\/posts\/2661\/revisions\/2664"}],"wp:attachment":[{"href":"https:\/\/gyorgyradnai.eu\/index.php?rest_route=%2Fwp%2Fv2%2Fmedia&parent=2661"}],"wp:term":[{"taxonomy":"category","embeddable":true,"href":"https:\/\/gyorgyradnai.eu\/index.php?rest_route=%2Fwp%2Fv2%2Fcategories&post=2661"},{"taxonomy":"post_tag","embeddable":true,"href":"https:\/\/gyorgyradnai.eu\/index.php?rest_route=%2Fwp%2Fv2%2Ftags&post=2661"}],"curies":[{"name":"wp","href":"https:\/\/api.w.org\/{rel}","templated":true}]}}