{"id":2853,"date":"2016-10-12T10:14:35","date_gmt":"2016-10-12T09:14:35","guid":{"rendered":"http:\/\/gyorgyradnai.eu\/?p=2853"},"modified":"2016-10-12T10:14:35","modified_gmt":"2016-10-12T09:14:35","slug":"megint-elkepzelem","status":"publish","type":"post","link":"https:\/\/gyorgyradnai.eu\/?p=2853","title":{"rendered":"Megint elk\u00e9pzelem&#8230;"},"content":{"rendered":"<p><img loading=\"lazy\" decoding=\"async\" class=\"alignnone size-medium\" src=\"http:\/\/m.cdn.blog.hu\/sz\/szeka\/image\/-tusvanyos_orban.jpg\" alt=\"\" width=\"676\" height=\"466\" \/><br \/>\nElk\u00e9pzelem, hogy \u00e9n is ott \u00fcl\u00f6k k\u00f6z\u00f6tt\u00fck, egy ismeretlen nagy teremben \u00e9s vel\u00fck egy\u00fctt v\u00e1rok valamire. Illetve pr\u00f3b\u00e1lok dolgozni. A k\u00f6lcs\u00f6n laptopon. Egy \u00faj mail c\u00edmet is l\u00e9trehozok a gmailon, \u00e9s pr\u00f3b\u00e1lom felid\u00e9zni az ismer\u0151s\u0151k mail c\u00edmeit. Aki\u00e9re eml\u00e9kszem, annak \u00edrok, hogy k\u00fcldje m\u00e1r vissza csatoltan, amit p\u00e9nteken (p\u00e9nteken, cs\u00fct\u00f6rt\u00f6k\u00f6n, szerd\u00e1n, kedden, h\u00e9tf\u0151n\u2026) k\u00fcldtem neki, mert nekem m\u00e1r (most) nincs meg. Sunyin, olyan szok\u00e1sos-fideszesen ellopt\u00e1k. Azt mondt\u00e1k, csomagoljak be, nyugodtan rakjam be a dobozba, \u0151k majd \u00e1tviszik, az \u00faj hely\u00fcnkre, ami a r\u00e9gi lesz (volt). Nagy buli \u00e9s pizza is lesz. Ahogyan (\u00e1tver\u0151en \u00e9s mindig is) mondj\u00e1k (mondt\u00e1k): 2022-t\u0151l fizet\u00e9semel\u00e9s lesz a k\u00f6zszf\u00e9r\u00e1ban, az orvosok, pedag\u00f3gusok, a katon\u00e1k b\u00e9re csillag\u00e1szati magass\u00e1gokba emelkedik majd. Azt\u00e1n nem emelkedett, nem emelkedik. Ahogy most sem \u00e9rkezett meg a becsomagolt csomagom. Meg persze \u00e9n se. De a csomagom, az nagyon hi\u00e1nyzik. Mert nagyon k\u00e9ne. Mert folytatni akarom.<br \/>\nElk\u00e9pzelem, hogy az egyik fideszes (r\u00e9m\u00e1lom) parlamenti (\u00f6nkorm\u00e1nyzati) k\u00e9pvisel\u0151 vagyok, aki szombaton reggel \u00e9ppen f\u00f6l\u00e9bredek, megmosom a fogaimat, megiszom a k\u00e1v\u00e9mat \u00e9s titokban \u2013 hiszen itthon vagyok, \u00e9s itthon (m\u00e9g) lehet \u2013 benyomom az ATV-t (H\u00edr TV-t, Klubr\u00e1di\u00f3t) \u00e9s meghallom a h\u00edrt, hogy nol.hu sz\u00fcnetel, mert \u00faj koncepci\u00f3 form\u00e1l\u00f3dik. Azt\u00e1n j\u00f6n az \u00fajabb h\u00edr, hogy oda a N\u00e9pszabi is. Zakson, gondolom, ez legyen a legnagyobb bajunk. Azt\u00e1n bevillan: te j\u00f3 isten, mit fogok err\u0151l nyilatkozni, ha valaki k\u00e9rdezi? Mert biztosan k\u00e9rdezni fog, az a sok barom indexes, meg 444. hu-s, az a sok liber\u00e1lis g\u00e1gog\u00f3, akik engem csak macskajancsinak l\u00e1ttatnak. H\u00edvom is a T\u00f3nit, \u0151 majd megmondja, hogy mit is mondjak. B\u00e1r most neki sem egyszer\u0171, b\u00e1ntj\u00e1k szeg\u00e9nyt, mert neki futja helikopteres \u00fatra. A sok irigy marh\u00e1ja. M\u00e1r cs\u00f6r\u00f6g is: gazdas\u00e1gi l\u00e9p\u00e9s, mert vesztes\u00e9ges, csak ezt mondj\u00e1tok, meg sajn\u00e1lkozzatok egy kicsit, az\u00e9r\u2019 ne nagyon, de egy kicsit; neh\u00e9z lesz, de majd megoldjuk, de akkor se csod\u00e1lkozzatok, amikor a rezsibiztos elengedi mag\u00e1t majd a nyilatkozat\u00e1n\u00e1l, mert a krokodilk\u00f6nnyez\u0151 \u00e1ll\u00e1spont csak egyedi lesz, legfeljebb a bayerj\u00f3zsi fog m\u00e9g \u00edgy sz\u00f3lni. Akkor rendben van, ha \u0151k tudnak r\u00f3la, \u00e9s k\u00e9zben tartj\u00e1k a gyepl\u0151t, akkor minden rendben lesz. A Viktor nagyon tudja ezt csin\u00e1lni.<br \/>\nAzt\u00e1n elk\u00e9pzelem, hogy Wittner M\u00e1ria <a href=\"http:\/\/www.sztarklikk.hu\/kozelet\/emberi-meltosagert-dijat-kapott-a-horn-gyula-halalat-kivano-wittner-maria\/297643\">kapja <\/a>az idei Emberi M\u00e9lt\u00f3s\u00e1g\u00e9rt kit\u00fcntet\u00e9st, amit Lomnici Zolt\u00e1n, Lomnici Zolt\u00e1nnak, a Legfels\u0151bb B\u00edr\u00f3s\u00e1g volt eln\u00f6k\u00e9nek a fia, az EMT eln\u00f6ke ny\u00fajt \u00e1t neki. Azt\u00e1n meg azt k\u00e9pzelem, hogy a Pet\u0151fi R\u00e1di\u00f3 az Avanti Ragazzi di Budapest c\u00edm\u0171 dal\u00e1ra <a href=\"http:\/\/www.borsonline.hu\/aktualis\/neonacik-kedvelt-indulojara-irt-ki-palyazatot-a-kozradio\/120402\">sz\u00f6veg\u00edr\u00f3i p\u00e1ly\u00e1zatot hirdet<\/a>.<br \/>\nHirtelen elk\u00e9pzelem, hogy reggel hat \u00f3ra van \u00e9s cs\u00f6ngetnek \u00e9s bel\u00e9pnek a &#8222;szervek&#8221;: de mi ez a zaj, riadok f\u00f6l f\u00e9l\u00e1lomban, r\u00e1n\u00e9zek az \u00f3r\u00e1ra az \u00e9jjeli szekr\u00e9nyen, hat \u00f3ra, cs\u00f6ngettek\u2026<\/p>\n<p>2016. 10. 12.<\/p>\n","protected":false},"excerpt":{"rendered":"<p>Elk\u00e9pzelem, hogy \u00e9n is ott \u00fcl\u00f6k k\u00f6z\u00f6tt\u00fck, egy ismeretlen nagy teremben \u00e9s vel\u00fck egy\u00fctt v\u00e1rok valamire. Illetve pr\u00f3b\u00e1lok dolgozni. A k\u00f6lcs\u00f6n laptopon. Egy \u00faj mail c\u00edmet is l\u00e9trehozok a gmailon, \u00e9s pr\u00f3b\u00e1lom felid\u00e9zni az ismer\u0151s\u0151k mail c\u00edmeit. Aki\u00e9re eml\u00e9kszem, annak \u00edrok, hogy k\u00fcldje m\u00e1r vissza csatoltan, amit p\u00e9nteken (p\u00e9nteken, cs\u00fct\u00f6rt\u00f6k\u00f6n, szerd\u00e1n, kedden, h\u00e9tf\u0151n\u2026) k\u00fcldtem neki, [&hellip;]<\/p>\n","protected":false},"author":1,"featured_media":0,"comment_status":"open","ping_status":"open","sticky":false,"template":"","format":"standard","meta":{"footnotes":""},"categories":[2],"tags":[357],"class_list":["post-2853","post","type-post","status-publish","format-standard","hentry","category-bejegyzes","tag-nepszabi"],"_links":{"self":[{"href":"https:\/\/gyorgyradnai.eu\/index.php?rest_route=\/wp\/v2\/posts\/2853","targetHints":{"allow":["GET"]}}],"collection":[{"href":"https:\/\/gyorgyradnai.eu\/index.php?rest_route=\/wp\/v2\/posts"}],"about":[{"href":"https:\/\/gyorgyradnai.eu\/index.php?rest_route=\/wp\/v2\/types\/post"}],"author":[{"embeddable":true,"href":"https:\/\/gyorgyradnai.eu\/index.php?rest_route=\/wp\/v2\/users\/1"}],"replies":[{"embeddable":true,"href":"https:\/\/gyorgyradnai.eu\/index.php?rest_route=%2Fwp%2Fv2%2Fcomments&post=2853"}],"version-history":[{"count":1,"href":"https:\/\/gyorgyradnai.eu\/index.php?rest_route=\/wp\/v2\/posts\/2853\/revisions"}],"predecessor-version":[{"id":2854,"href":"https:\/\/gyorgyradnai.eu\/index.php?rest_route=\/wp\/v2\/posts\/2853\/revisions\/2854"}],"wp:attachment":[{"href":"https:\/\/gyorgyradnai.eu\/index.php?rest_route=%2Fwp%2Fv2%2Fmedia&parent=2853"}],"wp:term":[{"taxonomy":"category","embeddable":true,"href":"https:\/\/gyorgyradnai.eu\/index.php?rest_route=%2Fwp%2Fv2%2Fcategories&post=2853"},{"taxonomy":"post_tag","embeddable":true,"href":"https:\/\/gyorgyradnai.eu\/index.php?rest_route=%2Fwp%2Fv2%2Ftags&post=2853"}],"curies":[{"name":"wp","href":"https:\/\/api.w.org\/{rel}","templated":true}]}}