{"id":2855,"date":"2016-10-13T11:33:01","date_gmt":"2016-10-13T10:33:01","guid":{"rendered":"http:\/\/gyorgyradnai.eu\/?p=2855"},"modified":"2016-10-13T11:41:54","modified_gmt":"2016-10-13T10:41:54","slug":"szolidaritas","status":"publish","type":"post","link":"https:\/\/gyorgyradnai.eu\/?p=2855","title":{"rendered":"Szolidarit\u00e1s&#8230;"},"content":{"rendered":"<p><img loading=\"lazy\" decoding=\"async\" class=\"alignnone size-medium\" src=\"http:\/\/www.vdszsz.hu\/news\/6236\/1260-used_shoes.jpg\" alt=\"\" width=\"1260\" height=\"916\" \/><br \/>\nMa a szolidarit\u00e1sr\u00f3l akartam \u00edrni. Arr\u00f3l, hogy tegnap becs\u00f6ngetett hozz\u00e1nk egy fiatal l\u00e1ny, tal\u00e1n \u00e9ppen ment az egyetemre, vagy onnan j\u00f6tt, hogy mostan\u00e1ban t\u00f6bbsz\u00f6r erre fel\u00e9 j\u00e1r haza \u00e9s ez a fekete kiskutya mindig itt, ny\u00fcsz\u00edt a ker\u00edt\u00e9sen k\u00edv\u00fcl. tal\u00e1n nem vessz\u00fck \u00e9szre \u00e9s ez\u00e9rt nem engedj\u00fck be. A l\u00e1ny nem volt tolakod\u00f3, se szemtelen, ink\u00e1bb a kutya ir\u00e1nt \u00e9rzett aggodalom nyomathatta meg a cseng\u0151t vele, hogy egy ismeretlen helyre, ismeretlen\u00fcl becs\u00f6ngetett. Elmosolyodtam, hogy oldjam az idegens\u00e9gb\u0151l ad\u00f3d\u00f3 fesz\u00fclts\u00e9get, \u00e9s a fesz\u00fclts\u00e9gb\u0151l k\u00f6vetkez\u0151 ideges f\u00e9lelmet is: a szomsz\u00e9d kuty\u00e1ja, mindig kisz\u00f6kik, biztos valahol lukas a ker\u00edt\u00e9s\u00fck, most meg, hogy t\u00fczel a mi\u00e9nk, \u00e1lland\u00f3an errefel\u00e9 tekereg. Majd hazamegy, z\u00e1rtam le a besz\u00e9lget\u00e9st, \u00e9s m\u00e9g egy \u201eSz\u00e9p napot\u201d-tal is elk\u00f6sz\u00f6ntem. Mag\u00e1nak is, mosolyodott most m\u00e1r el a l\u00e1ny is, aki tal\u00e1n \u00e9ppen valamelyik egyetemre ment tanulni.<br \/>\nSz\u00f3val a szolidarit\u00e1sr\u00f3l akartam ma \u00edrni, amikor az egyik ad\u00f3n megjelent egy, nekem nem ismer\u0151s, fideszes (kereszt\u00e9nydemokrata, jobbikos) politikus, akit a magyar alapt\u00f6rv\u00e9ny (2011. \u00e1prilis 25.) \u00e9s (el\u0151rel\u00e1that\u00f3 2016. novemberi) m\u00f3dos\u00edt\u00e1s\u00e1nak az \u00e9rtelm\u00e9r\u0151l, \u00f6sszef\u00fcgg\u00e9seir\u0151l k\u00e9rdezgetett a riporter. Arr\u00f3l, hogy most, imm\u00e1r hetedszer (\u201e<a href=\"http:\/\/mek.oszk.hu\/05500\/05570\/html\/jozsef_attila0011.html\">A hetedik te magad l\u00e9gy<\/a>!\u201d) kell kieg\u00e9sz\u00edteni azt, ami egy\u00e9bk\u00e9nt \u00e9vsz\u00e1zadokra sz\u00f3l(na), \u00e9s ez\u00e9rt, a v\u00e1ltoztat\u00e1s eg\u00e9szen egyed\u00fcl\u00e1ll\u00f3 a vil\u00e1gon: \u00f6r\u00f6m \u00e9s b\u00fcszkes\u00e9g, m\u00e1r megint valamiben nyert\u00fcnk, mi vagyunk a legjobbak, ebben is verhetetlenek vagyunk! (Az Amerikai Egyes\u00fclt \u00c1llamok alkotm\u00e1ny\u00e1t 1789 \u00f3ta mind\u00f6sszesen huszonh\u00e9tszer m\u00f3dos\u00edtott\u00e1k, legut\u00f3bb 1992-ben.) Egysz\u00f3val a m\u00f3dos\u00edt\u00e1s volt a k\u00e9rd\u00e9s, meg az, hogy mit is jelent val\u00f3j\u00e1ban a kereszt\u00e9nys\u00e9g az alapt\u00f6rv\u00e9nyben, hiszen ahhoz szorosan kapcsol\u00f3dik, a ne lopj, ne k\u00e1romkodj, ne csald meg a feles\u00e9ged, ne hazudj, \u00e9s h\u00e1t enyh\u00e9n sz\u00f3lva is a ma politikusa nem tartja ezeket a parancsolatokat (se) tiszteletben. Akkor meg, minek hivatkozni a kereszt\u00e9nys\u00e9gre? A nekem nem ismer\u0151s, fideszes (kereszt\u00e9nydemokrata, jobbikos) politikus csak mosolygott: ezt ti nem \u00e9rtitek, ez nem a ti \u00fcgyetek.<br \/>\nSz\u00f3val a szolidarit\u00e1sr\u00f3l akartam ma \u00edrni, amikor a kezembe ker\u00fclt egy k\u00f6nyv \u00e9s a szemembe \u00f6tl\u00f6tt az egyik mondata: \u201e\u2026<a href=\"https:\/\/www.libri.hu\/konyv\/david_kinney.az-ordog-naploja.html\"> a rossz ir\u00e1nyba tett legkisebb l\u00e9p\u00e9sek is katasztr\u00f3fa fel\u00e9 vezethetnek egy nemzetet<\/a>\u2026\u201d. Hiszen a \u201eNew York Times szerkeszt\u0151s\u00e9gi \u00e1ll\u00e1sfoglal\u00e1sban\u201d \u00edrt arr\u00f3l, hogy Orb\u00e1n\u00e9k olyan ellens\u00e9gesked\u00e9st kelthetnek, ami 100 \u00e9ve vil\u00e1gh\u00e1bor\u00fahoz vezetett. A felkorb\u00e1csolt gy\u0171l\u00f6let-cunami k\u00f6vetkezm\u00e9nyei bel\u00e1thatatlanok, nem is \u201elegkisebb l\u00e9p\u00e9sek\u201d. Az elvesztett n\u00e9pszavaz\u00e1st letagad\u00f3 penetr\u00e1ns hazudoz\u00e1s m\u00e1ra m\u00e1r beteges \u00f6nfelment\u00e9ss\u00e9, \u00e9s tov\u00e1bbi ellens\u00e9g-k\u00e9pz\u00e9ss\u00e9 v\u00e1ltozott. Hogy a N\u00e9pszabads\u00e1g aljas \u00e9s sunyi, mert ny\u00edltan f\u00f6l nem v\u00e1llalt lefejez\u00e9se valaminek a kezdete, hiszen m\u00e1r \u00fajabb einstandokr\u00f3l is sz\u00f3l a mese. \u00dagy t\u0171nik: nincs meg\u00e1ll\u00e1s!<br \/>\nA szolidarit\u00e1sr\u00f3l akartam \u00edrni. Hogy m\u00e1sk\u00e9pp nem megy, mert nem vagyunk egyed\u00fcl. \u00c9s a becs\u00f6nget\u0151 l\u00e1nyra gondolok, \u201eA hetedik\u201d-re gondolok, az \u00edr\u00f3ra is, aki figyelmeztet minden kis l\u00e9p\u00e9s vesz\u00e9ly\u00e9re. De akkor beugrik a rokon, a bar\u00e1t, akinek gyereke van, \u00e9s az\u00e9rt nem; az ismer\u0151s, akinek \u00e9ppen fut a szek\u00e9r, \u00e9s az\u00e9rt nem; a bar\u00e1t, aki most utazott k\u00fclf\u00f6ldre, \u00e9s az\u00e9rt nem\u2026<br \/>\nA szolidarit\u00e1sr\u00f3l akartam \u00edrni\u2026<\/p>\n<p>2016. 10. 13.<\/p>\n","protected":false},"excerpt":{"rendered":"<p>Ma a szolidarit\u00e1sr\u00f3l akartam \u00edrni. Arr\u00f3l, hogy tegnap becs\u00f6ngetett hozz\u00e1nk egy fiatal l\u00e1ny, tal\u00e1n \u00e9ppen ment az egyetemre, vagy onnan j\u00f6tt, hogy mostan\u00e1ban t\u00f6bbsz\u00f6r erre fel\u00e9 j\u00e1r haza \u00e9s ez a fekete kiskutya mindig itt, ny\u00fcsz\u00edt a ker\u00edt\u00e9sen k\u00edv\u00fcl. tal\u00e1n nem vessz\u00fck \u00e9szre \u00e9s ez\u00e9rt nem engedj\u00fck be. A l\u00e1ny nem volt tolakod\u00f3, se szemtelen, [&hellip;]<\/p>\n","protected":false},"author":1,"featured_media":0,"comment_status":"open","ping_status":"open","sticky":false,"template":"","format":"standard","meta":{"footnotes":""},"categories":[2],"tags":[63],"class_list":["post-2855","post","type-post","status-publish","format-standard","hentry","category-bejegyzes","tag-szolidaritas"],"_links":{"self":[{"href":"https:\/\/gyorgyradnai.eu\/index.php?rest_route=\/wp\/v2\/posts\/2855","targetHints":{"allow":["GET"]}}],"collection":[{"href":"https:\/\/gyorgyradnai.eu\/index.php?rest_route=\/wp\/v2\/posts"}],"about":[{"href":"https:\/\/gyorgyradnai.eu\/index.php?rest_route=\/wp\/v2\/types\/post"}],"author":[{"embeddable":true,"href":"https:\/\/gyorgyradnai.eu\/index.php?rest_route=\/wp\/v2\/users\/1"}],"replies":[{"embeddable":true,"href":"https:\/\/gyorgyradnai.eu\/index.php?rest_route=%2Fwp%2Fv2%2Fcomments&post=2855"}],"version-history":[{"count":2,"href":"https:\/\/gyorgyradnai.eu\/index.php?rest_route=\/wp\/v2\/posts\/2855\/revisions"}],"predecessor-version":[{"id":2857,"href":"https:\/\/gyorgyradnai.eu\/index.php?rest_route=\/wp\/v2\/posts\/2855\/revisions\/2857"}],"wp:attachment":[{"href":"https:\/\/gyorgyradnai.eu\/index.php?rest_route=%2Fwp%2Fv2%2Fmedia&parent=2855"}],"wp:term":[{"taxonomy":"category","embeddable":true,"href":"https:\/\/gyorgyradnai.eu\/index.php?rest_route=%2Fwp%2Fv2%2Fcategories&post=2855"},{"taxonomy":"post_tag","embeddable":true,"href":"https:\/\/gyorgyradnai.eu\/index.php?rest_route=%2Fwp%2Fv2%2Ftags&post=2855"}],"curies":[{"name":"wp","href":"https:\/\/api.w.org\/{rel}","templated":true}]}}