{"id":2858,"date":"2016-10-14T10:34:04","date_gmt":"2016-10-14T09:34:04","guid":{"rendered":"http:\/\/gyorgyradnai.eu\/?p=2858"},"modified":"2016-10-14T10:41:23","modified_gmt":"2016-10-14T09:41:23","slug":"csak-targyszeruen","status":"publish","type":"post","link":"https:\/\/gyorgyradnai.eu\/?p=2858","title":{"rendered":"Csak t\u00e1rgyszer\u0171en&#8230;"},"content":{"rendered":"<p><img loading=\"lazy\" decoding=\"async\" class=\"alignnone size-medium\" src=\"https:\/\/scontent-vie1-1.xx.fbcdn.net\/v\/t1.0-9\/14721534_642412332594067_8886865348321655118_n.jpg?oh=5137d943a6b2036ee46b786fd3b671f9&amp;oe=586D53B6\" alt=\"\" width=\"420\" height=\"280\" \/><\/p>\n<p>\u00c1tadta. Hogy mi\u00e9rt \u0150, azt csak \u0150, meg a Habony tudja. Persze N\u00e9lk\u00fcle nem j\u00f6tt volna l\u00e9tre. Mert ugyan nincs k\u00f6ze hozz\u00e1, de m\u00e9gis \u0150 d\u00f6nt\u00f6tt. Ebben is. Ahogy mindenben. N\u00e9lk\u00fcle nincs, m\u00e9g egy fakiv\u00e1g\u00e1s sem. Metr\u00f3-fel\u00faj\u00edt\u00e1s sem. N\u00e9pszavaz\u00e1sosdi sem. Pl\u00e1ne, hogy egy stadion meg\u00e9p\u00fclj\u00f6n. A Deutsch csal\u00e1dnak. M\u00e9g a megnyit\u00f3n sem volt telt h\u00e1z. Pedig mindenki tudta: \u0150 ott lesz. Ahogyan Rig\u00e1ban is ott volt. Mert minden\u00fctt ott van, ahol a haza sorsa eld\u0151l. M\u00e1rpedig Rig\u00e1ban, mi is d\u0151lt el Rig\u00e1ban?<br \/>\nSz\u00f3val: \u00e1tadta. M\u00e9g besz\u00e9det is mondott. Hogy m\u00falt, jelen \u00e9s j\u00f6vend\u0151. A haza f\u00e9nyre der\u00fcl! Egy \u00e9kszerdobozban. Amit \u0150 ad \u00e1t \u00e9ppen. \u00c9s akkor f\u00fcty\u00fclnek. Mit f\u00fcty\u00fclnek: ordib\u00e1lnak, hogy ne lopjon, hogy ne hazudozzon, meg takarodjon. B\u00e1r az MTI szerint semmi ilyen nem t\u00f6rt\u00e9nt. Az M4-nek m\u00e9g baja lesz ebb\u0151l. Pedig, milyen sz\u00e9pen indult, zen\u00e9vel, l\u00e1nyokkal, a r\u00e9giekkel, meg, hogy az MTK, ha nemzet lenne (az lenne csak az igazi bazmeg), akkor 33. lenne a nemzetek rangsor\u00e1ban. A lib\u00e1sok, \u00e9rtitek, most persze a nemzet r\u00e9szei! Ilyenkor mi adtuk a legt\u00f6bb Nobel d\u00edjast a vil\u00e1gnak. Ar\u00e1nyosan. Meg a legt\u00f6bb arany is a mi\u00e9nk. Ar\u00e1nyosan. Ah, milyen aranyos.<br \/>\nEgysz\u00f3val: \u00e1tadta! \u00dcnnep\u00e9lyesen: s\u00edppal, dobbal, n\u00e1di heged\u0171vel! Igaz BL meccset itt nem lehet majd j\u00e1tszani. Se olimpi\u00e1t idehozni. De, \u00e1tadta. V\u00e9gre megint \u00e1tadhatott valamit. De mi\u00e9rt nem ad \u00e1t b\u00e9rlak\u00e1st, szoci\u00e1lis otthont, iskol\u00e1t, \u00f3vod\u00e1t, b\u00f6lcs\u0151d\u00e9t; mi\u00e9rt nem seg\u00edt az elesetteken, mi\u00e9rt nem\u2026 , h\u00fclye vagyok, hogy ilyeneket k\u00e9rdezek.<br \/>\nCsak t\u00e1rgyszer\u0171en: \u00e1tadta\u2026<\/p>\n<p>2016. 10. 14.<\/p>\n","protected":false},"excerpt":{"rendered":"<p>\u00c1tadta. Hogy mi\u00e9rt \u0150, azt csak \u0150, meg a Habony tudja. Persze N\u00e9lk\u00fcle nem j\u00f6tt volna l\u00e9tre. Mert ugyan nincs k\u00f6ze hozz\u00e1, de m\u00e9gis \u0150 d\u00f6nt\u00f6tt. Ebben is. Ahogy mindenben. N\u00e9lk\u00fcle nincs, m\u00e9g egy fakiv\u00e1g\u00e1s sem. Metr\u00f3-fel\u00faj\u00edt\u00e1s sem. N\u00e9pszavaz\u00e1sosdi sem. Pl\u00e1ne, hogy egy stadion meg\u00e9p\u00fclj\u00f6n. A Deutsch csal\u00e1dnak. M\u00e9g a megnyit\u00f3n sem volt telt h\u00e1z. [&hellip;]<\/p>\n","protected":false},"author":1,"featured_media":0,"comment_status":"open","ping_status":"open","sticky":false,"template":"","format":"standard","meta":{"footnotes":""},"categories":[2],"tags":[358],"class_list":["post-2858","post","type-post","status-publish","format-standard","hentry","category-bejegyzes","tag-atadta"],"_links":{"self":[{"href":"https:\/\/gyorgyradnai.eu\/index.php?rest_route=\/wp\/v2\/posts\/2858","targetHints":{"allow":["GET"]}}],"collection":[{"href":"https:\/\/gyorgyradnai.eu\/index.php?rest_route=\/wp\/v2\/posts"}],"about":[{"href":"https:\/\/gyorgyradnai.eu\/index.php?rest_route=\/wp\/v2\/types\/post"}],"author":[{"embeddable":true,"href":"https:\/\/gyorgyradnai.eu\/index.php?rest_route=\/wp\/v2\/users\/1"}],"replies":[{"embeddable":true,"href":"https:\/\/gyorgyradnai.eu\/index.php?rest_route=%2Fwp%2Fv2%2Fcomments&post=2858"}],"version-history":[{"count":2,"href":"https:\/\/gyorgyradnai.eu\/index.php?rest_route=\/wp\/v2\/posts\/2858\/revisions"}],"predecessor-version":[{"id":2860,"href":"https:\/\/gyorgyradnai.eu\/index.php?rest_route=\/wp\/v2\/posts\/2858\/revisions\/2860"}],"wp:attachment":[{"href":"https:\/\/gyorgyradnai.eu\/index.php?rest_route=%2Fwp%2Fv2%2Fmedia&parent=2858"}],"wp:term":[{"taxonomy":"category","embeddable":true,"href":"https:\/\/gyorgyradnai.eu\/index.php?rest_route=%2Fwp%2Fv2%2Fcategories&post=2858"},{"taxonomy":"post_tag","embeddable":true,"href":"https:\/\/gyorgyradnai.eu\/index.php?rest_route=%2Fwp%2Fv2%2Ftags&post=2858"}],"curies":[{"name":"wp","href":"https:\/\/api.w.org\/{rel}","templated":true}]}}