{"id":2862,"date":"2016-10-16T08:42:16","date_gmt":"2016-10-16T07:42:16","guid":{"rendered":"http:\/\/gyorgyradnai.eu\/?p=2862"},"modified":"2016-10-16T08:42:16","modified_gmt":"2016-10-16T07:42:16","slug":"hangulat-jelentes-ha-urnak-a-60-unnepe-elott","status":"publish","type":"post","link":"https:\/\/gyorgyradnai.eu\/?p=2862","title":{"rendered":"Hangulat-jelent\u00e9s H\u00c1 \u00farnak a 60. \u00fcnnepe el\u0151tt"},"content":{"rendered":"<p><img loading=\"lazy\" decoding=\"async\" class=\"alignnone size-medium\" src=\"http:\/\/www.zeneszoveg.hu\/img\/olvasokor\/xkep_1321988981.jpg.pagespeed.ic.pjrbIY0wlE.jpg\" alt=\"\" width=\"357\" height=\"344\" \/><br \/>\nTelep\u00fcl\u00e9s\u00fcnk\u00f6n tulajdonk\u00e9ppen nyugodtan fogadt\u00e1k az es\u0151s \u00e9vszak bek\u00f6sz\u00f6nt\u00e9t. Egy kis izgalmat azonban okozott, hogy a v\u00edzelvezet\u0151 \u00e1rkot valaki(k) t\u00e9ved\u00e9sb\u0151l szem\u00e9tlerak\u00f3nak gondolta(\u00e1k), \u00e9s m\u00e1r m\u00e1rcius \u00f3ta oda hordja(\u00e1k) a szemetet, ami \u00e1ltal\u00e1ban nem zacsk\u00f3ban ker\u00fclt \u00f6sszegy\u0171jt\u00e9sre, \u00e9s ami mostanra m\u00e1r mindk\u00e9t oldal\u00e1n az \u00e1roknak kicsordult az \u00fatra keresztben. De az aut\u00f3k el tudnak (m\u00e9g) menni mellette, \u00edgy int\u00e9zked\u00e9sre nincs sz\u00fcks\u00e9g \u00e9s persze nem is ker\u00fclt sor. Viszont a v\u00edz m\u00e1r nem megakadt. A telep\u00fcl\u00e9s a csod\u00e1j\u00e1ra j\u00e1r a k\u00e9pz\u0151dm\u00e9nynek, sorban \u00e1llnak az \u00e1rok ker\u00edt\u00e9sfel\u00f6li oldal\u00e1n, hogy megtekinthess\u00e9k a l\u00e1tnival\u00f3t, a sorsz\u00e1mot el\u0151re mindenki let\u00e9pi, majd a megtekint\u00e9s ut\u00e1n az \u00e1rokba dobja, egyel\u0151re nagyobb \u00f6sszet\u0171z\u00e9sre nem ker\u00fclt sor. A v\u00edzelvezet\u00e9s akad\u00e1ly\u00e1val majd a decemberi falugy\u0171l\u00e9sen fogunk foglalkozni: f\u00f6lvetj\u00fck majd a k\u00e9rd\u00e9st az el\u00f6lj\u00e1r\u00f3 \u00farral egy\u00fctt. De ez legyen a legnagyobb baj.<br \/>\nHiszen k\u00e9sz\u00fcl\u00fcnk a Nagy Okt\u00f3beri \u00dcnnep\u00fcnk 60. m\u00e9lt\u00f3 meg\u00fcnnepl\u00e9s\u00e9re. Ez\u00e9rt, az Uni\u00f3 t\u00e1mogat\u00e1s\u00e1val, f\u00f6l\u00faj\u00edt\u00e1sra ker\u00fcltett\u00fck a f\u0151 meg\u00fcnnepl\u00e9si hely\u00fcnket, \u00edgy az igen tisztelt \u00e9s becs\u00fclt \u00fcnnepl\u0151 k\u00f6z\u00f6ns\u00e9g m\u00e9lt\u00f3an lesz k\u00e9pes le\u00fclni, \u00fcnnepelni, \u00e9nekelni, besz\u00e9det elmondani \u00e9s meghallgatni a besz\u00e9deket \u00e9s a Sz\u00e9kely himnuszt is. A gyerekk\u00f3rus m\u00e1r csak az \u00fcnnepi m\u0171sort gyakorolja az iskol\u00e1ban, a tananyag ismertet\u00e9s\u00e9re majd k\u00e9s\u0151bb ker\u00fcl sor, de az is lehet, hogy m\u00e9gsem. Viszont a gyerekek nagyon \u00e9lvezik, mert az \u00e9nekl\u00e9s mell\u00e9 kapnak a helyi p\u00e9kt\u0151l, aki az egyik el\u00f6lj\u00e1r\u00f3 unokatestv\u00e9r\u00e9nek a f\u00e9rje, kaka\u00f3s tekercset, amit az el\u00f6lj\u00e1r\u00f3s\u00e1g, a szoci\u00e1lis keret terh\u00e9re fedez. A p\u00e1ly\u00e1ztat\u00e1s ellen\u00e9re az \u00e1rat csak 17%-kal emelte meg az unokatestv\u00e9r, ez is el\u00e9g volt a gy\u0151zelemhez.<br \/>\nNagy f\u00f6lz\u00fadul\u00e1s k\u00eds\u00e9rte a stadionavat\u00f3t. T\u00f6bben jelezt\u00e9k a feles\u00e9g\u00fcknek, hogy azonnal j\u00f6jjenek a k\u00e9perny\u0151 el\u00e9, mert olyant l\u00e1thatnak \u00e9s hallhatnak, amit csak a gyurcs\u00e1nyi id\u0151kben l\u00e1thattak \u00e9s hallhattak: spont\u00e1nul \u00e9s hangosan kiab\u00e1ltak a n\u00e9z\u0151k, meg a riporteri is, hogy ne lehessen hallani a kiab\u00e1l\u00e1st, de m\u00e9gis lehetett hallani. Akkor m\u00e1r \u00e9n is kiab\u00e1ltam az asszonynak, de a nagy zajban nem hallotta meg a hangomat. Nem irigyeltem a kiab\u00e1l\u00f3kat, mert abban a hidegben m\u00e9g a torkuk is megf\u00e1zhatott volna. Biztosan nagyon m\u00e9rgesek lehettek. Mindenesetre a telep\u00fcl\u00e9s\u00fcnk elhat\u00e1rol\u00f3dott a kiab\u00e1l\u00e1st\u00f3l, \u00e9s hangosan h\u00edvta mindenki a kuty\u00e1j\u00e1t.<br \/>\nK\u00f6zben most l\u00e1tom, hogy az \u00e1rokba szorult v\u00edz m\u00e1r t\u00f3v\u00e1 dagadta mag\u00e1t, \u00e9s szerencs\u00e9re a b\u00e9k\u00e1k brekeg\u00e9se is elnyomta a \u201etolvaj, gazember, mondjon le\u201d zajt, ami a tv-b\u0151l j\u00f6tt. Mert ugye: \u201eAhol t\u00f3 van, lesz ott b\u00e9ka is\u201d, ahogyan ezt az igaz sz\u00e1ll\u00f3ig\u00e9t hallhatjuk mostan\u00e1ban mindenfel\u0151l!<br \/>\nUt\u00f3irat: N\u00e9pszabads\u00e1got nem kaptunk, most m\u00e1r egy hete nem j\u00f6n, de \u00e9rdekes m\u00f3don a Magyar Id\u0151ket nem viszik, mindig vissza kell k\u00fcldenie az \u00fajs\u00e1gosnak, m\u00e1r t\u00f6bbsz\u00f6r jelezte nekem, mert \u0151 meg az \u00e9n unoka\u00f6cs\u00e9m. Azt is mondta, hogy t\u00f6bben k\u00e9rtek \u00c9S-t, Magyar Narancsot, 168 \u00f3r\u00e1t, de azokat a lapokat mindig a t\u00f6bbi lap al\u00e1 teszi, \u00fagyhogy sohasem adja el.<\/p>\n<p>2016. 10. 16.<\/p>\n","protected":false},"excerpt":{"rendered":"<p>Telep\u00fcl\u00e9s\u00fcnk\u00f6n tulajdonk\u00e9ppen nyugodtan fogadt\u00e1k az es\u0151s \u00e9vszak bek\u00f6sz\u00f6nt\u00e9t. Egy kis izgalmat azonban okozott, hogy a v\u00edzelvezet\u0151 \u00e1rkot valaki(k) t\u00e9ved\u00e9sb\u0151l szem\u00e9tlerak\u00f3nak gondolta(\u00e1k), \u00e9s m\u00e1r m\u00e1rcius \u00f3ta oda hordja(\u00e1k) a szemetet, ami \u00e1ltal\u00e1ban nem zacsk\u00f3ban ker\u00fclt \u00f6sszegy\u0171jt\u00e9sre, \u00e9s ami mostanra m\u00e1r mindk\u00e9t oldal\u00e1n az \u00e1roknak kicsordult az \u00fatra keresztben. De az aut\u00f3k el tudnak (m\u00e9g) menni mellette, [&hellip;]<\/p>\n","protected":false},"author":1,"featured_media":0,"comment_status":"open","ping_status":"open","sticky":false,"template":"","format":"standard","meta":{"footnotes":""},"categories":[2],"tags":[359],"class_list":["post-2862","post","type-post","status-publish","format-standard","hentry","category-bejegyzes","tag-hangulat-jelentes"],"_links":{"self":[{"href":"https:\/\/gyorgyradnai.eu\/index.php?rest_route=\/wp\/v2\/posts\/2862","targetHints":{"allow":["GET"]}}],"collection":[{"href":"https:\/\/gyorgyradnai.eu\/index.php?rest_route=\/wp\/v2\/posts"}],"about":[{"href":"https:\/\/gyorgyradnai.eu\/index.php?rest_route=\/wp\/v2\/types\/post"}],"author":[{"embeddable":true,"href":"https:\/\/gyorgyradnai.eu\/index.php?rest_route=\/wp\/v2\/users\/1"}],"replies":[{"embeddable":true,"href":"https:\/\/gyorgyradnai.eu\/index.php?rest_route=%2Fwp%2Fv2%2Fcomments&post=2862"}],"version-history":[{"count":1,"href":"https:\/\/gyorgyradnai.eu\/index.php?rest_route=\/wp\/v2\/posts\/2862\/revisions"}],"predecessor-version":[{"id":2863,"href":"https:\/\/gyorgyradnai.eu\/index.php?rest_route=\/wp\/v2\/posts\/2862\/revisions\/2863"}],"wp:attachment":[{"href":"https:\/\/gyorgyradnai.eu\/index.php?rest_route=%2Fwp%2Fv2%2Fmedia&parent=2862"}],"wp:term":[{"taxonomy":"category","embeddable":true,"href":"https:\/\/gyorgyradnai.eu\/index.php?rest_route=%2Fwp%2Fv2%2Fcategories&post=2862"},{"taxonomy":"post_tag","embeddable":true,"href":"https:\/\/gyorgyradnai.eu\/index.php?rest_route=%2Fwp%2Fv2%2Ftags&post=2862"}],"curies":[{"name":"wp","href":"https:\/\/api.w.org\/{rel}","templated":true}]}}