{"id":2979,"date":"2016-12-13T11:37:22","date_gmt":"2016-12-13T10:37:22","guid":{"rendered":"http:\/\/gyorgyradnai.eu\/?p=2979"},"modified":"2016-12-13T15:09:38","modified_gmt":"2016-12-13T14:09:38","slug":"bekes-karacsonyt-neked-is-gyuri","status":"publish","type":"post","link":"https:\/\/gyorgyradnai.eu\/?p=2979","title":{"rendered":"B\u00e9k\u00e9s kar\u00e1csonyt Neked is, Gyuri!"},"content":{"rendered":"<p><img loading=\"lazy\" decoding=\"async\" class=\"alignnone size-medium\" src=\"http:\/\/alfahir.hu\/sites\/barikad.hu\/files\/2013\/02\/image1318433406.jpg\" width=\"500\" height=\"375\" \/><br \/>\n\u201e<em>Az oszt\u00e1lyharc fokoz\u00f3dik<\/em>.\u201d<br \/>\nJa, ezt nem most, hanem m\u00e9g akkor mondta a Gyuri, amikor az \u00e1tkosban hozz\u00e1sz\u00f3lt valamelyik p\u00e1rtcsoport \u00e9rtekezleten, amikor a t\u00e9ma: a p\u00e9nz\u00fcgyek szerepe a XX. sz\u00e1zadi Magyarorsz\u00e1gon volt. De lehet, hogy t\u00e9vedek: ez a hozz\u00e1sz\u00f3l\u00e1s nem p\u00e1rtcsoport \u00e9rtekezleten t\u00f6rt\u00e9nt, hanem az egyik KISZ Bizotts\u00e1gi \u00fcl\u00e9s\u00fcnk\u00f6n, amikor a P\u00e9nz\u00fcgyminiszt\u00e9rium szakmai t\u00e1bor\u00e1nak a programj\u00e1t \u00e1ll\u00edtottuk \u00f6ssze. \u00c9s persze Gyuri volt az el\u0151ad\u00f3, mert \u0150 volt a KISZ Bizotts\u00e1g szervez\u0151 titk\u00e1ra, akinek a feladata volt a k\u00e9tnapos program \u00f6ssze\u00e1ll\u00edt\u00e1sa. Ja, dehogyis, a szakmai titk\u00e1r a Csillag Pista volt, \u0151 \u00e1ll\u00edtotta \u00f6ssze a programot, benne a miniszter, Faluv\u00e9gi Lajossal t\u00f6rt\u00e9n\u0151 besz\u00e9lget\u00e9ssel. A Pist\u00e1nak rengeteg j\u00f3, radik\u00e1lis \u00f6tlete volt, amit meg is val\u00f3s\u00edtottunk, meg is val\u00f3s\u00edthattunk! Mert akkoriban szaladt a szek\u00e9r: akkor m\u00e1r azt \u00edrhattunk, mondhattunk, amit csak akartunk! \u00c9s mi persze \u201emeg akartuk v\u00e1ltani a vil\u00e1got\u201d!<br \/>\nA Matolcsy Gyuri mindig egy kicsit \u00f3vatosabban: \u201e<em>ker\u00fclj\u00fck a f\u00f6l\u00f6sleges konfliktust<\/em>\u201d!<br \/>\nAz Ipari f\u0151oszt\u00e1lyon kezdett. Olyan kisfi\u00fas volt mindig, de szer\u00e9nynek m\u00e9gsem mondhat\u00f3. Az a hamisk\u00e1s, ink\u00e1bb sunyi mosoly \u00e1lland\u00f3an ott bujk\u00e1lt a sz\u00e1ja sz\u00e9l\u00e9n. Most, hogy \u00edgy pr\u00f3b\u00e1lom f\u00f6lid\u00e9zni a m\u00faltat, Gyuri nem is volt szer\u00e9ny! Ink\u00e1bb lekezel\u0151en nagyk\u00e9p\u0171. Aki mindig mindent jobban tud! Megfellebbezhetetlen\u00fcl! Persze sokat tudott, sokat is olvasott, meg sokat hozott mag\u00e1val. Meg j\u00f3 t\u00e1rsas\u00e1gba keveredett, a mag a P\u00e9nz\u00fcgykutat\u00f3 volt, de voltak a miniszt\u00e9riumb\u00f3l is: Lengyel, Sur\u00e1nyi, Bokros, Draskovics, Csillag, meg h\u00e1t Antal Laci, Kop\u00e1tsy S\u00e1ndor. El\u00e9g j\u00f3 t\u00e1rsas\u00e1g volt, akiket minden \u00e9rdekelt, mindenr\u0151l volt v\u00e9lem\u00e9nye.<br \/>\nAzt\u00e1n ki k\u00f6zelebbr\u0151l, ki t\u00e1volabbr\u00f3l; ki az egyik oldalr\u00f3l, ki pedig a m\u00e1sikr\u00f3l alak\u00edtotta a rendszerv\u00e1lt\u00e1st. (De ez egy m\u00e1sik t\u00f6rt\u00e9net, ez nem a Gyuri\u00e9, ez m\u00e9g meg\u00edr\u00e1sra v\u00e1r!)<br \/>\nSz\u00e9tsz\u00f3r\u00f3dtunk \u00e9s sz\u00e9tv\u00e1ltunk. Mindenki keresett \u00e9s tal\u00e1lt mag\u00e1nak p\u00e1rtot, filoz\u00f3fi\u00e1t, eszm\u00e9t \u00e9s t\u00e1rsas\u00e1got. Ki olyat, mint eddig, ki eg\u00e9szen m\u00e1st.<br \/>\nEzzel nem lett volna baj!<br \/>\nCsak h\u00e1t a k\u00f6vetelm\u00e9nyek, a p\u00e1rtb\u00f3l j\u00f6v\u0151 k\u00f6vetelm\u00e9nyek. Amit a rendszerv\u00e1lt\u00e1s el\u0151tt \u00fagy nem lehetett szeretni. Meg a hazugs\u00e1gok, a ferd\u00edt\u00e9sek, a v\u00e1ls\u00e1g eltitkol\u00e1sa, letagad\u00e1sa. A bar\u00e1ts\u00e1gok, ismerets\u00e9gek, a kapcsolatok lenull\u00e1z\u00e1sa, ha az \u00e9rdek \u00fagy k\u00edv\u00e1nta! Mert ugye, az volt az \u00e1tkosban az \u00e1tkos. Mert az h\u00fclyes\u00e9g volt, amit le kellett leplezn\u00fcnk, meg kellett v\u00e1ltoztatnunk! Most meg, akarom mondani a rendszerv\u00e1lt\u00e1s ut\u00e1n m\u00e1r hirtelen mindez er\u00e9nny\u00e9 v\u00e1ltozott. M\u00e1rmint a p\u00e1rt ir\u00e1nti h\u0171s\u00e9g, a p\u00e1rt minden\u00e1ron val\u00f3 kiszolg\u00e1l\u00e1sa: ak\u00e1r a bar\u00e1ts\u00e1gok, kapcsolatok \u00e1r\u00e1n is! A hazudoz\u00e1s, az eltagad\u00e1s, a szakmais\u00e1g semmibev\u00e9tele! Minden sz\u00e9pen visszasziv\u00e1rgott.<br \/>\nGyuri az antali korszakban m\u00e9g puh\u00e1n, de tartotta a kapcsolatokat a r\u00e9gi t\u00e1rsas\u00e1g egyes embereivel. Persze csak \u00e9ttermek h\u00e1ts\u00f3 helyis\u00e9geiben, k\u00e1v\u00e9h\u00e1zak rejtettebb zugaiban, telefonok recseg\u0151 vonalain kereszt\u00fcl. Amikor ellenz\u00e9kbe ker\u00fclt, akkor term\u00e9szetesebben; amikor a hatalomban volt, akkor lappang\u00f3an. Azt\u00e1n m\u00e1r \u00fagyse.<br \/>\nEml\u00e9kszem, amikor a Medgyessy korm\u00e1ny idej\u00e9n Draskovics Tibor volt a p\u00e9nz\u00fcgyminiszter, \u00e9n meg az \u00e1llamtitk\u00e1ra, megh\u00edvtuk a Gyurit, mert az ad\u00f3rendszeren akartunk v\u00e1ltoztatni, \u00e9s h\u00e1t \u0150 volt a \u201ezorb\u00e1n\u201d jobb vagy balkeze, legf\u0151bb tan\u00e1csad\u00f3ja. Lementem fogadni a PM el\u0151tt, \u0150 messzir\u0151l j\u0151ve, a szok\u00e1sos alamuszi mosolyos \u00e1larc\u00e1ban g\u00fanyosan k\u00e9rdezte: \u201e<em>K\u00f3ka alatt milyen?<\/em>\u201d, \u00e9s meg sem v\u00e1rva a v\u00e1laszt berobogott a legend\u00e1s I. emelet 42-be. Azt\u00e1n k\u00e9s\u0151bb, m\u00e1r k\u00f6zeledve az orb\u00e1ni hatalom\u00e1tv\u00e9telhez, Demj\u00e1n S\u00e1ndorral t\u00e1rgyaltam a kisv\u00e1llalkoz\u00e1sok lehets\u00e9ges megment\u00e9s\u00e9nek technik\u00e1j\u00e1r\u00f3l, \u00e9s Demj\u00e1n mobilon h\u00edvta a Gyurit, hogy besz\u00e9ljem meg vele a r\u00e9szleteket, mert \u0150 lesz a miniszter. F\u00f6lvette a telefont, mert azt hitte Demj\u00e1n az, de amikor Demj\u00e1n \u00e1tadta nekem a telefont, Gyuri dadogva azt mondta, hogy \u00e9ppen most tolatva parkol, mindj\u00e1rt visszah\u00edv. Ez 2010-ben t\u00f6rt\u00e9nt. Az\u00f3ta h\u00edv. (Persze ez nem volt egyedi, mert Le\u00e1nyfal\u00fan is \u00f6sszefutottunk egy \u00e9tteremben, meg nem sokkal k\u00e9s\u0151bb egy k\u00e1v\u00e9z\u00f3ban is a Kossuth t\u00e9ren, \u00e9s mindk\u00e9tszer fejelford\u00edt\u00e1s volt a \u201ek\u00f6sz\u00f6n\u00e9s\u201d.)<br \/>\nDe most k\u00f6zeleg a kar\u00e1csony. A szeretet \u00fcnnepe. Most f\u00e9lre a politik\u00e1val, a k\u00f6z\u00e9lettel, a k\u00f6zszolgas\u00e1ggal.<br \/>\nMost \u201e<a href=\"http:\/\/444.hu\/2016\/12\/12\/zaklatjak-inzultaljak-az-ujsagirok-a-bekes-aldott-adventre-keszulo-jegybankelnokot\"><em>\u00c1ldott, b\u00e9k\u00e9s kar\u00e1csonyt \u00e9s \u00e1dventet szeretn\u00e9k k\u00edv\u00e1nni mindenkinek<\/em><\/a>!\u201d<br \/>\nNeked is, Gyuri!<\/p>\n<p>2016. 12. 13.<\/p>\n","protected":false},"excerpt":{"rendered":"<p>\u201eAz oszt\u00e1lyharc fokoz\u00f3dik.\u201d Ja, ezt nem most, hanem m\u00e9g akkor mondta a Gyuri, amikor az \u00e1tkosban hozz\u00e1sz\u00f3lt valamelyik p\u00e1rtcsoport \u00e9rtekezleten, amikor a t\u00e9ma: a p\u00e9nz\u00fcgyek szerepe a XX. sz\u00e1zadi Magyarorsz\u00e1gon volt. De lehet, hogy t\u00e9vedek: ez a hozz\u00e1sz\u00f3l\u00e1s nem p\u00e1rtcsoport \u00e9rtekezleten t\u00f6rt\u00e9nt, hanem az egyik KISZ Bizotts\u00e1gi \u00fcl\u00e9s\u00fcnk\u00f6n, amikor a P\u00e9nz\u00fcgyminiszt\u00e9rium szakmai t\u00e1bor\u00e1nak a programj\u00e1t [&hellip;]<\/p>\n","protected":false},"author":1,"featured_media":0,"comment_status":"open","ping_status":"open","sticky":false,"template":"","format":"aside","meta":{"footnotes":""},"categories":[2],"tags":[384],"class_list":["post-2979","post","type-post","status-publish","format-aside","hentry","category-bejegyzes","tag-matolcsy","post_format-post-format-aside"],"_links":{"self":[{"href":"https:\/\/gyorgyradnai.eu\/index.php?rest_route=\/wp\/v2\/posts\/2979","targetHints":{"allow":["GET"]}}],"collection":[{"href":"https:\/\/gyorgyradnai.eu\/index.php?rest_route=\/wp\/v2\/posts"}],"about":[{"href":"https:\/\/gyorgyradnai.eu\/index.php?rest_route=\/wp\/v2\/types\/post"}],"author":[{"embeddable":true,"href":"https:\/\/gyorgyradnai.eu\/index.php?rest_route=\/wp\/v2\/users\/1"}],"replies":[{"embeddable":true,"href":"https:\/\/gyorgyradnai.eu\/index.php?rest_route=%2Fwp%2Fv2%2Fcomments&post=2979"}],"version-history":[{"count":3,"href":"https:\/\/gyorgyradnai.eu\/index.php?rest_route=\/wp\/v2\/posts\/2979\/revisions"}],"predecessor-version":[{"id":2982,"href":"https:\/\/gyorgyradnai.eu\/index.php?rest_route=\/wp\/v2\/posts\/2979\/revisions\/2982"}],"wp:attachment":[{"href":"https:\/\/gyorgyradnai.eu\/index.php?rest_route=%2Fwp%2Fv2%2Fmedia&parent=2979"}],"wp:term":[{"taxonomy":"category","embeddable":true,"href":"https:\/\/gyorgyradnai.eu\/index.php?rest_route=%2Fwp%2Fv2%2Fcategories&post=2979"},{"taxonomy":"post_tag","embeddable":true,"href":"https:\/\/gyorgyradnai.eu\/index.php?rest_route=%2Fwp%2Fv2%2Ftags&post=2979"}],"curies":[{"name":"wp","href":"https:\/\/api.w.org\/{rel}","templated":true}]}}