{"id":2983,"date":"2016-12-16T12:19:05","date_gmt":"2016-12-16T11:19:05","guid":{"rendered":"http:\/\/gyorgyradnai.eu\/?p=2983"},"modified":"2016-12-16T12:24:55","modified_gmt":"2016-12-16T11:24:55","slug":"magyarorszag-eros","status":"publish","type":"post","link":"https:\/\/gyorgyradnai.eu\/?p=2983","title":{"rendered":"Magyarorsz\u00e1g er\u0151s &#8230;"},"content":{"rendered":"<p><img loading=\"lazy\" decoding=\"async\" class=\"alignnone size-medium\" src=\"http:\/\/m.cdn.blog.hu\/b1\/b1\/image\/bayerorban2.jpg\" width=\"560\" height=\"340\" \/><br \/>\nBayernek <a href=\"http:\/\/hvg.hu\/itthon\/20161216_Bayernek_elege_lett_az_allat_kommenteloibol#utm_source=hirlista&amp;utm_medium=aggregator&amp;utm_campaign=hvg\">elege <\/a>lett, Orb\u00e1n <a href=\"http:\/\/888.hu\/article-orban-2017-a-lazadas-eve-lesz\">faszagyerek<\/a>, <a href=\"http:\/\/www.atv.hu\/videok\/video-20161003-vona-gabor\">Vona-d\u00f6mping <\/a>az ATV-n, tal\u00e1n ennyi is el\u00e9g lesz, hogy j\u00f3kedvre der\u00fcljek, tele optimizmussal gondolkodjak e: mit is k\u00e9ne venni a gyerekeknek, unok\u00e1knak kar\u00e1csonyra. K\u00f6zben a h\u00e1tt\u00e9rben b\u00fcd\u00f6sen, \u00fagy a gyomor legm\u00e9ly\u00e9r\u0151l f\u00f6lb\u00f6f\u00f6g a \u201eT\u00c1RSADALMI HIRDET\u00c9S\u201d, mi milyen er\u0151sek is vagyunk. Mint 2006-ban, hogy \u201erosszabbul \u00e9l\u00fcnk, n\u00e9gy \u00e9ve\u201d; csak most pont ford\u00edtva, most er\u0151sek lett\u00fcnk! Mint a r\u00f6vidp\u00e1ly\u00e1s \u00fasz\u00f3 VB-\u00e9n: ott is, az \u00e9remt\u00e1bl\u00e1zaton, az USA m\u00f6g\u00f6tt k\u00f6zvetlen\u00fcl mi k\u00f6vetkezt\u00fcnk, micsoda csoda, vil\u00e1grasz\u00f3l\u00f3 eredm\u00e9ny! Ja, hogy a Katinka egyed\u00fcl is m\u00e1sodik lett volna, n\u00e9lk\u00fcle meg huszonkettedik a magyar csapat, az kit \u00e9rdekel: Magyarorsz\u00e1g er\u0151s!<br \/>\nH\u00e1t: ha hazudni kell, \u00e1m legyen, nem neh\u00e9z!<br \/>\nSz\u00f3val: <a href=\"http:\/\/badog.blogstar.hu\/2016\/12\/15\/kozlemeny\/32567\/\">Bayernek elege <\/a>lett. M\u00e1r \u0150 se b\u00edrja a kik\u00e9pz\u00e9st. Aminek pedig \u0150 a kital\u00e1l\u00f3ja, aminek \u0150 a v\u00e9djegye, az apja, a rekl\u00e1marca! Ami fantasztikusan m\u0171k\u00f6dik, amikor \u0150 mondja meg, \u0150 \u00edrja meg, hogy ki legyen az alany. Az \u00e9rintett meghurcolt, az \u00e1ldozat! Mert akkor az rendben van. Akkor mindent szabad: gy\u0171l\u00f6lni, usz\u00edtani, zsid\u00f3zni, lemenni a p\u00f6ceg\u00f6d\u00f6r alj\u00e1ra is ak\u00e1r. De nehogy m\u00e1\u2019 a ny\u00fal vigye a pusk\u00e1t; nehogy m\u00e1\u2019 az \u201eors\u00f3s\u201d \u00edrja meg a tutit, a \u201eaz\u201d, a b\u00fcd\u00f6s, taknyos, f\u00e9reg zsirny\u00e1kja \u201e@urva-any\u00e1zza\u201d le a becs\u00fcletes, kereszt\u00e9ny, gy\u0171l\u00f6letmentes, b\u00e9k\u00e9s, befogad\u00f3 magyart: h\u00fazzon el a pi@\u00e1ba; akkor ink\u00e1bb le kell tiltani a kommentel\u00e9st! \u00cdgy, kar\u00e1csony el\u0151tt, a nyitotts\u00e1g \u00e9s az illiberalizmus nev\u00e9ben!<br \/>\n\u00c9s k\u00fcl\u00f6nben is: semmi nem \u00fagy volt, semmi nem \u00fagy t\u00f6rt\u00e9nt, nem is \u0151 \u00edrta, nem is \u0151 mondta, m\u00e9g csak nem is hallott r\u00f3la. Ilyet csak az a sok rohadt \u201eSorosista\u201d \u00e1ll\u00edthat! Mert a \u201eSorosoz\u00e1s\u201d sem zsid\u00f3z\u00e1s \u00e1m, pl\u00e1ne nem az, ha azt a regn\u00e1l\u00f3 minisztereln\u00f6k, Orb\u00e1n Viktor gyakorolja \u00e9s ki\u00e1ltja bele a vil\u00e1g \u00e9s az \u201eer\u0151s\u00f6d\u0151k\u201d pof\u00e1j\u00e1ba. Neki \u00e9s hasonsz\u0151r\u0171 politikus \u00e9s zsurnaliszta t\u00e1rsainak esze \u00e1g\u00e1ban sincs ilyenre, m\u00e9g csak gondolni sem. Persze nem \u00e1rt(ana), ha ezt mindenki \u201ej\u00f3l\u201d \u00e9rten\u00e9, \u00e9s aszerint is cselekedne! Mert itt k\u00e9rem j\u00f6v\u0151re \u201el\u00e1zad\u00e1s\u201d lesz, mert 2017. a l\u00e1zad\u00e1s\u00e9 lesz, megl\u00e1thassa majd mindenki, akinek van egy kis esze, meg szeme az ilyesmihez. Mert beindult v\u00e9gre valami, nem csak a stadionok \u00e9p\u00fclnek, meg a Vizes VB \u201eszimb\u00f3leuma\u201d, a Dag\u00e1ly, m\u00e1r k\u00f6zel egy sz\u00e1zas\u00e9rt, no nem f\u00e9msz\u00e1zas\u00e9rt, milli\u00e1rd\u00e9rt! Mert elj\u00f6tt v\u00e9gre az id\u0151, az er\u0151sek ideje, a \u201eself-made\u201d -ek, az egyszer\u0171 emberek, a Trumpok kora: akik megv\u00e1ltoztatj\u00e1k, amit meg kell v\u00e1ltoztatni: kiverik ezt az aberr\u00e1lt liberaliz\u00e1ci\u00f3t, mint a Simicska tv-k hely\u00e9re l\u00e9p\u0151 csatorn\u00e1kon teszik a porn\u00f3kir\u00e1lyn\u0151k.<br \/>\nH\u00e1t: ha hazudni kell, \u00e1m legyen, nem neh\u00e9z!<br \/>\nMert most az er\u0151politik\u00e1\u00e9 a j\u00f6v\u0151! Nem v\u00e9letlen: nem \u00fcnnepelt\u00fcnk Nemzeti \u00fcnnepet december elsej\u00e9n, er\u0151s\u00edtj\u00fck meg a hadsereget, j\u00e1r\u0151r\u0151z\u00fcnk a hat\u00e1ron, t\u00e1rgyalt Tiborcz Istv\u00e1n azzal az \u201eujjlenyomat-n\u00e9lk\u00fcli\u201d figur\u00e1val, vett TV-t a legend\u00e1v\u00e1 v\u00e1lt g\u00e1zszerel\u0151. Itt \u00e9s most \u201eregion\u00e1lis er\u0151k\u00f6zpontokat\u201d kell l\u00e9tes\u00edten\u00fcnk, mert ez kell nek\u00fcnk, \u00e9s k\u00e9pesek vagyunk r\u00e1!<br \/>\nH\u00e1t: ha hazudni kell, \u00e1m legyen, nem neh\u00e9z!<\/p>\n<p>2016. 12. 16.<\/p>\n","protected":false},"excerpt":{"rendered":"<p>Bayernek elege lett, Orb\u00e1n faszagyerek, Vona-d\u00f6mping az ATV-n, tal\u00e1n ennyi is el\u00e9g lesz, hogy j\u00f3kedvre der\u00fcljek, tele optimizmussal gondolkodjak e: mit is k\u00e9ne venni a gyerekeknek, unok\u00e1knak kar\u00e1csonyra. K\u00f6zben a h\u00e1tt\u00e9rben b\u00fcd\u00f6sen, \u00fagy a gyomor legm\u00e9ly\u00e9r\u0151l f\u00f6lb\u00f6f\u00f6g a \u201eT\u00c1RSADALMI HIRDET\u00c9S\u201d, mi milyen er\u0151sek is vagyunk. Mint 2006-ban, hogy \u201erosszabbul \u00e9l\u00fcnk, n\u00e9gy \u00e9ve\u201d; csak most pont [&hellip;]<\/p>\n","protected":false},"author":1,"featured_media":0,"comment_status":"open","ping_status":"open","sticky":false,"template":"","format":"aside","meta":{"footnotes":""},"categories":[2],"tags":[385],"class_list":["post-2983","post","type-post","status-publish","format-aside","hentry","category-bejegyzes","tag-eros","post_format-post-format-aside"],"_links":{"self":[{"href":"https:\/\/gyorgyradnai.eu\/index.php?rest_route=\/wp\/v2\/posts\/2983","targetHints":{"allow":["GET"]}}],"collection":[{"href":"https:\/\/gyorgyradnai.eu\/index.php?rest_route=\/wp\/v2\/posts"}],"about":[{"href":"https:\/\/gyorgyradnai.eu\/index.php?rest_route=\/wp\/v2\/types\/post"}],"author":[{"embeddable":true,"href":"https:\/\/gyorgyradnai.eu\/index.php?rest_route=\/wp\/v2\/users\/1"}],"replies":[{"embeddable":true,"href":"https:\/\/gyorgyradnai.eu\/index.php?rest_route=%2Fwp%2Fv2%2Fcomments&post=2983"}],"version-history":[{"count":4,"href":"https:\/\/gyorgyradnai.eu\/index.php?rest_route=\/wp\/v2\/posts\/2983\/revisions"}],"predecessor-version":[{"id":2987,"href":"https:\/\/gyorgyradnai.eu\/index.php?rest_route=\/wp\/v2\/posts\/2983\/revisions\/2987"}],"wp:attachment":[{"href":"https:\/\/gyorgyradnai.eu\/index.php?rest_route=%2Fwp%2Fv2%2Fmedia&parent=2983"}],"wp:term":[{"taxonomy":"category","embeddable":true,"href":"https:\/\/gyorgyradnai.eu\/index.php?rest_route=%2Fwp%2Fv2%2Fcategories&post=2983"},{"taxonomy":"post_tag","embeddable":true,"href":"https:\/\/gyorgyradnai.eu\/index.php?rest_route=%2Fwp%2Fv2%2Ftags&post=2983"}],"curies":[{"name":"wp","href":"https:\/\/api.w.org\/{rel}","templated":true}]}}