{"id":2988,"date":"2016-12-18T11:04:00","date_gmt":"2016-12-18T10:04:00","guid":{"rendered":"http:\/\/gyorgyradnai.eu\/?p=2988"},"modified":"2016-12-18T11:11:24","modified_gmt":"2016-12-18T10:11:24","slug":"hogy-az-eg-nem-szakad-rajuk","status":"publish","type":"post","link":"https:\/\/gyorgyradnai.eu\/?p=2988","title":{"rendered":"Hogy az \u00e9g nem szakad r\u00e1juk \u2026"},"content":{"rendered":"<p><img loading=\"lazy\" decoding=\"async\" class=\"alignnone size-medium\" src=\"http:\/\/img3.hvg.hu\/image.aspx?id=b8af0af6-bb59-45cf-a33f-b3dacca98b62&amp;view=d0f2ab78-0798-43c5-ae8b-77353ae7e44d\" width=\"150\" height=\"150\" \/><\/p>\n<p>Volt egy <a href=\"http:\/\/index.hu\/belfold\/2016\/12\/09\/budavar_i._kerulet_onkormanyzat_lakas_berbeadas_rendszere\/\">lak\u00e1s\u00fcgy<\/a>: \u201e<em>bag\u00f3\u00e9rt cs\u00f3kosnak<\/em>\u201d n\u00e9ven terjedt az akci\u00f3. Csak be kellett jelentkezni r\u00e1. Pontosabban egy lak\u00e1sra a m\u0171eml\u00e9kileg (vil\u00e1g\u00f6r\u00f6ks\u00e9gileg, t\u00f6rt\u00e9nelmileg) v\u00e9dett v\u00e1rosr\u00e9szben. Azt\u00e1n gyorsan regisztr\u00e1lni \u00e9s be\u00edrni a Fidesz tagk\u00f6nyv sz\u00e1m\u00e1t. Vagy a korm\u00e1nyzati titulust, vagy a k\u00e9pvisel\u0151i \u00fcl\u00e9snek a helysz\u00e1m\u00e1t. Az akci\u00f3 az els\u0151 ker\u00fcletben lett nyilv\u00e1nos. Ja, nem is csak ott: t\u00f6bb helyen is. Terjedt, mint a halszag\u00fa dal a k\u00f6zr\u00e1di\u00f3ban. A fideszes vezet\u00e9s\u0171 v\u00e1rosokban, ker\u00fcletekben. \u00c9s most csak fideszes vezet\u00e9s\u0171ek vannak. Akkor ez most orsz\u00e1gos projekt lett. De valahogy kitud\u00f3dott. Mert megint egy \u00fajs\u00e1g\u00edr\u00f3 belef\u00fajt a null\u00e1s lisztbe. Ezeket nemcsak a parlamentb\u0151l kellene kitiltani: mit ugr\u00e1lnak meg \u00edrnak mindenf\u00e9l\u00e9t \u00f6sszevissza. A Berci is, a Havasi, milyen j\u00f3l kizavarta azt a csajt az Orb\u00e1nr\u00f3l, mit keresett ott, nem az\u00e9r\u2019 kapta az akkredit\u00e1ci\u00f3s k\u00e1rty\u00e1j\u00e1t, hogy haszn\u00e1lja is. Mi\u00e9rt nem volt el\u00e9g neki a pogi az el\u0151t\u00e9rben? Ezek hordanak \u00f6ssze hetet-havat, azt\u00e1n meg csod\u00e1lkoznak, hogy a Polt rabos\u00edtja \u0151ket. Mert \u201eezek\u201d nem \u00e9rtik: itt \u201e<a href=\"http:\/\/444.hu\/2016\/12\/17\/az-i-keruleti-fidesz-szerint-az-kozossegi-ertekmegorzes-hogy-a-csokosok-fillerekert-berelhetnek-ingatlant-a-varban\">k\u00f6z\u00f6ss\u00e9gi \u00e9rt\u00e9kmeg\u0151rz\u00e9s alapj\u00e1n t\u00f6rt\u00e9nik<\/a>\u201d. Na persze: Te, \u00e9des kom\u00e1m, nem vagy annak a k\u00f6z\u00f6ss\u00e9gnek a tagja!<br \/>\nHogy az \u00e9g nem szakad r\u00e1juk \u2026<br \/>\nAzt\u00e1n meg j\u00f6n a kar\u00e1csony. A kurzus egyik legnagyobb \u00fcnnepe. H\u0171, ez megint j\u00f3 lesz f\u00e9nyezni a jelent, a j\u00f6v\u0151t: legf\u0151k\u00e9pp a Vez\u00e9rt! Mily nagyszer\u0171 is \u0150, mily hatalmas, mennyire szereti n\u00e9p\u00e9t \u00e9s a nyugd\u00edjasait. Megjutalmazza \u0151ket Erzs\u00e9bettel. Utalv\u00e1nnyal. N\u00e9gy darab k\u00e9t-ezressel \u00e9s k\u00e9t darab ezressel! \u00c9letm\u0171v\u00fck\u00e9r\u2019! Eml\u00e9keztek: egyszer volt, hol nem volt, tal\u00e1n az \u00d3perenci\u00e1s tengeren is t\u00fal, ahol a kurtafark\u00fa malac t\u00far, amikor az a gaz, \u00e1tkos, internacionalista Gyurcs\u00e1ny \u00e9s band\u00e1ja vezette az orsz\u00e1got, teh\u00e1t valamikor r\u00e9ges-r\u00e9gen volt a Sz\u00e9p-k\u00e1rtya. Na, de az\u00e9rt a k\u00e1rty\u00e1\u00e9rt sok boltban lehetett ezt-azt kapni, olyanokban is, ahol nem(csak) a \u201efideszes cs\u00f3kosok\u201d szedt\u00e9k le a s\u00e1pot, a bus\u00e1s haszonr\u00f3l nem is besz\u00e9lve, hanem sok mindenki m\u00e1s: multik, nemzetk\u00f6zi j\u00f6ttmentek, becs\u00fcletes szerz\u0151d\u00f6ttek is. De ez micsoda skandalum! Gyorsan beindult a g\u00e9pezet, a \u201emindegymilyent\u00f6rv\u00e9nytfogadunkeldeelfogadjukmertaF\u0151n\u00f6kmondja\u201d nyom\u00f3gombosok g\u00e9pezet, \u00e9s m\u00e1ris megsz\u00fcletett Erzs\u00e9bet! A cs\u00f3kosok B\u00f6zsije! Amivel csak n\u00e1luk lehetett v\u00e1s\u00e1rolni. Elj\u00f6tt v\u00e9gre az \u00e1ldott vil\u00e1g! Igaz, ez\u00e9r\u2019 most \u201e<a href=\"http:\/\/444.hu\/2016\/12\/17\/tobb-mint-hetmilliard-forintot-fizethet-a-magyar-allam-az-egyik-elkergetett-cafeteriacegnek\">T\u00f6bb mint h\u00e9tmilli\u00e1rd forintot fizethet a magyar \u00e1llam az egyik elkergetett cafeteriac\u00e9gnek<\/a>\u201d, de ez m\u00e1r kit \u00e9rdekel. Majd kifizetik a nyugd\u00edjasok (is). A t\u00edzezerb\u0151l. Majd telik r\u00e1.<br \/>\nHogy az \u00e9g nem szakad r\u00e1juk \u2026<br \/>\nJ\u00f6n a kar\u00e1csony. Alepp\u00f3ban is. Csak ott nem \u00e9rzik ezt. Ott csak hullanak az gyerekek, az emberek, az \u00e1rtatlan civilek, mint Guernic\u00e1ban 1937. \u00e1prilis 26-\u00e1n. Nekik a menek\u00fcl\u00e9s (lenne) a kar\u00e1csony. De azt m\u00e1r <a href=\"http:\/\/24.hu\/kulfold\/2016\/12\/17\/zokogott-a-teves-a-sziriai-gyerekekrol-szolo-riport-utan\/\">nehogym\u00e1\u2019<\/a>! A magyar Vez\u00e9r szerint: \u201e<a href=\"http:\/\/vs.hu\/kozelet\/osszes\/orban-szerint-brusszel-felel-a-migransok-szabad-mozgasaert-1216#!s162\">meg kell v\u00e9deni a hat\u00e1rokat; akik bej\u00f6ttek, azokat ki kell vinni; akik pedig be akarnak j\u00f6nni, azokat az EU-n k\u00edv\u00fcl kell \u0151rizni \u00e9s k\u00fcl\u00f6nv\u00e1logatni<\/a>\u201d! \u00cdgy: \u201ek\u00fcl\u00f6nv\u00e1logatni\u201d, mint a barmokat: ez eg\u00e9szs\u00e9ges, ez j\u00e1rv\u00e1nyt okoz\u00f3; ez mehet, ez marad; mint a r\u00e1mp\u00e1n\u00e1l, jobbra vagy balra. Kar\u00e1csonyra.<br \/>\nHogy az \u00e9g nem szakad r\u00e1juk \u2026<br \/>\nAzt\u00e1n meg a Tiborcz gyerek, az orsz\u00e1g veje, a \u201esaj\u00e1t l\u00e1b\u00e1n \u00e1ll\u00f3\u201d f\u00e9rje, a tr\u00e1gyalop\u00f3 a traktorral. Most <a href=\"http:\/\/magyaridok.hu\/belfold\/tiborcz-beperli-szigetvarit-1262017\/\">perelni <\/a>fog. Vagy nyer, vagy nyer. Mert lesz olyan b\u00edr\u00f3. Mert ugyan \u0151 h\u00fcly\u00e9re nyerte mag\u00e1t a k\u00f6zbeszerz\u00e9seken, de m\u00e1r eladta azokat a c\u00e9geit. Most meg vigy\u00e1z(na), hogy ne nyerjen (annyit), vagy legal\u00e1bbis ne l\u00e1tsz\u00f3dj\u00e9k, hogy nyer annyit. Mert azt nem c\u00e1folja, hogy nyert, csak azt, hogy \u201e\u2026nem volt taggy\u0171l\u00e9s\u2026\u201d! De erre m\u00e1r ki eml\u00e9kszik\u2026<br \/>\nHogy az \u00e9g nem szakad r\u00e1juk \u2026<br \/>\nTerjed ez, mint a bub\u00f3pestis, az \u201eorb\u00e1n-k\u00f3r\u201d! M\u00e1r Lengyelorsz\u00e1gban arat. Vagy legal\u00e1bbis hozz\u00e1fogott az arat\u00e1shoz. De ott m\u00e9g <a href=\"http:\/\/www.atv.hu\/kulfold\/20161217-puccsal-vadolta-meg-az-ellenzeket-a-lengyel-belugyminiszter\/hirkereso\">ellen\u00e1llnak<\/a>. A k\u00f6nnyg\u00e1znak is. M\u00e1r ellens\u00e9gekk\u00e9 is v\u00e1ltak: puccsist\u00e1kk\u00e1! De m\u00e9g gy\u00fclekeznek, gy\u0171lnek. Majd megl\u00e1tjuk. Mert j\u00f6n a kar\u00e1csony.<br \/>\nHogy az \u00e9g nem szakad r\u00e1juk \u2026<br \/>\n2016. 12. 18.<\/p>\n","protected":false},"excerpt":{"rendered":"<p>Volt egy lak\u00e1s\u00fcgy: \u201ebag\u00f3\u00e9rt cs\u00f3kosnak\u201d n\u00e9ven terjedt az akci\u00f3. Csak be kellett jelentkezni r\u00e1. Pontosabban egy lak\u00e1sra a m\u0171eml\u00e9kileg (vil\u00e1g\u00f6r\u00f6ks\u00e9gileg, t\u00f6rt\u00e9nelmileg) v\u00e9dett v\u00e1rosr\u00e9szben. Azt\u00e1n gyorsan regisztr\u00e1lni \u00e9s be\u00edrni a Fidesz tagk\u00f6nyv sz\u00e1m\u00e1t. Vagy a korm\u00e1nyzati titulust, vagy a k\u00e9pvisel\u0151i \u00fcl\u00e9snek a helysz\u00e1m\u00e1t. Az akci\u00f3 az els\u0151 ker\u00fcletben lett nyilv\u00e1nos. Ja, nem is csak ott: t\u00f6bb [&hellip;]<\/p>\n","protected":false},"author":1,"featured_media":0,"comment_status":"open","ping_status":"open","sticky":false,"template":"","format":"aside","meta":{"footnotes":""},"categories":[2],"tags":[381],"class_list":["post-2988","post","type-post","status-publish","format-aside","hentry","category-bejegyzes","tag-hirek","post_format-post-format-aside"],"_links":{"self":[{"href":"https:\/\/gyorgyradnai.eu\/index.php?rest_route=\/wp\/v2\/posts\/2988","targetHints":{"allow":["GET"]}}],"collection":[{"href":"https:\/\/gyorgyradnai.eu\/index.php?rest_route=\/wp\/v2\/posts"}],"about":[{"href":"https:\/\/gyorgyradnai.eu\/index.php?rest_route=\/wp\/v2\/types\/post"}],"author":[{"embeddable":true,"href":"https:\/\/gyorgyradnai.eu\/index.php?rest_route=\/wp\/v2\/users\/1"}],"replies":[{"embeddable":true,"href":"https:\/\/gyorgyradnai.eu\/index.php?rest_route=%2Fwp%2Fv2%2Fcomments&post=2988"}],"version-history":[{"count":2,"href":"https:\/\/gyorgyradnai.eu\/index.php?rest_route=\/wp\/v2\/posts\/2988\/revisions"}],"predecessor-version":[{"id":2990,"href":"https:\/\/gyorgyradnai.eu\/index.php?rest_route=\/wp\/v2\/posts\/2988\/revisions\/2990"}],"wp:attachment":[{"href":"https:\/\/gyorgyradnai.eu\/index.php?rest_route=%2Fwp%2Fv2%2Fmedia&parent=2988"}],"wp:term":[{"taxonomy":"category","embeddable":true,"href":"https:\/\/gyorgyradnai.eu\/index.php?rest_route=%2Fwp%2Fv2%2Fcategories&post=2988"},{"taxonomy":"post_tag","embeddable":true,"href":"https:\/\/gyorgyradnai.eu\/index.php?rest_route=%2Fwp%2Fv2%2Ftags&post=2988"}],"curies":[{"name":"wp","href":"https:\/\/api.w.org\/{rel}","templated":true}]}}