{"id":2991,"date":"2016-12-19T14:35:20","date_gmt":"2016-12-19T13:35:20","guid":{"rendered":"http:\/\/gyorgyradnai.eu\/?p=2991"},"modified":"2016-12-19T14:35:20","modified_gmt":"2016-12-19T13:35:20","slug":"az-olga","status":"publish","type":"post","link":"https:\/\/gyorgyradnai.eu\/?p=2991","title":{"rendered":"Az OLGA &#8230;"},"content":{"rendered":"<p><img loading=\"lazy\" decoding=\"async\" class=\"alignnone size-medium\" src=\"http:\/\/24.p3k.hu\/app\/uploads\/2015\/12\/k_lead-1024x576.jpg\" width=\"1024\" height=\"576\" \/>Az ATV volt az igazi forr\u00e1s. Minden reggel \u2013 munk\u00e1ba indul\u00e1s el\u0151tt, k\u00e9s\u0151bb a nyugd\u00edjas \u00e9vek kezdet\u00e9n is \u2013 azzal keltem, este azzal z\u00e1rtam a napot. H\u00e9tv\u00e9g\u00e9n az ism\u00e9tl\u00e9sek is mentek. F\u00fcgg\u0151 voltam, betegesen f\u00fcgg\u0151. Az lett az orig\u00f3. Az etalon. 2010 ut\u00e1n (egyre ink\u00e1bb) m\u00e1r csak az maradt. Legal\u00e1bbis azt gondoltuk. Benne b\u00edztunk. Mert j\u00f3 kis csapata volt. Mert nem t\u0171nt megalkuv\u00f3nak. Mert kimondta azt, amit gondoltunk. Vagy amir\u0151l azt hitt\u00fck, hogy gondoljuk. \u00c9l\u0151 volt! Mindig aktu\u00e1lis. De j\u00f3 is volt!<br \/>\nK\u00fcl\u00f6n\u00f6sen az Egyenes Besz\u00e9d. Benne az OLG\u00c1-val! A k\u00f6z baloldali, inform\u00e1lis, k\u00f6zfelki\u00e1lt\u00e1ssal \u201emegv\u00e1lasztott\u201d minisztereln\u00f6k-jel\u00f6ltj\u00e9vel. Vele a m\u0171sor mindig igazi \u00fcnnep volt! Ahogy \u0150 k\u00e9rdezett, \u00e9rtelmezett, bizony\u00edtott! Oda m\u00e1r \u00e9rdem volt bejutni is. Ha leleplezett, akkor is: eleg\u00e1nsan, kicsit ironikusan, de soha nem b\u00e1nt\u00f3an tette. Amikor \u00e9l\u0151 ad\u00e1sban \u201ebeler\u00fagtak, vagy pr\u00f3b\u00e1lt\u00e1k megal\u00e1zni\u201d, mosolygott, de nem esett ki a szerep\u00e9b\u0151l. Igazi megm\u00e9rettet\u0151 volt: mindenkinek! Csak a gy\u00e1v\u00e1k, a Matolcsyk, a K\u00f6v\u00e9rek; meg a f\u0151vez\u00e9r nem mertek megm\u00e9ret\u0151dni. Soha! Persze, amikor nem \u0150 vezette a m\u0171sort, \u00e9rezhet\u0151en savany\u00fa lett a sz\u0151l\u0151. Nem volt olyan \u00e9des: \u00e9retlennek bizonyult. Micsoda \u00f3r\u00e1k voltak!<br \/>\nAz ut\u00f3bbi id\u0151ben viszont elt\u00f6rt valami. Hamis lett. El\u0151bb b\u00fcd\u00f6sk\u00e9s, azt\u00e1n egyre b\u00fcd\u00f6sebb. Persze egyed\u00fcl neh\u00e9z lehetett. Meg a perek is. Hogy minden parlamenti p\u00e1rt kapjon lehet\u0151s\u00e9get. Mert az \u00fagy demokratikus. Meg a kiegyens\u00falyozotts\u00e1g is sz\u00e1m\u00edt. \u201eHallgattass\u00e9k\u201d meg a m\u00e1sik is. Mert a m\u00e9dia t\u00f6rv\u00e9ny \u00edgy, meg \u00fagy. Blabl\u00e1ba az eg\u00e9sz. \u00c9s egyszer csak a kor\u00e1bban \u201esz\u00f3ba se \u00e1lljunk vel\u00fck\u201d p\u00e1rt mindennapos vend\u00e9g lett. Szinte m\u00e1r f\u0151szerepl\u0151! Belesimultak a k\u00f6zr\u00f6hejesbe. Polg\u00e1rian demokratikusakk\u00e1 v\u00e1ltak hirtelen. Azt\u00e1n j\u00f6ttek a \u201eT\u00c1RSADALMI H\u00cdRDET\u00c9SEK\u201d! A hazug, f\u00f6lh\u00e1bor\u00edt\u00f3 f\u00f6rmedv\u00e9nyek. Mert a p\u00e9nz, a j\u00fad\u00e1s-p\u00e9nz, az kellett. Meg egyre jobban kellett. Meg egyre jobban is j\u00f6tt: a tulajdonosoknak. A n\u00e9z\u0151 meg le lett sza@a! Azt\u00e1n a n\u00e9z\u0151 is lesza@ta az ATV-t. Mert a n\u00e9z\u0151 se h\u00fclye.<br \/>\nM\u00e1r \u00e9n se n\u00e9zem. Se sokat, se keveset. Az OLG\u00c1-t se. Pedig hi\u00e1nyzik. Nagyon hi\u00e1nyzik. Mert nincs kivel besz\u00e9lgetni: a k\u00e9perny\u0151 innens\u0151 oldal\u00e1r\u00f3l. Pedig nagyon j\u00f3 volt vele. De amikor a csatorna hamiss\u00e1 v\u00e1lik, amikor a m\u0171sort biztos\u00edt\u00f3 h\u00e1zi-ad\u00f3 \u201eelhiteltelenedik\u201d, akkor a m\u0171sor is gyan\u00fass\u00e1 idomul!<br \/>\nRem\u00e9lem ezt \u00e9rezte meg az OLGA. Ez\u00e9rt megy el. Ez\u00e9rt v\u00e1lt csatorn\u00e1t. Mert innen el kell(ett) mennie. Ahogy m\u00e1snak is: el kell(ene) menni! Mert ez m\u00e1r nem ugyanaz. Ez m\u00e1r egy teljesen megv\u00e1ltozott h\u00e1zigazda ad\u00f3. Sajnos. M\u00e9g a s\u00e1rdob\u00e1l\u00e1st is v\u00e1llalni kell! Mert az lesz. Mert az m\u00e1r van! Nyilatkozott is \u00edzibe\u2019 a S\u00e1ndor, a N\u00e9meth. A f\u0151pap. Hogy <a href=\"https:\/\/www.facebook.com\/nemethsandorofficial\/posts\/1249389771775316?utm_source=mandiner&amp;utm_medium=link&amp;utm_campaign=mandiner_media_201612\">megd\u00f6bbent<\/a>. Mert neki r\u00f6gt\u00f6n egy salamoni mond\u00e1s jut az esz\u00e9be. A k\u00f3bor kuty\u00e1r\u00f3l sz\u00f3l\u00f3. Mert szerinte az OLGA f\u00f6lk\u00edn\u00e1lta mag\u00e1t! Nem a S\u00e1ndor k\u00edn\u00e1lta f\u00f6l mag\u00e1t, hanem az OLGA: a S\u00e1ndor szerint. Szerintem a f\u0151pap, a S\u00e1ndor m\u00e1r r\u00e9g\u00f3ta f\u00f6lk\u00edn\u00e1lta mag\u00e1t. \u00c9s kellett is. Amikor egyh\u00e1za beker\u00fclt a pikszisbe. Amikor hozz\u00e1jutott a levesest\u00e1lhoz. Nem is hugyozott oda, a ker\u00edt\u00e9s t\u00f6v\u00e9be, hanem hozz\u00e1j\u00e1rult az \u00e9p\u00edt\u00e9s\u00e9hez. A P\u00e9ter is, a legend\u00e1s alkotm\u00e1nyjog\u00e1sz is.<br \/>\nIv\u00e1nyi nem k\u00edn\u00e1lta f\u00f6l mag\u00e1t. Nincs is ott, a t\u0171z k\u00f6zel\u00e9ben! M\u00e9gis \u0150t illeti meg a tisztelet!<br \/>\n\u00c9s most m\u00e1r OLGA se!<br \/>\nM\u00e9gis: f\u00e9lek. Mert a H\u00edr TV, meg a tulajdonosi k\u00f6re. Meg az \u00fczenetei. Nem is tudom. De, akkor hov\u00e1?!<br \/>\nEl\u0151bb, ut\u00f3bb: minden kider\u00fcl\u2026<br \/>\n2016. 12. 19.<\/p>\n","protected":false},"excerpt":{"rendered":"<p>Az ATV volt az igazi forr\u00e1s. Minden reggel \u2013 munk\u00e1ba indul\u00e1s el\u0151tt, k\u00e9s\u0151bb a nyugd\u00edjas \u00e9vek kezdet\u00e9n is \u2013 azzal keltem, este azzal z\u00e1rtam a napot. H\u00e9tv\u00e9g\u00e9n az ism\u00e9tl\u00e9sek is mentek. F\u00fcgg\u0151 voltam, betegesen f\u00fcgg\u0151. Az lett az orig\u00f3. Az etalon. 2010 ut\u00e1n (egyre ink\u00e1bb) m\u00e1r csak az maradt. Legal\u00e1bbis azt gondoltuk. Benne b\u00edztunk. Mert [&hellip;]<\/p>\n","protected":false},"author":1,"featured_media":0,"comment_status":"open","ping_status":"open","sticky":false,"template":"","format":"aside","meta":{"footnotes":""},"categories":[2],"tags":[386],"class_list":["post-2991","post","type-post","status-publish","format-aside","hentry","category-bejegyzes","tag-kalman-olga","post_format-post-format-aside"],"_links":{"self":[{"href":"https:\/\/gyorgyradnai.eu\/index.php?rest_route=\/wp\/v2\/posts\/2991","targetHints":{"allow":["GET"]}}],"collection":[{"href":"https:\/\/gyorgyradnai.eu\/index.php?rest_route=\/wp\/v2\/posts"}],"about":[{"href":"https:\/\/gyorgyradnai.eu\/index.php?rest_route=\/wp\/v2\/types\/post"}],"author":[{"embeddable":true,"href":"https:\/\/gyorgyradnai.eu\/index.php?rest_route=\/wp\/v2\/users\/1"}],"replies":[{"embeddable":true,"href":"https:\/\/gyorgyradnai.eu\/index.php?rest_route=%2Fwp%2Fv2%2Fcomments&post=2991"}],"version-history":[{"count":1,"href":"https:\/\/gyorgyradnai.eu\/index.php?rest_route=\/wp\/v2\/posts\/2991\/revisions"}],"predecessor-version":[{"id":2992,"href":"https:\/\/gyorgyradnai.eu\/index.php?rest_route=\/wp\/v2\/posts\/2991\/revisions\/2992"}],"wp:attachment":[{"href":"https:\/\/gyorgyradnai.eu\/index.php?rest_route=%2Fwp%2Fv2%2Fmedia&parent=2991"}],"wp:term":[{"taxonomy":"category","embeddable":true,"href":"https:\/\/gyorgyradnai.eu\/index.php?rest_route=%2Fwp%2Fv2%2Fcategories&post=2991"},{"taxonomy":"post_tag","embeddable":true,"href":"https:\/\/gyorgyradnai.eu\/index.php?rest_route=%2Fwp%2Fv2%2Ftags&post=2991"}],"curies":[{"name":"wp","href":"https:\/\/api.w.org\/{rel}","templated":true}]}}