{"id":2993,"date":"2016-12-20T10:38:29","date_gmt":"2016-12-20T09:38:29","guid":{"rendered":"http:\/\/gyorgyradnai.eu\/?p=2993"},"modified":"2016-12-20T14:47:55","modified_gmt":"2016-12-20T13:47:55","slug":"tornaora","status":"publish","type":"post","link":"https:\/\/gyorgyradnai.eu\/?p=2993","title":{"rendered":"&#8222;Torna\u00f3ra&#8221; &#8230;"},"content":{"rendered":"<p><img loading=\"lazy\" decoding=\"async\" class=\"alignnone size-medium\" src=\"http:\/\/888-s3.s3.eu-central-1.amazonaws.com\/thumbs\/2016-04-18\/22120e716ff6e2809a10772fcfd749f0\/760x0.jpg\" width=\"760\" height=\"427\" \/>Hideg van. M\u00ednusz 4 fok. A kuty\u00e1mra is kab\u00e1tot adtam m\u00e1r. Mert s\u00e9t\u00e1lunk. Ahogyan minden reggel, most is. Ropog a l\u00e1bunk alatt: no, sajnos nem a h\u00f3, az \u00f3nos, \u00f6ssze-dzsuv\u00e1sodott es\u0151, meg a hegy fel\u0151l lemos\u00f3dott mindenf\u00e9le szm\u00f6tyi. A kis kavicsok, gyan\u00fas hordal\u00e9kr\u00f6g\u00f6csk\u00e9k, h\u00e1nyad\u00e9kok beragadnak a cip\u0151talpam rec\u00e9i k\u00f6z\u00e9 \u00e9s minden l\u00e9p\u00e9sn\u00e9l b\u00e1nt\u00f3 karistol\u00e1ssal (ahogyan mi is) csikorogj\u00e1k: itt vagyunk!<br \/>\nAm\u00fagy, sz\u00e9p id\u0151 van. Hideg ugyan, de sz\u00e1raz \u00e9s tiszta a leveg\u0151. M\u00e9g nincs nyolc \u00f3ra. Alig vannak emberek az utc\u00e1n: akinek dolga van, az m\u00e1r el is ment a H\u00c9V-vel; akinek meg nincs, az otthon durmol m\u00e9g a j\u00f3 meleg paplan alatt.<br \/>\nDe mi \u2013 a kuty\u00e1m meg \u00e9n \u2013 s\u00e9t\u00e1lunk az utc\u00e1n. \u0150 m\u00e1r olvasott is egy sort, meg-meg\u00e1llva nyomta az orr\u00e1t az avarba, a ker\u00edt\u00e9s al\u00e1, a f\u00e1k nedves t\u00f6v\u00e9be: m\u00e1r tudja is, mi t\u00f6rt\u00e9nt tegnap \u00e9jjel, ki j\u00e1rt erre, ki-kivel veszett \u00f6ssze, kit \u00e9rt t\u00e1mad\u00e1s. Mintha \u00fajs\u00e1got tartana a szeme el\u0151tt, amiben minden benne van. Mintha az internetes port\u00e1lokat b\u00f6ng\u00e9szn\u00e9, tolja el\u0151re az orr\u00e1t a dermedt gazon kereszt\u00fcl \u00e9s \u201efalja\u201d a h\u00edreket. M\u00e1r majdnem mindent elolvasott, m\u00e9gsem \u00e9r a v\u00e9g\u00e9re.<br \/>\nIndul\u00e1s el\u0151tt \u00e9n is benyomtam a laptopomat beleszagolni a h\u00edrekbe. Iszonyat \u00e1rad mindenhonnan: b\u0171z, gennyes ok\u00e1d\u00e9kok, Alepp\u00f3t lebomb\u00e1zt\u00e1k, az orosz nagyk\u00f6vetet lel\u0151tt\u00e9k, kamionnal belehajtottak a kar\u00e1csonyi baz\u00e1rba Berlinben, \u00e9s persze \u201eHi\u00e1ba k\u00e9rte, nem Budapesten temetik el G\u00e1bor Zsazs\u00e1t\u201d. Beindult a g\u00e9pezet: \u00edgy is, \u00fagy is. Tolom el\u0151re az orromat \u00e9n is.<br \/>\nHideg van. M\u00ednusz 4 fok. H\u00f3-n\u00e9lk\u00fcli tel\u00fcnk van megint. De legal\u00e1bb a leveg\u0151 \u00e9les \u00e9s tiszta. Az orrom is, a f\u00fclem is pirosodik, a szemem is k\u00f6nnyezik. A sz\u00e1m sz\u00e9l\u00e9r\u0151l a La-bello is m\u00e1r r\u00e9gen lesz\u00e1radt. S\u00e9t\u00e1lunk: Kyra vid\u00e1man rohang\u00e1l, \u00e9n elbambulva, agyamba, gondolataimba z\u00e1rva baktatok. Cs\u00f6nd van. Egy aut\u00f3 se t\u00fclk\u00f6l r\u00e1nk, a kuk\u00e1saut\u00f3 sem z\u00f6rgeti f\u00f6l a kuty\u00e1kat: majd szerd\u00e1n.<br \/>\nEgyszer csak gyerekzsivaj hallik, labdapattog\u00e1s \u00fctemes pattog\u00e1sa t\u00f6ri meg a dermedt n\u00e9mas\u00e1got. Le\u00e9rt\u00fcnk az iskol\u00e1hoz. Az udvaron megkezd\u0151d\u00f6tt a torna\u00f3ra. De lehet, hogy m\u00e1r h\u00e9t \u00f3ra \u00f3ta tart, mert a \u201enulladik\u201d \u00f3r\u00e1ban elkezd\u0151d\u00f6tt. Mert kev\u00e9s a terem, kell a \u201enulladik\u201d is. Meg a tornaterem is hib\u00e1dzik. De udvar az van. T\u00e9len is. L\u0151t\u00e9r ugyan nincs, meg lel\u00e1t\u00f3s stadion se. Meg helikopter-lesz\u00e1ll\u00f3p\u00e1lya se. Meg az udvart se f\u0171tik, alulr\u00f3l. Mert ez nem futball p\u00e1lya, m\u00e9g csak m\u00e1sodoszt\u00e1ly\u00fa se. De \u00faj tanterv van: t\u00f6bb sporttal, testedz\u00e9ssel, k\u00f6telez\u0151 bennmarad\u00e1ssal, fegyelmez\u00e9ssel.<br \/>\nAz udvaron. Kinn a szabadban.<br \/>\nM\u00ednusz 4 fokban.<br \/>\n2016. 12. 20.<\/p>\n","protected":false},"excerpt":{"rendered":"<p>Hideg van. M\u00ednusz 4 fok. A kuty\u00e1mra is kab\u00e1tot adtam m\u00e1r. Mert s\u00e9t\u00e1lunk. Ahogyan minden reggel, most is. Ropog a l\u00e1bunk alatt: no, sajnos nem a h\u00f3, az \u00f3nos, \u00f6ssze-dzsuv\u00e1sodott es\u0151, meg a hegy fel\u0151l lemos\u00f3dott mindenf\u00e9le szm\u00f6tyi. A kis kavicsok, gyan\u00fas hordal\u00e9kr\u00f6g\u00f6csk\u00e9k, h\u00e1nyad\u00e9kok beragadnak a cip\u0151talpam rec\u00e9i k\u00f6z\u00e9 \u00e9s minden l\u00e9p\u00e9sn\u00e9l b\u00e1nt\u00f3 karistol\u00e1ssal (ahogyan [&hellip;]<\/p>\n","protected":false},"author":1,"featured_media":0,"comment_status":"open","ping_status":"open","sticky":false,"template":"","format":"aside","meta":{"footnotes":""},"categories":[2],"tags":[387],"class_list":["post-2993","post","type-post","status-publish","format-aside","hentry","category-bejegyzes","tag-tornaora","post_format-post-format-aside"],"_links":{"self":[{"href":"https:\/\/gyorgyradnai.eu\/index.php?rest_route=\/wp\/v2\/posts\/2993","targetHints":{"allow":["GET"]}}],"collection":[{"href":"https:\/\/gyorgyradnai.eu\/index.php?rest_route=\/wp\/v2\/posts"}],"about":[{"href":"https:\/\/gyorgyradnai.eu\/index.php?rest_route=\/wp\/v2\/types\/post"}],"author":[{"embeddable":true,"href":"https:\/\/gyorgyradnai.eu\/index.php?rest_route=\/wp\/v2\/users\/1"}],"replies":[{"embeddable":true,"href":"https:\/\/gyorgyradnai.eu\/index.php?rest_route=%2Fwp%2Fv2%2Fcomments&post=2993"}],"version-history":[{"count":2,"href":"https:\/\/gyorgyradnai.eu\/index.php?rest_route=\/wp\/v2\/posts\/2993\/revisions"}],"predecessor-version":[{"id":2995,"href":"https:\/\/gyorgyradnai.eu\/index.php?rest_route=\/wp\/v2\/posts\/2993\/revisions\/2995"}],"wp:attachment":[{"href":"https:\/\/gyorgyradnai.eu\/index.php?rest_route=%2Fwp%2Fv2%2Fmedia&parent=2993"}],"wp:term":[{"taxonomy":"category","embeddable":true,"href":"https:\/\/gyorgyradnai.eu\/index.php?rest_route=%2Fwp%2Fv2%2Fcategories&post=2993"},{"taxonomy":"post_tag","embeddable":true,"href":"https:\/\/gyorgyradnai.eu\/index.php?rest_route=%2Fwp%2Fv2%2Ftags&post=2993"}],"curies":[{"name":"wp","href":"https:\/\/api.w.org\/{rel}","templated":true}]}}