{"id":3189,"date":"2017-04-26T08:42:52","date_gmt":"2017-04-26T07:42:52","guid":{"rendered":"http:\/\/gyorgyradnai.eu\/?p=3189"},"modified":"2017-04-26T09:02:14","modified_gmt":"2017-04-26T08:02:14","slug":"csak-focizgatunk","status":"publish","type":"post","link":"https:\/\/gyorgyradnai.eu\/?p=3189","title":{"rendered":"Csak focizgatunk \u2026!"},"content":{"rendered":"<p>\uf02d Anya, akkor megyek a meccs\u00fcnkre!<br \/>\n\uf02d Menj\u00e9l csak, kicsi fiam, vigy\u00e1zz magadra, csak el ne ess\u00e9l!<br \/>\n\uf02d Jaj, anya, ne m\u00e1r\u2019!<br \/>\n\uf02d Csomagoltam k\u00e9t szelet r\u00e1ntott h\u00fasos szendvicset, meg bek\u00e9sz\u00edtettem a m\u00e1sf\u00e9lliteres Col\u00e1t is, ut\u00e1na meg k\u00e9t t\u00far\u00f3sr\u00e9test, j\u00f3 lesz majd a sz\u00fcnetben.<br \/>\n\uf02d De anya, nem utazunk, ez hazai meccs lesz.<br \/>\n\uf02d Nem baj, kell az ut\u00e1np\u00f3tl\u00e1s, tudom \u00e9n, mit kell enned.<br \/>\n\uf02d Anya, hol a foci-csuk\u00e1m?<br \/>\n\uf02d Engem k\u00e9rdezel, ahova leraktad.<br \/>\n\uf02d Ki se pucoltad, anya?<br \/>\n\uf02d Dehogynem, k\u00fcl\u00f6nben is: a m\u0171 f\u00fcvesen fogtok j\u00e1tszani, akkor meg nem is ebben a cip\u0151ben, hanem a m\u00e1sikban, amit a legut\u00f3bbi <a href=\"http:\/\/index.hu\/sport\/futball\/2017\/04\/26\/tao_mlsz_kotelezo_utanpotlas_csakvar_puskas\/\">tao p\u00e9nzekb\u0151l <\/a>vett a szert\u00e1ros Sanyi b\u00e1\u2019 le\u00e9rt\u00e9kelve a t\u00fark\u00e1l\u00f3ban, tudod, azt\u00e1n nek\u00fcnk kellett \u00c1fa-s sz\u00e1ml\u00e1t szerezn\u00fcnk!<br \/>\n\uf02d Igazad van, akkor csak a kaj\u00e1t viszem, kapunk majd mindent.<br \/>\n\uf02d \u00c9s, mit mondott a Laja b\u00e1\u2019, ma mennyire kaphattok ki, hogy m\u00e9g el\u00e9gedett maradjon?<br \/>\n\uf02d Ma 24 g\u00f3lt kaphatunk, mert ez egy k\u00f6zepesen er\u0151s ellenf\u00e9l lesz, a M\u00e9hker\u00e9ki SE Sz\u00e1guldoz\u00f3k csapata!<br \/>\n\uf02d J\u00f3l van, kicsinyem.<br \/>\n\uf02d Anya, a mai meccs k\u00fcl\u00f6nleges lesz: kij\u00f6n megn\u00e9zni a K\u00f6v\u00e9r Laci b\u00e1csi is, \u00e9s vele lesz majd a Cs\u00e1nyi Sanyi b\u00e1csi is, meg rengeteg kamera is veszi majd a meccset.<br \/>\n\uf02d H\u0171, de j\u00f3, azt\u00e1n mi\u00e9rt j\u00f6nnek?<br \/>\n\uf02d Mert a parlamentben megint lesz vita a focir\u00f3l, \u00e9s mi lesz\u00fcnk az \u00e9rv!<br \/>\n\uf02d Mik lesztek?<br \/>\n\uf02d \u00c9rv, anya, nem \u00e9rted, \u00c9RV!<br \/>\n\uf02d Ti \u00e9rv, azt\u00e1n mire?<br \/>\n\uf02d Hogy n\u00e1lunk m\u00e9g a vesztesek is boldogok!<br \/>\n\uf02d Akkor j\u00f3, ezt m\u00e1r \u00e9rtem\u2026<br \/>\n2017. 04. 26.<img loading=\"lazy\" decoding=\"async\" class=\"alignnone size-medium\" src=\"http:\/\/users1.ml.mindenkilapja.hu\/users\/fc-luzer\/uploads\/FC_luzer_a_csapat1.jpg\" width=\"500\" height=\"317\" \/><\/p>\n","protected":false},"excerpt":{"rendered":"<p>\uf02d Anya, akkor megyek a meccs\u00fcnkre! \uf02d Menj\u00e9l csak, kicsi fiam, vigy\u00e1zz magadra, csak el ne ess\u00e9l! \uf02d Jaj, anya, ne m\u00e1r\u2019! \uf02d Csomagoltam k\u00e9t szelet r\u00e1ntott h\u00fasos szendvicset, meg bek\u00e9sz\u00edtettem a m\u00e1sf\u00e9lliteres Col\u00e1t is, ut\u00e1na meg k\u00e9t t\u00far\u00f3sr\u00e9test, j\u00f3 lesz majd a sz\u00fcnetben. \uf02d De anya, nem utazunk, ez hazai meccs lesz. \uf02d Nem [&hellip;]<\/p>\n","protected":false},"author":1,"featured_media":0,"comment_status":"open","ping_status":"open","sticky":false,"template":"","format":"aside","meta":{"footnotes":""},"categories":[2],"tags":[231],"class_list":["post-3189","post","type-post","status-publish","format-aside","hentry","category-bejegyzes","tag-foci","post_format-post-format-aside"],"_links":{"self":[{"href":"https:\/\/gyorgyradnai.eu\/index.php?rest_route=\/wp\/v2\/posts\/3189","targetHints":{"allow":["GET"]}}],"collection":[{"href":"https:\/\/gyorgyradnai.eu\/index.php?rest_route=\/wp\/v2\/posts"}],"about":[{"href":"https:\/\/gyorgyradnai.eu\/index.php?rest_route=\/wp\/v2\/types\/post"}],"author":[{"embeddable":true,"href":"https:\/\/gyorgyradnai.eu\/index.php?rest_route=\/wp\/v2\/users\/1"}],"replies":[{"embeddable":true,"href":"https:\/\/gyorgyradnai.eu\/index.php?rest_route=%2Fwp%2Fv2%2Fcomments&post=3189"}],"version-history":[{"count":3,"href":"https:\/\/gyorgyradnai.eu\/index.php?rest_route=\/wp\/v2\/posts\/3189\/revisions"}],"predecessor-version":[{"id":3193,"href":"https:\/\/gyorgyradnai.eu\/index.php?rest_route=\/wp\/v2\/posts\/3189\/revisions\/3193"}],"wp:attachment":[{"href":"https:\/\/gyorgyradnai.eu\/index.php?rest_route=%2Fwp%2Fv2%2Fmedia&parent=3189"}],"wp:term":[{"taxonomy":"category","embeddable":true,"href":"https:\/\/gyorgyradnai.eu\/index.php?rest_route=%2Fwp%2Fv2%2Fcategories&post=3189"},{"taxonomy":"post_tag","embeddable":true,"href":"https:\/\/gyorgyradnai.eu\/index.php?rest_route=%2Fwp%2Fv2%2Ftags&post=3189"}],"curies":[{"name":"wp","href":"https:\/\/api.w.org\/{rel}","templated":true}]}}