{"id":3194,"date":"2017-04-26T12:39:11","date_gmt":"2017-04-26T11:39:11","guid":{"rendered":"http:\/\/gyorgyradnai.eu\/?p=3194"},"modified":"2017-04-26T12:39:11","modified_gmt":"2017-04-26T11:39:11","slug":"level-brusszeli-neniknek-bacsiknak-ott-a-parlamentben","status":"publish","type":"post","link":"https:\/\/gyorgyradnai.eu\/?p=3194","title":{"rendered":"Lev\u00e9l br\u00fcsszeli n\u00e9niknek, b\u00e1csiknak, ott, a parlamentben \u2026!"},"content":{"rendered":"<p><img loading=\"lazy\" decoding=\"async\" class=\"alignnone size-medium\" src=\"http:\/\/www.europarl.europa.eu\/plenary\/img\/photo\/hemicycle_bru.jpg\" width=\"640\" height=\"427\" \/><br \/>\nKedves k\u00e9pvisel\u0151 n\u00e9nik \u00e9s b\u00e1csik!<br \/>\nInnen \u00edrok Nektek, a Duna-Tisza k\u00f6z\u00e9r\u0151l, mert apuval \u00e9s a tan\u00edt\u00f3 n\u00e9nimmel \u00e1tbesz\u00e9lt\u00fck a m\u00faltat, a jelent \u00e9s a j\u00f6v\u0151t, meg a nagyit is, \u00e9s aki vel\u00fcnk egy\u00fctt \u00e9l, \u00e9s apu azt mondta, hogy most fontos helyzet van, amikor nem szabad hallgatni. Azt szeretn\u00e9m Nektek mondani el\u0151sz\u00f6r, hogy nekem n\u00e9ha m\u00e9g gond az alany \u00e9s az \u00e1ll\u00edtm\u00e1ny megfelel\u0151 \u00f6sszep\u00e1ros\u00edt\u00e1sa, az ikes ig\u00e9k haszn\u00e1lat\u00e1r\u00f3l nem is besz\u00e9lve, ez\u00e9rt \u00e9n el\u0151re is elsz\u00e9gyellem magam emiatt, nem \u00fagy, mint sok magyar k\u00e9pvisel\u0151 n\u00e9ni \u00e9s b\u00e1csi, meg a Pali b\u00e1csi meg a N\u00e9meth Szil\u00e1rd rezsib\u00e1csi.<br \/>\n\u00c9n nagyon szeretek itt \u00e9lni, mert velem van anyu \u00e9s apu, meg a kistestv\u00e9rem Erik is, aki nem r\u00e9g j\u00f6tt hozz\u00e1nk, de nem a g\u00f3lya hozta, b\u00e1r a nagyi azt mondta nekem, de \u00e9n m\u00e1sk\u00e9ppen tudom. Sz\u00f3val szeretek itt \u00e9lni most, mert egy\u00fctt vagyunk mi. De a Dani az isiben azt mondta, hogy az unokatestv\u00e9rei most nem szeretnek itt \u00e9lni, mert az apuk\u00e1juknak ki kellett mennie eg\u00e9szen B\u00e9csig, meg tov\u00e1bb dolgozni, mert itthon nem tal\u00e1lt munk\u00e1t a szakm\u00e1j\u00e1ban, hogy megfizess\u00e9k. Ez\u00e9rt a csal\u00e1d most apuka n\u00e9lk\u00fcl vacsor\u00e1zik mindig, \u00e9s a Dani mondta, hogy \u0151k is ki fognak elv\u00e1ndorolni, amikor az id\u0151 elj\u00f6n \u00e9s meg\u00e9rik.<br \/>\nDe \u00e9n most szeretek itt \u00e9lni. Csak az anyu meg az apu n\u00e9ha suttogva besz\u00e9lgetnek, amit nem mindig hallok meg \u00e9rtek, de l\u00e1tom rajtuk, hogy olyankor nem olyan simogat\u00f3sak, hanem ink\u00e1bb letargi\u00e1sok. \u00c9s sajnos ez egyre t\u00f6bbsz\u0151r van ez \u00edgy, k\u00fcl\u00f6n\u00f6sen az\u00f3ta, hogy a nagyi egyre rosszabbul van \u00e9s m\u00e1r n\u00e9ha azt se tudja, hogy hol lakunk, a telefonsz\u00e1munkr\u00f3l nem is besz\u00e9lve. De legal\u00e1bb egy\u00fctt vagyunk vele. De apu\u00e9k att\u00f3l is letargi\u00e1ba mennek n\u00e9ha, hogy sok ember megy az utc\u00e1ra t\u00fcntet\u00e9sre, \u00e9s ott vannak sok\u00e1ig, meg besz\u00e9lnek egym\u00e1shoz, nem is ny\u00falnak a kuk\u00e1khoz se, meg az utc\u00e1n l\u00e9v\u0151 aut\u00f3khoz se, meg j\u00f3kat \u00e9nekelnek, de a hatalmasok nem hallj\u00e1k meg az \u00e9nek\u00fcket, legal\u00e1bb is au apu ezt mondja, meg az anyu is.<br \/>\nDe \u00e9n szeretek itt \u00e9lni, mert egy\u00fctt a csal\u00e1d: az anya, az apa, az Erik meg a nagyi is. Nem nagy a lak\u00e1sunk, de nem szoktunk f\u00e1zni. A nagyinak van k\u00fcl\u00f6nszob\u00e1ja, meg nek\u00fcnk, az anyu\u00e9k ott alszanak, ahol enni szoktunk, meg t\u00e9v\u00e9zni, meg oda \u00fclnek le, akik j\u00f6nnek hozz\u00e1nk. N\u00e9ha a lift sem m\u0171k\u00f6dik, akkor a nagyi f\u00f6nn marad. Apu csak a mes\u00e9t, meg n\u00e9ha a meccset engedi n\u00e9zni, mert a h\u00edreket meg a h\u00edrad\u00f3t nem lehet n\u00e9zni n\u00e1lunk; amit nem \u00e9rtek eg\u00e9szen, mert a k\u00e9p is j\u00f6n, meg a hang is, de egy\u00fctt m\u00e9gse j\u00f3, legal\u00e1bbis az apu szerint: mert ott hazudnak mindig.<br \/>\nDe \u00e9n szeretek itt \u00e9lni, ahogy m\u00e1r az el\u0151bb is le\u00edrtam, mert az j\u00f3. De az utc\u00e1n sok mindent nem \u00e9rtek, mert ott vannak azok a nagy plak\u00e1tok, amin ott egy v\u00f6r\u00f6s k\u00e9z, hogy meg\u00e1ll\u00edtsa Br\u00fcsszelt, mert most ez az \u00e9rdek\u00fcnk, mert az vesz\u00e9lyeztet minket, meg az ad\u00f3z\u00e1sunkat; ezt mondta egy b\u00e1csi, amikor apu nem volt otthon, mert dolgozott \u00e9s \u00e9n m\u00e9gis odanyomtam a t\u00e9v\u00e9t a M1 m\u0171sorra, mert az volt legel\u00f6l, \u00e9s akkor tov\u00e1bb kapcsoltam m\u00e9g \u00f6t csatorn\u00e1ra \u00e9s minden\u00fctt ugyanaz a b\u00e1csi mondta az \u00e9rdek\u00fcnket!<br \/>\nDe \u00e9n m\u00e9gis szeretek itt \u00e9lni! Mert j\u00f3 n\u00e9zni a meccseket is, mert t\u00f6bben szaladg\u00e1lnak a p\u00e1ly\u00e1n, mint ah\u00e1nyan \u00fclnek \u00e9s n\u00e9zik \u0151ket sz\u00e9p, \u00faj stadionokban, amiket taob\u00f3l \u00e9p\u00edtettek, ezt mondta nekem az apu, \u00e9s \u00edgy legal\u00e1bb nem kellett k\u00f3rh\u00e1zat fel\u00faj\u00edtani, hogy a nagyit lehessen gy\u00f3gy\u00edtani. \u00c9s ez is eur\u00f3pais\u00e1g, b\u00e1r ezt most t\u00e9nyleg nem \u00e9rtem, hogy mi\u00e9rt, de mondta a Dani az isiben, hogy ilyeneket \u00edrtak Nektek a magyar k\u00e9pvisel\u0151k egy csoportja, mert valamit\u0151l most egy kicsit f\u00e9lnek, pedig a Polt P\u00e9ter b\u00e1csi nem is olyan ijeszt\u0151, ha nem vagy emeszp\u00e9s vagy civil.<br \/>\nSz\u00f3val \u00e9n szeretek itt \u00e9lni, mert van magyar virtus is, ami elk\u00e9l, ahogyan azt az Orb\u00e1n b\u00e1csi \u00edrta f\u00f6l az oldal\u00e1ra, amire ugyanolyan neh\u00e9z f\u00f6ljutni, mint a trafikhoz is hozz\u00e1jutni.<br \/>\nSz\u00f3val: \u00e9n szeretn\u00e9k itt \u00e9lni \u00e9s ez\u00e9rt arra k\u00e9rlek Benneteket, seg\u00edtsetek, ha tudtok; de ha lehet, akkor ink\u00e1bb nek\u00fcnk seg\u00edtsetek, ne azoknak a b\u00e1csiknak \u00e9s n\u00e9niknek, akik ott kinn vannak veletek\u2026<br \/>\n\u00dcdv\u00f6zlettel: egy magyar tanul\u00f3<\/p>\n<p>2017. 04. 26.<\/p>\n","protected":false},"excerpt":{"rendered":"<p>Kedves k\u00e9pvisel\u0151 n\u00e9nik \u00e9s b\u00e1csik! Innen \u00edrok Nektek, a Duna-Tisza k\u00f6z\u00e9r\u0151l, mert apuval \u00e9s a tan\u00edt\u00f3 n\u00e9nimmel \u00e1tbesz\u00e9lt\u00fck a m\u00faltat, a jelent \u00e9s a j\u00f6v\u0151t, meg a nagyit is, \u00e9s aki vel\u00fcnk egy\u00fctt \u00e9l, \u00e9s apu azt mondta, hogy most fontos helyzet van, amikor nem szabad hallgatni. Azt szeretn\u00e9m Nektek mondani el\u0151sz\u00f6r, hogy nekem n\u00e9ha [&hellip;]<\/p>\n","protected":false},"author":1,"featured_media":0,"comment_status":"open","ping_status":"open","sticky":false,"template":"","format":"aside","meta":{"footnotes":""},"categories":[2],"tags":[428],"class_list":["post-3194","post","type-post","status-publish","format-aside","hentry","category-bejegyzes","tag-europai-parlament","post_format-post-format-aside"],"_links":{"self":[{"href":"https:\/\/gyorgyradnai.eu\/index.php?rest_route=\/wp\/v2\/posts\/3194","targetHints":{"allow":["GET"]}}],"collection":[{"href":"https:\/\/gyorgyradnai.eu\/index.php?rest_route=\/wp\/v2\/posts"}],"about":[{"href":"https:\/\/gyorgyradnai.eu\/index.php?rest_route=\/wp\/v2\/types\/post"}],"author":[{"embeddable":true,"href":"https:\/\/gyorgyradnai.eu\/index.php?rest_route=\/wp\/v2\/users\/1"}],"replies":[{"embeddable":true,"href":"https:\/\/gyorgyradnai.eu\/index.php?rest_route=%2Fwp%2Fv2%2Fcomments&post=3194"}],"version-history":[{"count":1,"href":"https:\/\/gyorgyradnai.eu\/index.php?rest_route=\/wp\/v2\/posts\/3194\/revisions"}],"predecessor-version":[{"id":3195,"href":"https:\/\/gyorgyradnai.eu\/index.php?rest_route=\/wp\/v2\/posts\/3194\/revisions\/3195"}],"wp:attachment":[{"href":"https:\/\/gyorgyradnai.eu\/index.php?rest_route=%2Fwp%2Fv2%2Fmedia&parent=3194"}],"wp:term":[{"taxonomy":"category","embeddable":true,"href":"https:\/\/gyorgyradnai.eu\/index.php?rest_route=%2Fwp%2Fv2%2Fcategories&post=3194"},{"taxonomy":"post_tag","embeddable":true,"href":"https:\/\/gyorgyradnai.eu\/index.php?rest_route=%2Fwp%2Fv2%2Ftags&post=3194"}],"curies":[{"name":"wp","href":"https:\/\/api.w.org\/{rel}","templated":true}]}}