{"id":3197,"date":"2017-04-28T08:57:40","date_gmt":"2017-04-28T07:57:40","guid":{"rendered":"http:\/\/gyorgyradnai.eu\/?p=3197"},"modified":"2017-04-28T08:57:40","modified_gmt":"2017-04-28T07:57:40","slug":"hiba","status":"publish","type":"post","link":"https:\/\/gyorgyradnai.eu\/?p=3197","title":{"rendered":"Hiba!"},"content":{"rendered":"<p><img loading=\"lazy\" decoding=\"async\" class=\"alignnone size-medium\" src=\"http:\/\/www.mobilport.hu\/data\/cikk\/11\/24\/88\/cikk_112488\/1_fill_320x240.jpg\" width=\"320\" height=\"240\" \/><br \/>\nNem j\u00f6n az internet. Se a tv. A telefon sem m\u0171k\u00f6dik. Persze: minden ugyanarr\u00f3l a k\u00f6zponti egys\u00e9gr\u0151l j\u00f6n. Amikor j\u00f6n. De most nem j\u00f6n. F\u00f6lh\u00edvom \u0151ket. Mi vagyunk, aj\u00e1nljuk a forma-matric\u00e1nkat, amit azonnal megrendelhet \u00e9s kisz\u00e1ll\u00edtjuk, ha most rendeli az \u00c1f\u00e1t megtakar\u00edtja; most adja meg a telefon-sz\u00e1m\u00e1t a g\u00e9pkocsi rendsz\u00e1m\u00e1nak a harmadik sz\u00e1m\u00e1val egy\u00fctt, az anyja nev\u00e9t, kapcsolja ki-be a h\u0171t\u0151szekr\u00e9ny\u00e9t \u00e9s ha m\u00e9g mindig hib\u00e1t \u00e9szlel, akkor \u00fajra h\u00edvjon f\u00f6l benn\u00fcnket &#8211; mondja 10 percig a g\u00e9p. Azt\u00e1n j\u00f6n a kisl\u00e1ny, miben seg\u00edthetek, igen l\u00e1tom, kikapcsolta m\u00e1r, akkor rendben, most is l\u00e1tom, t\u00e9nyleg nem megy, no nem baj, f\u00f6lveszem az adatait, mikor sz\u00fcletett \u00e9s mi\u00e9rt; nem \u00e9rtem, akkor most k\u00fcld\u00f6k k\u00e9t sms-t, az egyikben azt \u00edrjuk, hogy t\u00e9nyleg hiba van a rendszerben, \u00e9s ez\u00e9rt k\u00fcld\u00f6m a hibajegyet; a m\u00e1sikban meg egy internet c\u00edm lesz, amit olvasgathat \u2013 de nincs internetem; hehe, t\u00e9nyleg, nem baj, az\u00e9rt m\u00e1r elk\u00fcldtem.<br \/>\n\u00c9n is \u0151ket.<br \/>\nJa: most vettem mobil internetet\u2026<\/p>\n<p>2017. 04. 28.<\/p>\n","protected":false},"excerpt":{"rendered":"<p>Nem j\u00f6n az internet. Se a tv. A telefon sem m\u0171k\u00f6dik. Persze: minden ugyanarr\u00f3l a k\u00f6zponti egys\u00e9gr\u0151l j\u00f6n. Amikor j\u00f6n. De most nem j\u00f6n. F\u00f6lh\u00edvom \u0151ket. Mi vagyunk, aj\u00e1nljuk a forma-matric\u00e1nkat, amit azonnal megrendelhet \u00e9s kisz\u00e1ll\u00edtjuk, ha most rendeli az \u00c1f\u00e1t megtakar\u00edtja; most adja meg a telefon-sz\u00e1m\u00e1t a g\u00e9pkocsi rendsz\u00e1m\u00e1nak a harmadik sz\u00e1m\u00e1val egy\u00fctt, az [&hellip;]<\/p>\n","protected":false},"author":1,"featured_media":0,"comment_status":"open","ping_status":"open","sticky":false,"template":"","format":"aside","meta":{"footnotes":""},"categories":[2],"tags":[429],"class_list":["post-3197","post","type-post","status-publish","format-aside","hentry","category-bejegyzes","tag-t-home","post_format-post-format-aside"],"_links":{"self":[{"href":"https:\/\/gyorgyradnai.eu\/index.php?rest_route=\/wp\/v2\/posts\/3197","targetHints":{"allow":["GET"]}}],"collection":[{"href":"https:\/\/gyorgyradnai.eu\/index.php?rest_route=\/wp\/v2\/posts"}],"about":[{"href":"https:\/\/gyorgyradnai.eu\/index.php?rest_route=\/wp\/v2\/types\/post"}],"author":[{"embeddable":true,"href":"https:\/\/gyorgyradnai.eu\/index.php?rest_route=\/wp\/v2\/users\/1"}],"replies":[{"embeddable":true,"href":"https:\/\/gyorgyradnai.eu\/index.php?rest_route=%2Fwp%2Fv2%2Fcomments&post=3197"}],"version-history":[{"count":1,"href":"https:\/\/gyorgyradnai.eu\/index.php?rest_route=\/wp\/v2\/posts\/3197\/revisions"}],"predecessor-version":[{"id":3198,"href":"https:\/\/gyorgyradnai.eu\/index.php?rest_route=\/wp\/v2\/posts\/3197\/revisions\/3198"}],"wp:attachment":[{"href":"https:\/\/gyorgyradnai.eu\/index.php?rest_route=%2Fwp%2Fv2%2Fmedia&parent=3197"}],"wp:term":[{"taxonomy":"category","embeddable":true,"href":"https:\/\/gyorgyradnai.eu\/index.php?rest_route=%2Fwp%2Fv2%2Fcategories&post=3197"},{"taxonomy":"post_tag","embeddable":true,"href":"https:\/\/gyorgyradnai.eu\/index.php?rest_route=%2Fwp%2Fv2%2Ftags&post=3197"}],"curies":[{"name":"wp","href":"https:\/\/api.w.org\/{rel}","templated":true}]}}