{"id":3273,"date":"2017-06-20T15:01:16","date_gmt":"2017-06-20T14:01:16","guid":{"rendered":"http:\/\/gyorgyradnai.eu\/?p=3273"},"modified":"2017-06-20T15:01:16","modified_gmt":"2017-06-20T14:01:16","slug":"legy-resen-ha-fegyvert-kell-viselned","status":"publish","type":"post","link":"https:\/\/gyorgyradnai.eu\/?p=3273","title":{"rendered":"L\u00e9gy r\u00e9sen, ha fegyvert kell viselned \u2026"},"content":{"rendered":"<p><img loading=\"lazy\" decoding=\"async\" class=\"alignnone size-medium\" src=\"https:\/\/s04.static.libri.hu\/cover\/10\/3\/3896807_5.jpg\" width=\"400\" height=\"640\" \/><\/p>\n<p>(Hetedik lecke &#8211; Timothy Snyder)<\/p>\n<p>A t\u00e9r sz\u00e9l\u00e9n rend\u0151r\u00f6k \u00e1llnak. A forr\u00f3 naps\u00fct\u00e9sben n\u00e9ha lekapj\u00e1k az izzadt fej\u00fckre tapadt sapk\u00e1jukat \u00e9s vastag, nedves, ragad\u00f3s ujjaikkal d\u00f6rzs\u00f6lgetik a f\u00fcl\u00fck m\u00f6g\u00e9 csurg\u00f3 ver\u00edt\u00e9ket. Persze hi\u00e1ba, a viszket\u00e9s az idegess\u00e9g\u00fckb\u0151l fakad, ami minden bevet\u00e9s el\u0151tt megrohanja \u0151ket: az izzad\u00e1s csak r\u00e1tesz egy lap\u00e1ttal, \u00fagyhogy n\u00e9h\u00e1ny perc m\u00falva mindig \u00fajrakezdik a vakar\u00f3dz\u00e1st. Csak t\u00e9bl\u00e1bolnak, n\u00e9zel\u0151dnek, a parancs szerint v\u00e1rniuk kell, hogy megteljen a t\u00e9r. Addig csak figyelni \u00e9s v\u00e1rni. Magabiztosan! Ez is benne van a parancsban. H\u00e1t magabiztosak, vagyis annak mutatj\u00e1k magukat, m\u00e9g ha nem is tudj\u00e1k, hogy kell.<br \/>\nMegint biztos valami t\u00fcntet\u00e9s lesz \u2013 gondolja Bence, a Kecskem\u00e9tr\u0151l f\u00f6lrendelt, nemr\u00e9g \u00e9retts\u00e9gizett \u00fajonc, nem kell f\u00e9lnem, majd \u00fagyis j\u00f6nnek a k\u00fcl\u00f6nlegesek, majd azok lerendezik, ha balh\u00e9 lenne. De az\u00e9rt nem teljesen nyugodt, Hann\u00e1ra gondol, akivel m\u00e9g tegnap este is egy\u00fctt voltak, fogt\u00e1k egym\u00e1s kez\u00e9t, azt\u00e1n \u00f6sszeb\u00fajva tervezgett\u00e9k, hogy egyszer majd elk\u00f6lt\u00f6znek a sz\u00fcl\u0151kt\u0151l, otthonr\u00f3l; \u00f6n\u00e1ll\u00f3sodnak, saj\u00e1t lak\u00e1sba, net\u00e1n kertes csal\u00e1di h\u00e1zba mennek, lesz majd h\u00e1rom gyerek\u00fck is, s k\u00f6zben simogatt\u00e1k, cir\u00f3gatt\u00e1k egym\u00e1st. Azt\u00e1n nagyon vigy\u00e1zz magadra \u2013 k\u00f6sz\u00f6nt el t\u0151le v\u00e9g\u00fcl \u00e9jf\u00e9lkor Hanna, nagyon vigy\u00e1zz, suttogta m\u00e9g b\u00facs\u00faz\u00e1sk\u00e9nt az utols\u00f3 cs\u00f3kjuk ut\u00e1n. Rohant haza, mert n\u00e9gykor kellett kelnie, hogy \u00f6tkor m\u00e1r indulhassanak is Pestre.<br \/>\n\u00c9s most itt van. A t\u00e9ren. M\u00e9g kevesen vannak, csak a sz\u00ednpadot \u00e9p\u00edtik, meg a k\u00e1beleket h\u00fazogatj\u00e1k a sz\u00ednpad oldal\u00e1n l\u00e9v\u0151 nagy hangsz\u00f3r\u00f3kba, meg a sz\u00ednpad oldal\u00e1n l\u00e9v\u0151 kever\u0151-pultba. A szerel\u0151k is izzadtak, csapzottak, m\u00e9gis vid\u00e1man, \u00f6ntudatosan v\u00e9gzik a dolgukat, a szakember rutinj\u00e1val meger\u0151s\u00edtve: \u0151k azt\u00e1n t\u00e9nyleg magabiztosak. A h\u00e1tt\u00e9rb\u0151l m\u00e1r zene is sz\u00f3l: kapcsold a Kozmoszra \u2013 ki\u00e1ltja egyik\u00fck \u00e9s m\u00e1r d\u00fcb\u00f6r\u00f6g is a \u201eMi szabadabbak vagyunk, mint ti valaha lesztek\u201d, azt\u00e1n meg \u201eA Kedves Vezet\u0151\u201d. Nem \u00e9rtem \u2013 gondolja Bence, ez kurva j\u00f3, ezek \u00e9rzik, mi kell j\u00f3 kedvhez. Az\u00e9rt \u00f3vatosan k\u00f6r\u00fcln\u00e9z, lesi a t\u00f6bbiek arc\u00e1t, akik n\u00e9m\u00e1n, maguk el\u00e9 meredve \u00e1llnak a sarkon mellette. Bence is f\u00f6leszm\u00e9l, rendezi arc\u00e1t, de a vakar\u00f3dz\u00e1si k\u00e9nyszer csak nem akar sz\u0171nni.<br \/>\nEkkor a t\u00e9r t\u00faloldal\u00e1n mozgol\u00f3d\u00e1s t\u00e1mad, Bence csak a fekete p\u00f3l\u00f3kat veszi \u00e9szre el\u0151sz\u00f6r, azt\u00e1n m\u00e1r l\u00e1tja, hogy kopaszra ny\u00edrt fej\u0171 emberek egyre n\u00f6vekv\u0151 sokas\u00e1ga k\u00f6zeledik a sz\u00ednpad fel\u00e9. N\u00e9h\u00e1nyan k\u00f6z\u00fcl\u00fck forgol\u00f3dnak, l\u00e1that\u00f3v\u00e1 v\u00e1lik a h\u00e1tukon a f\u00f6lirat: \u201eErd\u00e9lyt vissza, vesszen Trianon!\u201d. Meg\u00e1llnak a t\u00e9r k\u00f6zep\u00e9n Most a vezet\u0151j\u00fck kiv\u00e1lik k\u00f6z\u00fcl\u00fck, el\u0151re j\u00f6n \u00e9s hozz\u00e1juk l\u00e9p: ki a parancsnokotok \u2013 k\u00e9rdezi foghegyr\u0151l, de a parancs szerint meg se hallj\u00e1k a k\u00e9rd\u00e9st. Szerencs\u00e9re a mell\u00e9kutc\u00e1ban parkol\u00f3 parancsnoki kocsib\u00f3l kipattan a f\u0151t\u00f6rzs\u2019 \u00e9s odasz\u00f3l a kopasznak: gyere velem, megbesz\u00e9lj\u00fck \u2013 \u00e9s m\u00e1r mennek is h\u00e1tra.<br \/>\nBence nem \u00e9rti, ahogy a t\u00f6bbiek sem, akik ugyan\u00fagy, mint \u0151, hajnalban m\u00e1s vid\u00e9ki v\u00e1rosb\u00f3l \u00e9rkeztek. Persze a szem\u00fck sem rebben, de a vakar\u00f3dz\u00e1s mindegyik\u00fckn\u00e9l egyre elviselhetetlenebb\u00e9 v\u00e1lik. Szerencs\u00e9re egyre t\u00f6bben j\u00f6nnek a t\u00e9rre, sok az id\u0151s, \u00f6reg ember, akik \u00f3vatosan l\u00e9pdelnek, mintha mez\u00edtl\u00e1b j\u00e1rn\u00e1nak sz\u00e9tt\u00f6redezett \u00fcvegdarabokon. De j\u00f6nnek fiatalabbak is, k\u00e9zen-fogva andalognak a sz\u00ednpad fel\u00e9, m\u00e1sok a kisgyerekeiket terelgetik a f\u0171vel bor\u00edtott f\u00e1s tiszt\u00e1sra, ami kiss\u00e9 t\u00e1volabb van a sz\u00ednpadt\u00f3l. Azt\u00e1n egyszer csak tele lett a t\u00e9r, mindenki vid\u00e1man tr\u00e9csel egym\u00e1ssal, v\u00e1rj\u00e1k a t\u00fcntet\u00e9s megnyit\u00e1s\u00e1t.<br \/>\nEz nem is t\u00fcntet\u00e9s \u2013 gondolja most Bence, k\u00e1r, hogy Hann\u00e1t nem hoztam el, persze nem is hozhattam volna, komorodik el hirtelen. T\u00e1rsaira n\u00e9z, azok arca is kisimul, tart\u00e1suk is laz\u00e1bb\u00e1 v\u00e1lik, m\u00e1r n\u00e9melyik\u00fck mosolyogva n\u00e9z vissza r\u00e1; mintha enyh\u00fclne a viszket\u00e9s is, nem lesz itt semmi, j\u00f3 buli lesz.<br \/>\nEgyszer csak \u00fajra megpillantja a kopaszokat. \u0150k visszah\u00faz\u00f3dtak a t\u00e9r \u00e1tellenben l\u00e9v\u0151 sark\u00e1hoz, \u00e9s ahogy Bence l\u00e1tja, hirtelen n\u00e9gysz\u00f6g alakzaba rendez\u0151dnek, \u00e9s amikor a zene elhalkul, nem a sz\u00ednpadra l\u00e9p\u0151 ember hangja hallatszik f\u00f6l, hanem egy hars\u00e1ny vez\u00e9nysz\u00f3: vigy\u00e1zz, jobbr\u00f3l fogad\u00e1s, tisztelegj! \u00c9s egy teljesen fekete egyenruh\u00e1ba \u00f6lt\u00f6z\u00f6tt ember ell\u00e9pdel a n\u00e9m\u00e1n, feszes vigy\u00e1zz\u00e1ll\u00e1sban l\u00e9v\u0151 kopaszok el\u0151tt, majd szembefordul vel\u00fck: Er\u0151t! \u2013 ki\u00e1ltja, amire j\u00f6n is azonnal a v\u00e1lasz, er\u0151t, akkor megfordul l\u00e9p\u00e9s indulj! \u00c9s a feketep\u00f3l\u00f3s kopasz sereg elindul el\u0151re.<br \/>\nBence el\u0151sz\u00f6r nem is \u00e9rti, hogy mi t\u00f6rt\u00e9nik, azt\u00e1n l\u00e1tja, hogy a kopaszok pont a b\u00e9k\u00e9sen j\u00e1tszadoz\u00f3 gyerekeket fogj\u00e1k leg\u00e1zolni pillanatokon bel\u00fcl, ha nem t\u00f6rt\u00e9nik valami. Tenni k\u00e9ne valamit \u2013 gondolja, ezt nem lehet \u00edgy hagyni, de miel\u0151tt elindulna a t\u00f6bbiekre n\u00e9z, akik ugyan\u00fagy, mint \u0150 tan\u00e1cstalanul, de ugr\u00e1sra k\u00e9szen \u00e1llnak, \u0150k is l\u00e1tj\u00e1k, \u00e9szlelik a bajt! De parancs n\u00e9lk\u00fcl nem lehet \u2013 villan bel\u00e9 rend\u0151rs\u00e9ge, sz\u00f3lni k\u00e9ne, hogy kapjanak parancsot. Eligaz\u00edt\u00e1s \u2013 hallja meg hirtelen a h\u00e1ta m\u00f6g\u00fcl a parancsot, ami azt jelenti, hogy vissza kell vonulniuk a parancsnoki kocsi mell\u00e9 a mell\u00e9kutc\u00e1ba. De addigra letaposs\u00e1k \u0151ket \u2013 fordul h\u00e1tra \u00e9s kiab\u00e1l a parancsnokkal; eligaz\u00edt\u00e1sra, harsan f\u00f6l \u00fajra \u00e9s a t\u00f6bbiek szemles\u00fctve araszolnak a kocsi fel\u00e9.<br \/>\nBence megfordul, azt\u00e1n vissza \u00e9s d\u00fch\u00f6dten futva \u00e1tszalad a t\u00e9ren, meg\u00e1ll a gyerekek el\u0151tt, szemben a kopaszokkal, a csizm\u00e1k dobban\u00e1sa egyre k\u00f6zelebb \u00e9s k\u00f6zelebb hallik, m\u00e1r sik\u00edtoz\u00e1s, l\u00e1rma \u00e9s s\u00edr\u00e1s keveredik egym\u00e1ssal, Bence kiab\u00e1l, hogy \u00e1llj, azt\u00e1n elesik, minden s\u00f6t\u00e9tbe borul, csak Hanna mosoly\u00e1t v\u00e9li f\u00f6lfedezni az egyre s\u00f6t\u00e9tebb \u00e9s s\u00f6t\u00e9tebb k\u00fat m\u00e9ly\u00e9n.<\/p>\n<p>2017. 06. 20.<\/p>\n","protected":false},"excerpt":{"rendered":"<p>(Hetedik lecke &#8211; Timothy Snyder) A t\u00e9r sz\u00e9l\u00e9n rend\u0151r\u00f6k \u00e1llnak. A forr\u00f3 naps\u00fct\u00e9sben n\u00e9ha lekapj\u00e1k az izzadt fej\u00fckre tapadt sapk\u00e1jukat \u00e9s vastag, nedves, ragad\u00f3s ujjaikkal d\u00f6rzs\u00f6lgetik a f\u00fcl\u00fck m\u00f6g\u00e9 csurg\u00f3 ver\u00edt\u00e9ket. Persze hi\u00e1ba, a viszket\u00e9s az idegess\u00e9g\u00fckb\u0151l fakad, ami minden bevet\u00e9s el\u0151tt megrohanja \u0151ket: az izzad\u00e1s csak r\u00e1tesz egy lap\u00e1ttal, \u00fagyhogy n\u00e9h\u00e1ny perc m\u00falva mindig [&hellip;]<\/p>\n","protected":false},"author":1,"featured_media":0,"comment_status":"open","ping_status":"open","sticky":false,"template":"","format":"aside","meta":{"footnotes":""},"categories":[2],"tags":[453],"class_list":["post-3273","post","type-post","status-publish","format-aside","hentry","category-bejegyzes","tag-hetedik-lecke","post_format-post-format-aside"],"_links":{"self":[{"href":"https:\/\/gyorgyradnai.eu\/index.php?rest_route=\/wp\/v2\/posts\/3273","targetHints":{"allow":["GET"]}}],"collection":[{"href":"https:\/\/gyorgyradnai.eu\/index.php?rest_route=\/wp\/v2\/posts"}],"about":[{"href":"https:\/\/gyorgyradnai.eu\/index.php?rest_route=\/wp\/v2\/types\/post"}],"author":[{"embeddable":true,"href":"https:\/\/gyorgyradnai.eu\/index.php?rest_route=\/wp\/v2\/users\/1"}],"replies":[{"embeddable":true,"href":"https:\/\/gyorgyradnai.eu\/index.php?rest_route=%2Fwp%2Fv2%2Fcomments&post=3273"}],"version-history":[{"count":2,"href":"https:\/\/gyorgyradnai.eu\/index.php?rest_route=\/wp\/v2\/posts\/3273\/revisions"}],"predecessor-version":[{"id":3275,"href":"https:\/\/gyorgyradnai.eu\/index.php?rest_route=\/wp\/v2\/posts\/3273\/revisions\/3275"}],"wp:attachment":[{"href":"https:\/\/gyorgyradnai.eu\/index.php?rest_route=%2Fwp%2Fv2%2Fmedia&parent=3273"}],"wp:term":[{"taxonomy":"category","embeddable":true,"href":"https:\/\/gyorgyradnai.eu\/index.php?rest_route=%2Fwp%2Fv2%2Fcategories&post=3273"},{"taxonomy":"post_tag","embeddable":true,"href":"https:\/\/gyorgyradnai.eu\/index.php?rest_route=%2Fwp%2Fv2%2Ftags&post=3273"}],"curies":[{"name":"wp","href":"https:\/\/api.w.org\/{rel}","templated":true}]}}