{"id":3337,"date":"2017-08-07T17:33:42","date_gmt":"2017-08-07T16:33:42","guid":{"rendered":"http:\/\/gyorgyradnai.eu\/?p=3337"},"modified":"2017-08-07T17:33:42","modified_gmt":"2017-08-07T16:33:42","slug":"les-hommes-proteges","status":"publish","type":"post","link":"https:\/\/gyorgyradnai.eu\/?p=3337","title":{"rendered":"\u201e Les hommes prot\u00e9g\u00e9s\u201d \u2026"},"content":{"rendered":"<p><img loading=\"lazy\" decoding=\"async\" class=\"alignnone size-medium\" src=\"http:\/\/img1.hvg.hu\/image.aspx?id=5669a987-fbe1-41ea-8c98-14b031912c69&amp;view=b2dea50f-cee1-4f6e-b810-034566fbfb2e\" width=\"640\" height=\"439\" \/><em>\u201e\u2026 az ember j\u00f3r\u00e9szt azzal teszi t\u00f6nkre az \u00e9lt\u00e9t,<\/em><br \/>\n<em> hogy rettegve vagy rem\u00e9nykedve<\/em><br \/>\n<em> folyton azt v\u00e1rja, mi lesz holnap\u2026\u201d<\/em><br \/>\n<em> Robert Merle: V\u00e9dett f\u00e9rfiak<\/em><\/p>\n<p>\u201e<a href=\"http:\/\/hvg.hu\/vilag\/20170807_iran_federica_mogherini?s=hk\">Ir\u00e1nba l\u00e1togatott a h\u00e9tv\u00e9g\u00e9n <\/a>Federica Mogherini, az Eur\u00f3pai Uni\u00f3 k\u00fcl- \u00e9s biztons\u00e1gpolitikai f\u0151k\u00e9pvisel\u0151je, hogy r\u00e9szt vegyen az \u00fajrav\u00e1lasztott Haszan R\u00f3h\u00e1ni eln\u00f6k beiktat\u00e1s\u00e1n \u00e9s t\u00e1rgyaljon is az \u00e1llamf\u0151vel.\u201d \u2013 sz\u00f3l a h\u00edr, ami azonnal f\u00f6lrobbantotta az internetet! Hiszen megjelent az ir\u00e1ni parlamentben Nyugatr\u00f3l egy N\u0150. Egy k\u00e9tl\u00e1bon j\u00e1r\u00f3 N\u0150! Az ir\u00e1ni parlamentben. (Mintha komondor szabadult volna el, vagy a Keletiben a f\u00f6ld\u00f6n alv\u00f3 sz\u00edriai l\u00e1ny, aki k\u00e9s\u0151bb a Vizes VB-\u00e9n a hontalanok csapat\u00e1ban \u00faszott akart volna burnuszban f\u00f6lsz\u00f3lalni a magyarban.)<br \/>\nK\u00f6zben D\u00far\u00f3 D\u00f3ra k\u00e9pvisel\u0151 asszony \u00faj javaslattal bomb\u00e1zza az \u00e1ltal\u00e1nos v\u00e1laszt\u00f3jog \u2013 am\u00fagy is t\u00f6bb sebb\u0151l v\u00e9rz\u0151 \u2013 int\u00e9zm\u00e9ny\u00e9t: \u201e<a href=\"https:\/\/www.facebook.com\/durodora\/?fref=ts\">\u00c1ltal\u00e1nos iskolai v\u00e9gzetts\u00e9ghez <\/a>k\u00f6tni a szavazati jogot egy\u00e1ltal\u00e1n nem antidemokratikus, hiszen p\u00e9ld\u00e1ul az sem szavazhat, aki m\u00e1r dolgozik \u00e9s ad\u00f3t fizet, de m\u00e9g nincsen 18 \u00e9ves. Egy\u00e9bk\u00e9nt egy\u00e9rtelm\u0171, hogy jogilag nagyon finomhangolt szab\u00e1lyoz\u00e1sra van sz\u00fcks\u00e9g, mert p\u00e9ld\u00e1ul 1945 el\u0151tt nem volt k\u00f6telez\u0151 a nyolc oszt\u00e1ly, a h\u00e1bor\u00fa miatt is sz\u00fcnetelt, illetve sokak sz\u00e1m\u00e1ra v\u00e9gleg megszakadt a tan\u00edt\u00e1s. A c\u00e9l az, hogy csak olyanok v\u00e1lasszanak, akikt\u0151l minim\u00e1lisan elv\u00e1rhat\u00f3 a t\u00e1j\u00e9koz\u00f3d\u00e1s \u00e9s a felel\u0151s d\u00f6nt\u00e9s k\u00e9pess\u00e9ge. Egy\u00e9bk\u00e9nt a hat\u00e1lya al\u00e1 tartoz\u00f3kkal szemben sem lenne jogfoszt\u00f3 egy ilyen t\u00f6rv\u00e9ny: ha valakinek nincsen meg a nyolc (vagy id\u0151sebbeknek kevesebb) \u00e1ltal\u00e1nosa, de szavazni szeretne, megteheti, hogy befejezi az \u00e1ltal\u00e1nos iskol\u00e1t.\u201d \u0150 is azonnal vihart arat, pedig \u0150 azt\u00e1n igaz\u00e1n h\u00edve a ker\u00edt\u00e9snek, a hat\u00e1rvad\u00e1szatnak, a hat\u00e1rmenti l\u00e1gereknek.<br \/>\n\u00c9s m\u00e1r megy is a cs\u00f3csa: tulajdonk\u00e9ppen \u00e9s mindazon\u00e1ltal, meg azt is \u00e9rdemes lenne, meg egy\u00e1ltal\u00e1ban nem is olyan, meg azt\u00e1n k\u00fcl\u00f6nben is nem egy \u201eSzent Teh\u00e9n\u201d az \u00e1ltal\u00e1nos v\u00e1laszt\u00f3jog: gondolkodni csak szabad?! Hiszen m\u00e1r ma is van szavaz\u00f3joga a hat\u00e1ron t\u00fali magyaroknak, m\u00e9g ad\u00f3zniuk sem kell; meg azt\u00e1n \u0151k lev\u00e9lben is voksolhatnak, szemben a k\u00fclhonba k\u00e9nyszer\u00edtett (k\u00e9nyszer\u00fclt) \u00e9s j\u00f6vedelm\u00fck egy r\u00e9sz\u00e9t hazak\u00fcld\u0151 magyarokkal. \u00c9s m\u00e1r csak alig van egy \u00e9v a v\u00e1laszt\u00e1sokig: most kell neki esni a t\u00f6rv\u00e9nynek, minek arra annyi id\u0151, meg \u00e9rlel\u00e9s, meg ellen\u0151rz\u00e9s. Volt m\u00e1r itt \u00fagy f\u0151v\u00e1rosi \u00f6nkorm\u00e1nyzati \u00e9s f\u0151polg\u00e1rmester v\u00e1laszt\u00e1s, hogy a v\u00e1laszt\u00e1skor m\u00e9g a nagyra-becs\u00fclt v\u00e1laszt\u00f3 azt se tudta, mi lesz a f\u0151polg\u00e1rmester t\u00e9nyleges funkci\u00f3ja, feladata; az att\u00f3l f\u00fcgg\u00f6tt, hogy a n\u00e9p j\u00f3l v\u00e1laszt majd vagy se.<br \/>\nEz a javaslat is csak arra j\u00f3, hogy hanc\u00farozzon egy j\u00f3t a publikum, j\u00f6jjenek el\u0151 \u00fajra az indulatok, er\u0151s\u00f6dj\u00f6n tov\u00e1bb a rasszizmus, a cig\u00e1nyelleness\u00e9g, a szeg\u00e9nyelleness\u00e9g \u00e9s legal\u00e1bb nem a kiv\u00e1lt\u00f3 okokon meg a megold\u00e1sokon kell t\u00e9pel\u0151dni.<br \/>\n\u201eJ\u00e9zus adta a T\u00edzparancsolatot az embereknek!\u201d \u2013 hallom a lelk\u00e9sz-miniszter penetr\u00e1ns baroms\u00e1g\u00e1t: neki van nyolc \u00e1ltal\u00e1nosa? \u00c9s ha van, \u00e9s ha nincs, he csak egyszer\u0171en ilyen, mag\u00e1t\u00f3l? Az\u00e9r\u2019 csak szavazhasson! Biztosan meleg volt ott, meg \u00e9ppen megr\u00e1ncig\u00e1ltak egy n\u0151t is, \u00fagy kellett kimenteni \u0151t, h\u00e1tra-csavart k\u00e9zzel, bilincs akkor nem volt k\u00e9zn\u00e9l, meg forr\u00f3 motorh\u00e1ztet\u0151 sem, \u00edgy nem kellett a l\u00e1b\u00e1t sz\u00e9tr\u00fagni, meg se halt szeg\u00e9ny. Ez zavarhatta meg a fej\u00e9t a szeg\u00e9ny lelk\u00e9sz-miniszternek, majd a szavaz\u00e1son nem n\u00e9z oda, ha lenne ilyen.<br \/>\n\u00c1, nem v\u00e1ltozik itt semmi, b\u00e1rmi t\u00f6rt\u00e9nik is\u2026<br \/>\n2017.08.07.<\/p>\n","protected":false},"excerpt":{"rendered":"<p>\u201e\u2026 az ember j\u00f3r\u00e9szt azzal teszi t\u00f6nkre az \u00e9lt\u00e9t, hogy rettegve vagy rem\u00e9nykedve folyton azt v\u00e1rja, mi lesz holnap\u2026\u201d Robert Merle: V\u00e9dett f\u00e9rfiak \u201eIr\u00e1nba l\u00e1togatott a h\u00e9tv\u00e9g\u00e9n Federica Mogherini, az Eur\u00f3pai Uni\u00f3 k\u00fcl- \u00e9s biztons\u00e1gpolitikai f\u0151k\u00e9pvisel\u0151je, hogy r\u00e9szt vegyen az \u00fajrav\u00e1lasztott Haszan R\u00f3h\u00e1ni eln\u00f6k beiktat\u00e1s\u00e1n \u00e9s t\u00e1rgyaljon is az \u00e1llamf\u0151vel.\u201d \u2013 sz\u00f3l a h\u00edr, ami [&hellip;]<\/p>\n","protected":false},"author":1,"featured_media":0,"comment_status":"open","ping_status":"open","sticky":false,"template":"","format":"aside","meta":{"footnotes":""},"categories":[2],"tags":[468],"class_list":["post-3337","post","type-post","status-publish","format-aside","hentry","category-bejegyzes","tag-duro","post_format-post-format-aside"],"_links":{"self":[{"href":"https:\/\/gyorgyradnai.eu\/index.php?rest_route=\/wp\/v2\/posts\/3337","targetHints":{"allow":["GET"]}}],"collection":[{"href":"https:\/\/gyorgyradnai.eu\/index.php?rest_route=\/wp\/v2\/posts"}],"about":[{"href":"https:\/\/gyorgyradnai.eu\/index.php?rest_route=\/wp\/v2\/types\/post"}],"author":[{"embeddable":true,"href":"https:\/\/gyorgyradnai.eu\/index.php?rest_route=\/wp\/v2\/users\/1"}],"replies":[{"embeddable":true,"href":"https:\/\/gyorgyradnai.eu\/index.php?rest_route=%2Fwp%2Fv2%2Fcomments&post=3337"}],"version-history":[{"count":1,"href":"https:\/\/gyorgyradnai.eu\/index.php?rest_route=\/wp\/v2\/posts\/3337\/revisions"}],"predecessor-version":[{"id":3338,"href":"https:\/\/gyorgyradnai.eu\/index.php?rest_route=\/wp\/v2\/posts\/3337\/revisions\/3338"}],"wp:attachment":[{"href":"https:\/\/gyorgyradnai.eu\/index.php?rest_route=%2Fwp%2Fv2%2Fmedia&parent=3337"}],"wp:term":[{"taxonomy":"category","embeddable":true,"href":"https:\/\/gyorgyradnai.eu\/index.php?rest_route=%2Fwp%2Fv2%2Fcategories&post=3337"},{"taxonomy":"post_tag","embeddable":true,"href":"https:\/\/gyorgyradnai.eu\/index.php?rest_route=%2Fwp%2Fv2%2Ftags&post=3337"}],"curies":[{"name":"wp","href":"https:\/\/api.w.org\/{rel}","templated":true}]}}