{"id":3339,"date":"2017-08-08T13:00:00","date_gmt":"2017-08-08T12:00:00","guid":{"rendered":"http:\/\/gyorgyradnai.eu\/?p=3339"},"modified":"2017-08-08T13:02:36","modified_gmt":"2017-08-08T12:02:36","slug":"apro-hir","status":"publish","type":"post","link":"https:\/\/gyorgyradnai.eu\/?p=3339","title":{"rendered":"\u201eApr\u00f3\u201d h\u00edr\u2026"},"content":{"rendered":"<p><img loading=\"lazy\" decoding=\"async\" class=\"alignnone size-medium\" src=\"http:\/\/m.cdn.blog.hu\/be\/berkeczbalazs\/image\/813791.jpg\" width=\"1200\" height=\"798\" \/><br \/>\nOlvasom a h\u00edrt: elk\u00e9sz\u00fclt egy tervezet, amely \u201e\u2026 <a href=\"http:\/\/index.hu\/belfold\/2017\/08\/08\/megfigyeles_adattarolas_adatgyujtes_bm_pinter_peterfalvi_torvenytervezet\/\">lehet\u0151v\u00e9 tenn\u00e9, hogy egy a bel\u00fcgyi szervek<\/a> titkos adatgy\u0171jt\u00e9sre alkalmas &#8222;megfigyel\u0151rendszerhez&#8221; jussanak\u2026\u201d. A h\u00edr alapj\u00e1ul szolg\u00e1l\u00f3 t\u00f6rv\u00e9nytervezetet m\u00e9g nem tal\u00e1lom az interneten: az m\u00e9g nem tartozik r\u00e1m, meg persze r\u00e1d se, majd csak k\u00e9s\u0151bb, amikor m\u00e1r bevezett\u00e9k, addig coki! Dr. P\u00e9terfalvi Attila, a Nemzeti Adatv\u00e9delmi \u00e9s Inform\u00e1ci\u00f3szabads\u00e1g Hat\u00f3s\u00e1g eln\u00f6ke, c. egyetemi tan\u00e1r(?) m\u00e1r v\u00e9lem\u00e9nyezte is a tervezetet. Nem repesett a boldogs\u00e1gt\u00f3l, pedig \u0150 ink\u00e1bb repes\u0151 t\u00edpus.<br \/>\nA javaslat szerint ugyanis \u201e\u2026 a j\u00f6v\u0151ben a rend\u0151rs\u00e9g, a k\u00f6zter\u00fclet-fel\u00fcgyelet, a szem\u00e9lysz\u00e1ll\u00edt\u00e1si szolg\u00e1ltat\u00f3k, a k\u00f6z\u00fatkezel\u0151k, az \u00fatd\u00edjszed\u0151k \u00e1ltal, valamint a p\u00e9nz\u00fcgyi szolg\u00e1ltat\u00f3kn\u00e1l r\u00f6gz\u00edtett k\u00e9p- \u00e9s hangfelv\u00e9teleket egy k\u00f6zponti szolg\u00e1ltat\u00f3hoz kell tov\u00e1bb\u00edtani \u2026 az egyenk\u00e9nt t\u00f6rt\u00e9n\u0151 megkeres\u00e9sek mell\u0151zhet\u0151k\u2026\u201d. Ez m\u00e1r \u2013 az egy\u00e9bk\u00e9nt mindig megb\u00edzhat\u00f3 \u00e9s loj\u00e1lis \u2013 P\u00e9terfalvi \u00farn\u00e1l is kiverte a biztos\u00edt\u00e9kot. M\u00e1s szavakkal arr\u00f3l (is) van sz\u00f3, hogy innent\u0151l kezdve leg\u00e1lisan folyamatos megfigyel\u00e9s al\u00e1 ker\u00fcl\u00f6k \u00e9s persze Te is az al\u00e1 ker\u00fclsz! A <a href=\"https:\/\/hu.wikipedia.org\/wiki\/Angszoc\">Nagy Testv\u00e9r <\/a>ett\u0151l kezdve mindent l\u00e1that, hallhat, megfigyelhet, m\u00e9g csak sz\u00f3lnia sem kell nekem, meg persze Neked se egy sz\u00f3t sem, arra sincs sz\u00fcks\u00e9ge, hogy \u201easzongya\u201d: nem is te volt\u00e1l a c\u00e9lszem\u00e9ly, hanem m\u00e1s, csak te is ott volt\u00e1l \u00e9ppen \u00e9s r\u00e1n\u00e9zt\u00e9l a c\u00e9lszem\u00e9lyre, h\u00e1t persze, hogy r\u00e1d (is) mozdult a HAT\u00d3S\u00c1G!<br \/>\nEnnyi sem kell.<br \/>\nTe csak menj\u00e9l az utc\u00e1n gyan\u00fatlanul; nyugodtan f\u00fajjad a pipaf\u00fcst\u00f6t; \u00e1llj meg vagy menj \u00e1t a pirosn\u00e1l; fordulj csak vissza, amikor elmegy melletted egy csinos l\u00e1ny (b\u00e1r m\u00e1r nem tudod mi\u00e9rt); menj be egy k\u00f6nyvesboltba \u00e9s vedd meg az 1984-et; olvasgathatod az utc\u00e1n J\u00f3zsef Attil\u00e1t: \u201e<a href=\"http:\/\/magyar-irodalom.elte.hu\/sulinet\/igyjo\/setup\/portrek\/jozsefa\/levegot.htm\">Sz\u00e1mon tarthatj\u00e1k, mit telefonoztam <\/a>\/s mikor, mi\u00e9rt, kinek. \/Akt\u00e1kba \u00edrj\u00e1k, mir\u0151l \u00e1lmodoztam \/s azt is, ki \u00e9rti meg. \/\u00c9s nem sejthetem, mikor lesz el\u00e9g ok \/el\u0151kotorni azt a kartot\u00e9kot, \/mely jogom s\u00e9rti meg.\u201d \u2013 \u00e9s l\u00e1tni, n\u00e9zni fogj\u00e1k! \u00c9s persze INT\u00c9ZKEDNEK majd!<br \/>\nSoha nem leszel egyed\u00fcl ezut\u00e1n! M\u00e9g az \u00e1gyadban sem, a WC is operat\u00edv ter\u00fclett\u00e9 nyilv\u00e1ntatik! Nem lesz egy sarok, egy bokoralja sem, ahova elvonulhatsz. M\u00e9g csak okostelefon sem kell, vagy Facebook. Semmi.<br \/>\nAzt mondj\u00e1k: \u00e9rted van ez, nem ellenedre. \u00c9rted? H\u00e1t persze, hogy \u00e9rtem. Mert \u00e9n f\u00e9lek, meg Te is, kedves olvas\u00f3: nem \u0150K?!<br \/>\nDe persze mag\u00e1nyos lehetsz, azzal nem lesz baj. Nem az\u00e9rt figyelnek majd, hogy seg\u00edtsenek, amikor bajban vagy, mert \u00e9ppen egy rend\u0151r \u2013 csak \u00fagy \u2013 kiparancsol az aut\u00f3db\u00f3l, r\u00e1k\u00e9nyszer\u00edt a forr\u00f3 motorh\u00e1ztet\u0151re, durv\u00e1n sz\u00e9tr\u00fagja l\u00e1badat, majd szenvtelen\u00fcl odasz\u00f3l a t\u00e1rs\u00e1nak: \u201eTe tudsz \u00fajra-\u00e9leszteni, nem, akkor ennek annyi\u201d. Dehogyis az\u00e9rt! A fr\u00e1szt! \u00c9hes is lehetsz, meg szomjas is, kivert kutya, az rendben lesz. Persze akkor is h\u00fazz a pics\u00e1ba, mert ott a helyed, nem a kamer\u00e1k el\u0151tt!<br \/>\nEz \u00edgy kerek.<br \/>\nEz \u00edgy eg\u00e9sz.<br \/>\nA t\u00f6bbi n\u00e9ma cs\u00f6nd\u2026<\/p>\n<p>2017.08.08.<\/p>\n","protected":false},"excerpt":{"rendered":"<p>Olvasom a h\u00edrt: elk\u00e9sz\u00fclt egy tervezet, amely \u201e\u2026 lehet\u0151v\u00e9 tenn\u00e9, hogy egy a bel\u00fcgyi szervek titkos adatgy\u0171jt\u00e9sre alkalmas &#8222;megfigyel\u0151rendszerhez&#8221; jussanak\u2026\u201d. A h\u00edr alapj\u00e1ul szolg\u00e1l\u00f3 t\u00f6rv\u00e9nytervezetet m\u00e9g nem tal\u00e1lom az interneten: az m\u00e9g nem tartozik r\u00e1m, meg persze r\u00e1d se, majd csak k\u00e9s\u0151bb, amikor m\u00e1r bevezett\u00e9k, addig coki! Dr. P\u00e9terfalvi Attila, a Nemzeti Adatv\u00e9delmi \u00e9s Inform\u00e1ci\u00f3szabads\u00e1g [&hellip;]<\/p>\n","protected":false},"author":1,"featured_media":0,"comment_status":"open","ping_status":"open","sticky":false,"template":"","format":"aside","meta":{"footnotes":""},"categories":[2],"tags":[469],"class_list":["post-3339","post","type-post","status-publish","format-aside","hentry","category-bejegyzes","tag-lehallgatasi-torveny","post_format-post-format-aside"],"_links":{"self":[{"href":"https:\/\/gyorgyradnai.eu\/index.php?rest_route=\/wp\/v2\/posts\/3339","targetHints":{"allow":["GET"]}}],"collection":[{"href":"https:\/\/gyorgyradnai.eu\/index.php?rest_route=\/wp\/v2\/posts"}],"about":[{"href":"https:\/\/gyorgyradnai.eu\/index.php?rest_route=\/wp\/v2\/types\/post"}],"author":[{"embeddable":true,"href":"https:\/\/gyorgyradnai.eu\/index.php?rest_route=\/wp\/v2\/users\/1"}],"replies":[{"embeddable":true,"href":"https:\/\/gyorgyradnai.eu\/index.php?rest_route=%2Fwp%2Fv2%2Fcomments&post=3339"}],"version-history":[{"count":3,"href":"https:\/\/gyorgyradnai.eu\/index.php?rest_route=\/wp\/v2\/posts\/3339\/revisions"}],"predecessor-version":[{"id":3342,"href":"https:\/\/gyorgyradnai.eu\/index.php?rest_route=\/wp\/v2\/posts\/3339\/revisions\/3342"}],"wp:attachment":[{"href":"https:\/\/gyorgyradnai.eu\/index.php?rest_route=%2Fwp%2Fv2%2Fmedia&parent=3339"}],"wp:term":[{"taxonomy":"category","embeddable":true,"href":"https:\/\/gyorgyradnai.eu\/index.php?rest_route=%2Fwp%2Fv2%2Fcategories&post=3339"},{"taxonomy":"post_tag","embeddable":true,"href":"https:\/\/gyorgyradnai.eu\/index.php?rest_route=%2Fwp%2Fv2%2Ftags&post=3339"}],"curies":[{"name":"wp","href":"https:\/\/api.w.org\/{rel}","templated":true}]}}