{"id":3446,"date":"2017-09-29T16:48:56","date_gmt":"2017-09-29T15:48:56","guid":{"rendered":"http:\/\/gyorgyradnai.eu\/?p=3446"},"modified":"2017-09-29T16:48:56","modified_gmt":"2017-09-29T15:48:56","slug":"ocsenyi-polgarok-honfitarsaim","status":"publish","type":"post","link":"https:\/\/gyorgyradnai.eu\/?p=3446","title":{"rendered":"\u0150cs\u00e9nyi polg\u00e1rok, honfit\u00e1rsaim!"},"content":{"rendered":"<p><img loading=\"lazy\" decoding=\"async\" class=\"alignnone size-medium\" src=\"http:\/\/ujszo.com\/sites\/default\/files\/photos\/promoted\/letter.jpg\" width=\"3706\" height=\"2470\" \/>(Ny\u00edlt lev\u00e9l)<\/p>\n<p>Most, hogy Orb\u00e1n Viktor minisztereln\u00f6k \u201e<a href=\"http:\/\/mti.hu\/Pages\/News.aspx?newsid=716510&amp;lang=hun&amp;contnews=1&amp;append=1&amp;print=1\">semmi kivetnival\u00f3t<\/a>\u201d nem tal\u00e1lt az \u00d6n\u00f6k tiltakoz\u00e1s\u00e1ban (sic!), abban, hogy egyik polg\u00e1rt\u00e1rsuk kocsij\u00e1t t\u00e9gl\u00e1val megdob\u00e1lt\u00e1k, kerekeit sz\u00e9tvagdalt\u00e1k, azzal fenyegett\u00e9k, hogy fej\u00e9t a t\u00f6rzs\u00e9t\u0151l elv\u00e1lasztj\u00e1k, \u00e9n m\u00e9gis arra k\u00e9rem \u00d6n\u00f6ket: gondolj\u00e1k \u00fajra: mit \u00e9s mi\u00e9rt cselekedtek.<br \/>\nN\u00e9zegetem az \u00d6n\u00f6k k\u00f6zs\u00e9g\u00e9ben k\u00e9sz\u00fclt k\u00e9peket, a templomokat, a H\u0151si eml\u00e9km\u0171vet, a H\u0151s\u00f6k ter\u00e9t. Olvasom: \u201e1923. november 25.-\u00e9n H\u0151s\u00f6k vas\u00e1rnapj\u00e1n d\u00e9lel\u0151tt 10.00 \u00f3rakor avatt\u00e1k fel a H\u0151si eml\u00e9km\u0171vet\u2026 Az \u00fcnneps\u00e9g d\u00e9lel\u0151tt 10.00 \u00f3rakor kezd\u0151d\u00f6tt a Reform\u00e1tus Templomban, mely alkalommal m\u00e9lt\u00f3s\u00e1gos dr. Kov\u00e1cs J. Istv\u00e1n nyugalmazott \u00e1llamtitk\u00e1r budapesti teol\u00f3giai igazgat\u00f3 pr\u00e9dik\u00e1lt a templomban\u2026\u201d<br \/>\nVajon az akkoriban k\u00f6zs\u00e9g\u00fckben \u00e9lt emberek mit gondoln\u00e1nak az \u00d6n\u00f6k mostani tiltakoz\u00e1s\u00e1r\u00f3l?<br \/>\nVajon a budapesti teol\u00f3giai igazgat\u00f3 \u00e9s G\u00f6de Lajos szeksz\u00e1rdi lelk\u00e9sz mit gondolna az \u00d6n\u00f6k mostani d\u00f6nt\u00e9s\u00e9r\u0151l? \u00c9s a most \u00e9l\u0151 lelk\u00e9szeik, mit gondolnak?<br \/>\nVajon a falugy\u0171l\u00e9sen elfoglalt \u00e1ll\u00e1spontjuk, d\u00f6nt\u00e9s\u00fck, majd az azt k\u00f6vet\u0151 esem\u00e9nyek k\u00f6zs\u00e9g\u00fck mind a 2458 (<a href=\"http:\/\/nepesseg.com\/tolna\/ocseny\">\u0150cs\u00e9ny n\u00e9pess\u00e9ge<\/a>) lakos\u00e1nak a t\u00e1mogat\u00e1s\u00e1t \u00e9lvezik?<br \/>\n\u00d6n\u00f6ket akkor \u00e9s ott, a falugy\u0171l\u00e9sen a t\u00e9nyek nem \u00e9rdekelt\u00e9k!<br \/>\n\u00d6n\u00f6ket akkor \u00e9s ott az \u00d6n\u00f6kben f\u00f6lgerjesztett indulatok vez\u00e9relt\u00e9k, el\u0151re elgondolt v\u00e1laszaik voltak, amiket k\u00e9szen kaptak a plak\u00e1tokr\u00f3l, az \u00fagynevezett \u2019Nemzeti Konzult\u00e1ci\u00f3b\u00f3l\u2019! Arra sem voltak k\u00edv\u00e1ncsiak, hogy kik j\u00f6nn\u00e9nek \u00d6n\u00f6kh\u00f6z: h\u00e1nyan, h\u00e1ny \u00e9jszak\u00e1ra, napra \u00e9rkezn\u00e9nek. Meg se hallgatt\u00e1k azokat, akik err\u0151l hitelesen besz\u00e1molhattak volna. Az\u00f3ta tudjuk: k\u00e9t csal\u00e1dr\u00f3l lett volna sz\u00f3, k\u00e9t any\u00e1r\u00f3l \u00e9s k\u00e9t ap\u00e1r\u00f3l meg t\u00edz \u00e9v k\u00f6r\u00fcli gyerekeikr\u0151l, hogy egy \u00e9jszak\u00e1t ott aludjanak!<br \/>\n\u00d6n\u00f6ket akkor \u00e9s ott csak az befoly\u00e1solta, amit az orsz\u00e1gos t\u00e9v\u00e9kben l\u00e1thattak, orsz\u00e1gos r\u00e1di\u00f3kban hallhattak, az orsz\u00e1gos lapokban olvashattak! Hittek nekik, mint Horthynak, R\u00e1kosinak, meg most hisznek Orb\u00e1nnak is!<br \/>\nVajon ki hazudik?<br \/>\nVajon kinek k\u00f6nnyebb \u00e9s mi\u00e9rt hinni?<br \/>\nVajon le lehet egyszer gy\u0151zni a f\u00f6lgerjesztett, gonosz \u00e9s \u201efort\u00e9lyos\u201d f\u00e9lelmet?<br \/>\nMost, hogy Orb\u00e1n Viktor minisztereln\u00f6k \u201esemmi kivetnival\u00f3t\u201d nem tal\u00e1lt az \u00d6n\u00f6k tiltakoz\u00e1s\u00e1ban (sic!), abban, hogy egyik polg\u00e1rt\u00e1rsuk kocsij\u00e1t t\u00e9gl\u00e1val megdob\u00e1lt\u00e1k, kerekeit sz\u00e9tvagdalt\u00e1k, azzal fenyegett\u00e9k, hogy fej\u00e9t a t\u00f6rzs\u00e9t\u0151l elv\u00e1lasztj\u00e1k, \u00e9n m\u00e9gis arra k\u00e9rem \u00d6n\u00f6ket: gondolj\u00e1k \u00fajra: mit \u00e9s mi\u00e9rt cselekedtek.<br \/>\n\u00dcdv\u00f6zlettel: egy honfit\u00e1rsuk, aki szint\u00e9n magyar \u00e9s itt \u00e9l Magyarorsz\u00e1gon<br \/>\n2017. 09. 29.<\/p>\n","protected":false},"excerpt":{"rendered":"<p>(Ny\u00edlt lev\u00e9l) Most, hogy Orb\u00e1n Viktor minisztereln\u00f6k \u201esemmi kivetnival\u00f3t\u201d nem tal\u00e1lt az \u00d6n\u00f6k tiltakoz\u00e1s\u00e1ban (sic!), abban, hogy egyik polg\u00e1rt\u00e1rsuk kocsij\u00e1t t\u00e9gl\u00e1val megdob\u00e1lt\u00e1k, kerekeit sz\u00e9tvagdalt\u00e1k, azzal fenyegett\u00e9k, hogy fej\u00e9t a t\u00f6rzs\u00e9t\u0151l elv\u00e1lasztj\u00e1k, \u00e9n m\u00e9gis arra k\u00e9rem \u00d6n\u00f6ket: gondolj\u00e1k \u00fajra: mit \u00e9s mi\u00e9rt cselekedtek. N\u00e9zegetem az \u00d6n\u00f6k k\u00f6zs\u00e9g\u00e9ben k\u00e9sz\u00fclt k\u00e9peket, a templomokat, a H\u0151si eml\u00e9km\u0171vet, a H\u0151s\u00f6k [&hellip;]<\/p>\n","protected":false},"author":1,"featured_media":0,"comment_status":"open","ping_status":"open","sticky":false,"template":"","format":"aside","meta":{"footnotes":""},"categories":[2],"tags":[490],"class_list":["post-3446","post","type-post","status-publish","format-aside","hentry","category-bejegyzes","tag-ocseny","post_format-post-format-aside"],"_links":{"self":[{"href":"https:\/\/gyorgyradnai.eu\/index.php?rest_route=\/wp\/v2\/posts\/3446","targetHints":{"allow":["GET"]}}],"collection":[{"href":"https:\/\/gyorgyradnai.eu\/index.php?rest_route=\/wp\/v2\/posts"}],"about":[{"href":"https:\/\/gyorgyradnai.eu\/index.php?rest_route=\/wp\/v2\/types\/post"}],"author":[{"embeddable":true,"href":"https:\/\/gyorgyradnai.eu\/index.php?rest_route=\/wp\/v2\/users\/1"}],"replies":[{"embeddable":true,"href":"https:\/\/gyorgyradnai.eu\/index.php?rest_route=%2Fwp%2Fv2%2Fcomments&post=3446"}],"version-history":[{"count":1,"href":"https:\/\/gyorgyradnai.eu\/index.php?rest_route=\/wp\/v2\/posts\/3446\/revisions"}],"predecessor-version":[{"id":3447,"href":"https:\/\/gyorgyradnai.eu\/index.php?rest_route=\/wp\/v2\/posts\/3446\/revisions\/3447"}],"wp:attachment":[{"href":"https:\/\/gyorgyradnai.eu\/index.php?rest_route=%2Fwp%2Fv2%2Fmedia&parent=3446"}],"wp:term":[{"taxonomy":"category","embeddable":true,"href":"https:\/\/gyorgyradnai.eu\/index.php?rest_route=%2Fwp%2Fv2%2Fcategories&post=3446"},{"taxonomy":"post_tag","embeddable":true,"href":"https:\/\/gyorgyradnai.eu\/index.php?rest_route=%2Fwp%2Fv2%2Ftags&post=3446"}],"curies":[{"name":"wp","href":"https:\/\/api.w.org\/{rel}","templated":true}]}}