{"id":3451,"date":"2017-10-02T16:18:58","date_gmt":"2017-10-02T15:18:58","guid":{"rendered":"http:\/\/gyorgyradnai.eu\/?p=3451"},"modified":"2017-10-02T16:18:58","modified_gmt":"2017-10-02T15:18:58","slug":"kerem-hogy-csak-az-olvassa-el","status":"publish","type":"post","link":"https:\/\/gyorgyradnai.eu\/?p=3451","title":{"rendered":"K\u00e9rem, hogy csak az olvassa el,"},"content":{"rendered":"<p><a href=\"http:\/\/gyorgyradnai.eu\/wp-content\/uploads\/2015\/07\/image1.jpg\"><img loading=\"lazy\" decoding=\"async\" class=\"alignleft size-full wp-image-1914\" src=\"http:\/\/gyorgyradnai.eu\/wp-content\/uploads\/2015\/07\/image1.jpg\" alt=\"\" width=\"200\" height=\"200\" srcset=\"https:\/\/gyorgyradnai.eu\/wp-content\/uploads\/2015\/07\/image1.jpg 200w, https:\/\/gyorgyradnai.eu\/wp-content\/uploads\/2015\/07\/image1-150x150.jpg 150w\" sizes=\"auto, (max-width: 200px) 100vw, 200px\" \/><\/a>\u2022 aki m\u00e1r elm\u00falt vagy m\u00e9g nincs 18 \u00e9ves;<br \/>\n\u2022 akinek nem magas vagy magas a v\u00e9rnyom\u00e1sa;<br \/>\n\u2022 aki \u00e9rez valamit is vagy nem \u00e9rez semmit a k\u00f6z\u00e9rt;<br \/>\n\u2022 aki \u00fagy gondolja, hogy Orb\u00e1n n\u00e9lk\u00fcl vagy Orb\u00e1nnal;<br \/>\n\u2022 aki szerint az \u00e1rokpartj\u00e1n aludni t\u00e9len j\u00f3 vagy aki szerint nem;<br \/>\n\u2022 aki lopni j\u00e1r a gallyak\u00e9rt az erd\u0151be, hogy tudjon f\u0171teni vagy aki nem lop;<br \/>\n\u2022 akinek m\u00e1r meghalt egy rokona a k\u00f3rh\u00e1zban vagy akinek m\u00e9g nem;<br \/>\n\u2022 akinek a gyereke m\u00e1r k\u00fclf\u00f6ld\u00f6n \u00e9l vagy akinek m\u00e9g nem;<br \/>\n\u2022 akinek a faluj\u00e1ban nincs m\u00e1r ATM sem vagy kinek m\u00e9g van;<br \/>\n\u2022 akinek a sz\u00fclei m\u00e1r \u00e9heznek vagy akinek m\u00e9g nem;<br \/>\n\u2022 aki m\u00e1r 25 \u00e9ve nem volt sz\u00ednh\u00e1zban vagy aki moziban sem;<br \/>\n\u2022 aki szereti a focit vagy aki ut\u00e1lja;<br \/>\n\u2022 aki szerint mindennek az oka a migr\u00e1ns sisere-had vagy aki szerint nem;<br \/>\n\u2022 aki m\u00e9g csak nem is nemzeti vagy nemzeti;<br \/>\n\u2022 aki szerint a ker\u00edt\u00e9s n\u00e9lk\u00fcl is vagy csak a ker\u00edt\u00e9ssel;<br \/>\n\u2022 aki liber\u00e1lis vagy aki nem;<br \/>\n\u2022 aki gondol n\u00e9ha a szolidarit\u00e1sra vagy aki sohasem;<br \/>\n\u2022 aki tud olvasni vagy nem tudja mi\u00e9rt nem;<br \/>\n\u2022 aki tudja mi az egyszeregy vagy aki m\u00e9g azt sem;<br \/>\n\u2022 aki alkotm\u00e1nyjog\u00e1sz vagy nem;<br \/>\n\u2022 aki biztons\u00e1gpolitikai szak\u00e9rt\u0151 vagy m\u00e9g az sem;<br \/>\n\u2022 aki megmond\u00f3ember vagy sohase lesz;<br \/>\n\u2022 aki szavazni fog vagy nem!<\/p>\n<p>Most, hogy Botka lemondott: jobb?<br \/>\n2017. 10. 02.<\/p>\n","protected":false},"excerpt":{"rendered":"<p>\u2022 aki m\u00e1r elm\u00falt vagy m\u00e9g nincs 18 \u00e9ves; \u2022 akinek nem magas vagy magas a v\u00e9rnyom\u00e1sa; \u2022 aki \u00e9rez valamit is vagy nem \u00e9rez semmit a k\u00f6z\u00e9rt; \u2022 aki \u00fagy gondolja, hogy Orb\u00e1n n\u00e9lk\u00fcl vagy Orb\u00e1nnal; \u2022 aki szerint az \u00e1rokpartj\u00e1n aludni t\u00e9len j\u00f3 vagy aki szerint nem; \u2022 aki lopni j\u00e1r a gallyak\u00e9rt [&hellip;]<\/p>\n","protected":false},"author":1,"featured_media":0,"comment_status":"open","ping_status":"open","sticky":false,"template":"","format":"aside","meta":{"footnotes":""},"categories":[2],"tags":[491],"class_list":["post-3451","post","type-post","status-publish","format-aside","hentry","category-bejegyzes","tag-botka","post_format-post-format-aside"],"_links":{"self":[{"href":"https:\/\/gyorgyradnai.eu\/index.php?rest_route=\/wp\/v2\/posts\/3451","targetHints":{"allow":["GET"]}}],"collection":[{"href":"https:\/\/gyorgyradnai.eu\/index.php?rest_route=\/wp\/v2\/posts"}],"about":[{"href":"https:\/\/gyorgyradnai.eu\/index.php?rest_route=\/wp\/v2\/types\/post"}],"author":[{"embeddable":true,"href":"https:\/\/gyorgyradnai.eu\/index.php?rest_route=\/wp\/v2\/users\/1"}],"replies":[{"embeddable":true,"href":"https:\/\/gyorgyradnai.eu\/index.php?rest_route=%2Fwp%2Fv2%2Fcomments&post=3451"}],"version-history":[{"count":1,"href":"https:\/\/gyorgyradnai.eu\/index.php?rest_route=\/wp\/v2\/posts\/3451\/revisions"}],"predecessor-version":[{"id":3452,"href":"https:\/\/gyorgyradnai.eu\/index.php?rest_route=\/wp\/v2\/posts\/3451\/revisions\/3452"}],"wp:attachment":[{"href":"https:\/\/gyorgyradnai.eu\/index.php?rest_route=%2Fwp%2Fv2%2Fmedia&parent=3451"}],"wp:term":[{"taxonomy":"category","embeddable":true,"href":"https:\/\/gyorgyradnai.eu\/index.php?rest_route=%2Fwp%2Fv2%2Fcategories&post=3451"},{"taxonomy":"post_tag","embeddable":true,"href":"https:\/\/gyorgyradnai.eu\/index.php?rest_route=%2Fwp%2Fv2%2Ftags&post=3451"}],"curies":[{"name":"wp","href":"https:\/\/api.w.org\/{rel}","templated":true}]}}