{"id":42,"date":"2013-12-12T12:15:01","date_gmt":"2013-12-12T11:15:01","guid":{"rendered":"http:\/\/gyorgyradnai.eu\/?p=42"},"modified":"2013-12-12T12:15:01","modified_gmt":"2013-12-12T11:15:01","slug":"odon-von-horvath-istentelen-ifjusag","status":"publish","type":"post","link":"https:\/\/gyorgyradnai.eu\/odon-von-horvath-istentelen-ifjusag\/","title":{"rendered":"\u00d6d\u00f6n von Horv\u00e1th: Istentelen ifj\u00fas\u00e1g"},"content":{"rendered":"<p>Ez egy napl\u00f3reg\u00e9ny a hitleri N\u00e9metorsz\u00e1gr\u00f3l, arr\u00f3l, ahogyan egy f\u00f6ldrajztan\u00e1r, Lorenz Ludwig meg\u00e9li.<br \/>\n\u201e\u2019Minden n\u00e9ger alattomos, gy\u00e1va \u00e9s lusta.\u2019 \u2013 Milyen ostobas\u00e1g! \u00c1th\u00fazom! S m\u00e1r oda akarom \u00edrni v\u00f6r\u00f6s tint\u00e1val a marg\u00f3ra: \u2019\u00c9rtelmetlen \u00e1ltal\u00e1nos\u00edt\u00e1s!\u2019 \u2013 de meg\u00e1ll a kezem. Vigy\u00e1zat: nem hallottam m\u00e1r egyszer ezt a mondatot a n\u00e9gerekr\u0151l az ut\u00f3bbi id\u0151ben? De hol? Igen: az \u00e9tteremben a hangsz\u00f3r\u00f3b\u00f3l harsogott, s majdnem elrontotta az \u00e9tv\u00e1gyamat. H\u00e1t ott hagyom a mondatot, mert amit valaki a r\u00e1di\u00f3ban kimond, azt nem szabad a tan\u00e1rnak a tanul\u00f3 f\u00fczet\u00e9ben \u00e1th\u00faznia[1]. S m\u00edg, tov\u00e1bb olvasom, folyton hallom a r\u00e1di\u00f3t: sustorog, ord\u00edt, ugat, kurrog, fenyeget \u2013 s az \u00fajs\u00e1gok nyomtat\u00e1sban ism\u00e9tlik, \u00e9s a gyerk\u0151c\u00f6k kim\u00e1solj\u00e1k.[2]\u201d<\/p>\n<p>[1] kiemel\u00e9s t\u0151lem<\/p>\n<p>[2] A n\u00e9gerek 8. old.<\/p>\n","protected":false},"excerpt":{"rendered":"<p>Ez egy napl\u00f3reg\u00e9ny a hitleri N\u00e9metorsz\u00e1gr\u00f3l, arr\u00f3l, ahogyan egy f\u00f6ldrajztan\u00e1r, Lorenz Ludwig meg\u00e9li. \u201e\u2019Minden n\u00e9ger alattomos, gy\u00e1va \u00e9s lusta.\u2019 \u2013 Milyen ostobas\u00e1g! \u00c1th\u00fazom! S m\u00e1r oda akarom \u00edrni v\u00f6r\u00f6s tint\u00e1val a marg\u00f3ra: \u2019\u00c9rtelmetlen \u00e1ltal\u00e1nos\u00edt\u00e1s!\u2019 \u2013 de meg\u00e1ll a kezem. Vigy\u00e1zat: nem hallottam m\u00e1r egyszer ezt a mondatot a n\u00e9gerekr\u0151l az ut\u00f3bbi id\u0151ben? De hol? Igen: [&hellip;]<\/p>\n","protected":false},"author":1,"featured_media":0,"comment_status":"open","ping_status":"open","sticky":false,"template":"","format":"standard","meta":{"footnotes":""},"categories":[6],"tags":[],"class_list":["post-42","post","type-post","status-publish","format-standard","hentry","category-konyv"],"_links":{"self":[{"href":"https:\/\/gyorgyradnai.eu\/wp-json\/wp\/v2\/posts\/42","targetHints":{"allow":["GET"]}}],"collection":[{"href":"https:\/\/gyorgyradnai.eu\/wp-json\/wp\/v2\/posts"}],"about":[{"href":"https:\/\/gyorgyradnai.eu\/wp-json\/wp\/v2\/types\/post"}],"author":[{"embeddable":true,"href":"https:\/\/gyorgyradnai.eu\/wp-json\/wp\/v2\/users\/1"}],"replies":[{"embeddable":true,"href":"https:\/\/gyorgyradnai.eu\/wp-json\/wp\/v2\/comments?post=42"}],"version-history":[{"count":2,"href":"https:\/\/gyorgyradnai.eu\/wp-json\/wp\/v2\/posts\/42\/revisions"}],"predecessor-version":[{"id":5540,"href":"https:\/\/gyorgyradnai.eu\/wp-json\/wp\/v2\/posts\/42\/revisions\/5540"}],"wp:attachment":[{"href":"https:\/\/gyorgyradnai.eu\/wp-json\/wp\/v2\/media?parent=42"}],"wp:term":[{"taxonomy":"category","embeddable":true,"href":"https:\/\/gyorgyradnai.eu\/wp-json\/wp\/v2\/categories?post=42"},{"taxonomy":"post_tag","embeddable":true,"href":"https:\/\/gyorgyradnai.eu\/wp-json\/wp\/v2\/tags?post=42"}],"curies":[{"name":"wp","href":"https:\/\/api.w.org\/{rel}","templated":true}]}}