{"id":499,"date":"2014-02-04T14:25:05","date_gmt":"2014-02-04T13:25:05","guid":{"rendered":"http:\/\/gyorgyradnai.eu\/?p=499"},"modified":"2014-02-04T14:25:05","modified_gmt":"2014-02-04T13:25:05","slug":"moricz-zsigmond-naplojegyzetek-1919","status":"publish","type":"post","link":"https:\/\/gyorgyradnai.eu\/moricz-zsigmond-naplojegyzetek-1919\/","title":{"rendered":"M\u00f3ricz Zsigmond: Napl\u00f3jegyzetek 1919"},"content":{"rendered":"<p><a href=\"http:\/\/gyorgyradnai.eu\/wp-content\/uploads\/2014\/02\/M\u00f3ricz-Napl\u00f3jegyzetek.jpg\"><img loading=\"lazy\" decoding=\"async\" class=\"alignleft size-medium wp-image-500\" alt=\"M\u00f3ricz Napl\u00f3jegyzetek\" src=\"http:\/\/gyorgyradnai.eu\/wp-content\/uploads\/2014\/02\/M\u00f3ricz-Napl\u00f3jegyzetek-176x300.jpg\" width=\"176\" height=\"300\" srcset=\"https:\/\/gyorgyradnai.eu\/wp-content\/uploads\/2014\/02\/M\u00f3ricz-Napl\u00f3jegyzetek-176x300.jpg 176w, https:\/\/gyorgyradnai.eu\/wp-content\/uploads\/2014\/02\/M\u00f3ricz-Napl\u00f3jegyzetek.jpg 206w\" sizes=\"auto, (max-width: 176px) 100vw, 176px\" \/><\/a>\u201e1919. j\u00falius 19.<br \/>\nMEGJELENT EGY BURZSUJ<br \/>\nfessen, t\u00e9rdnadr\u00e1gban j\u00f6tt be a kapun,abban a pillanatban elb\u00fajtam a rongyos, vedlett ruh\u00e1mban, amiben dolgoztam. Egy munk\u00e1st [Fancseket] keresett n\u00e1lam, megbesz\u00e9lt vele valamit s elment. Ha olyan b\u00fcszke \u00e9s megel\u00e9gedett vagyok ezek k\u00f6zt a munk\u00e1semberek k\u00f6zt azzal, hogy semmiben sem k\u00fcl\u00f6nb\u00f6z\u00f6k t\u0151l\u00fck a munka k\u00f6zben: m\u00e9rt sz\u00e9gyellem magam egy eleg\u00e1ns \u00far jelenl\u00e9t\u00e9ben?<br \/>\nAz \u00c9n mindig els\u0151 \u00e9s legk\u00fcl\u00f6nb akar lenni: prolet\u00e1rok k\u00f6zt els\u0151 proli, burzsujok k\u00f6zt els\u0151 burzsi.\u201d<\/p>\n","protected":false},"excerpt":{"rendered":"<p>\u201e1919. j\u00falius 19. MEGJELENT EGY BURZSUJ fessen, t\u00e9rdnadr\u00e1gban j\u00f6tt be a kapun,abban a pillanatban elb\u00fajtam a rongyos, vedlett ruh\u00e1mban, amiben dolgoztam. Egy munk\u00e1st [Fancseket] keresett n\u00e1lam, megbesz\u00e9lt vele valamit s elment. Ha olyan b\u00fcszke \u00e9s megel\u00e9gedett vagyok ezek k\u00f6zt a munk\u00e1semberek k\u00f6zt azzal, hogy semmiben sem k\u00fcl\u00f6nb\u00f6z\u00f6k t\u0151l\u00fck a munka k\u00f6zben: m\u00e9rt sz\u00e9gyellem magam egy [&hellip;]<\/p>\n","protected":false},"author":1,"featured_media":0,"comment_status":"open","ping_status":"open","sticky":false,"template":"","format":"standard","meta":{"footnotes":""},"categories":[6],"tags":[],"class_list":["post-499","post","type-post","status-publish","format-standard","hentry","category-konyv"],"_links":{"self":[{"href":"https:\/\/gyorgyradnai.eu\/wp-json\/wp\/v2\/posts\/499","targetHints":{"allow":["GET"]}}],"collection":[{"href":"https:\/\/gyorgyradnai.eu\/wp-json\/wp\/v2\/posts"}],"about":[{"href":"https:\/\/gyorgyradnai.eu\/wp-json\/wp\/v2\/types\/post"}],"author":[{"embeddable":true,"href":"https:\/\/gyorgyradnai.eu\/wp-json\/wp\/v2\/users\/1"}],"replies":[{"embeddable":true,"href":"https:\/\/gyorgyradnai.eu\/wp-json\/wp\/v2\/comments?post=499"}],"version-history":[{"count":1,"href":"https:\/\/gyorgyradnai.eu\/wp-json\/wp\/v2\/posts\/499\/revisions"}],"predecessor-version":[{"id":501,"href":"https:\/\/gyorgyradnai.eu\/wp-json\/wp\/v2\/posts\/499\/revisions\/501"}],"wp:attachment":[{"href":"https:\/\/gyorgyradnai.eu\/wp-json\/wp\/v2\/media?parent=499"}],"wp:term":[{"taxonomy":"category","embeddable":true,"href":"https:\/\/gyorgyradnai.eu\/wp-json\/wp\/v2\/categories?post=499"},{"taxonomy":"post_tag","embeddable":true,"href":"https:\/\/gyorgyradnai.eu\/wp-json\/wp\/v2\/tags?post=499"}],"curies":[{"name":"wp","href":"https:\/\/api.w.org\/{rel}","templated":true}]}}