{"id":693,"date":"2014-03-24T11:13:00","date_gmt":"2014-03-24T10:13:00","guid":{"rendered":"http:\/\/gyorgyradnai.eu\/?p=693"},"modified":"2014-03-24T11:13:00","modified_gmt":"2014-03-24T10:13:00","slug":"komp-orszag-megindult-duhosen-kelet-fele-ujra","status":"publish","type":"post","link":"https:\/\/gyorgyradnai.eu\/komp-orszag-megindult-duhosen-kelet-fele-ujra\/","title":{"rendered":"\u201eKomp-orsz\u00e1g megindult d\u00fch\u00f6sen Kelet fel\u00e9 \u00fajra\u201d"},"content":{"rendered":"<p><a href=\"http:\/\/gyorgyradnai.eu\/wp-content\/uploads\/2014\/03\/Komp_orsz__g_meg_53271360ce7e5.jpg\"><img loading=\"lazy\" decoding=\"async\" class=\"alignleft size-medium wp-image-694\" alt=\"Komp_orsz__g_meg_53271360ce7e5\" src=\"http:\/\/gyorgyradnai.eu\/wp-content\/uploads\/2014\/03\/Komp_orsz__g_meg_53271360ce7e5-214x300.jpg\" width=\"214\" height=\"300\" data-wp-pid=\"694\" srcset=\"https:\/\/gyorgyradnai.eu\/wp-content\/uploads\/2014\/03\/Komp_orsz__g_meg_53271360ce7e5-214x300.jpg 214w, https:\/\/gyorgyradnai.eu\/wp-content\/uploads\/2014\/03\/Komp_orsz__g_meg_53271360ce7e5.jpg 573w\" sizes=\"auto, (max-width: 214px) 100vw, 214px\" \/><\/a>\u201e\u201d<strong>T\u00f6rv\u00e9ny, jog, igazs\u00e1g<\/strong>\u201d (R\u00e9szlet)<br \/>\n&lt;\u2026&gt; Vajon ismeri-e a korm\u00e1nyeln\u00f6k \u00far az \u201e\u00edg\u00e9rni neh\u00e9z\u201d mond\u00e1st?&#8230; Ha ismeri, bizony\u00e1ra igaznak tartja. Ezt elv\u00e1rhatjuk att\u00f3l az \u00e1llamf\u00e9rfit\u00f3l, aki a becs\u00fclet fogalm\u00e1t oly kifog\u00e1stalanul preciz\u00edrozta.<br \/>\nMegk\u00e9rdezz\u00fck ezt az\u00e9rt, mert a minisztereln\u00f6k \u00far sz\u00e9p \u00edg\u00e9retei nagyon is \u00f6sszehalmoz\u00f3dtak m\u00e1r, s teljes\u00edt\u00e9s\u00fcket nehezen v\u00e1rjuk!&#8230;<br \/>\n\u201eT\u00f6rv\u00e9ny, jog \u00e9s igazs\u00e1g.\u201d Minden \u00edg\u00e9retnek ez volt az alapja, s minden \u00edg\u00e9ret k\u00f6z\u00f6tt ez okozott legnagyobb \u00f6r\u00f6met.<br \/>\nDe tal\u00e1n ideje volna az \u00edg\u00e9ret bev\u00e1lt\u00e1s\u00e1ra gondolni!<br \/>\nHi\u00e1ba tessz\u00fck fel a legjobb, legr\u00f3zsasz\u00edn\u0171bb szem\u00fcveget, nem l\u00e1tjuk azt a v\u00e1ltoz\u00e1st, melyet a \u201et\u00f6rv\u00e9ny, jog \u00e9s igazs\u00e1g\u201d uralm\u00e1nak sz\u00fcks\u00e9gszer\u0171leg el\u0151 kellett volna id\u00e9zni.<br \/>\nSzerte az orsz\u00e1gban m\u00e9g mindenf\u00e9le ostrom\u00e1llapot van. Er\u0151szak, jogtalans\u00e1g \u00e9s igazs\u00e1gtalans\u00e1g minden t\u00e9ren. A f\u0151isp\u00e1ni sz\u00e9kekben ott \u00fclnek m\u00e9g a hitv\u00e1nys\u00e1g eszk\u00f6zei: a megyei har\u00e1mbas\u00e1k s k\u00f6r\u00fcl\u00f6tt\u00fck a koncles\u0151k eg\u00e9sz serege, a korrupci\u00f3 k\u00e9tl\u00e1b\u00fa miazm\u00e1i: a zsold\u00e9rt eseng\u0151 str\u00e9berek.<br \/>\nA v\u00e1laszt\u00f3i n\u00e9vjegyz\u00e9k reformja csak a mamelukt\u00e1bort neveli, s a lajstromk\u00e9sz\u00edt\u0151 bizotts\u00e1gok csak \u00fagy \u00e9delegnek a legszebb polg\u00e1rjog elkobz\u00e1s\u00e1ban.<br \/>\n<!--more-->Az ad\u00f3sr\u00f3f a legjobban m\u0171k\u00f6dik. Ide s tova f\u00e9lig m\u00e1r beteljesedik a szocialist\u00e1k \u00e1lma: minden az \u00e1llam\u00e9 lesz. Ellenben k\u00e9ptelen lesznek meg\u00e9lni az \u00e1llam polg\u00e1rai.<br \/>\nAzut\u00e1n ezer meg ezer \u00f6nk\u00e9ny, igazs\u00e1gtalans\u00e1g, t\u00f6rv\u00e9nyszeg\u00e9s, korrupci\u00f3, panama!&#8230;<br \/>\n\u00cdgy \u00e1llunk eddig. A \u201et\u00f6rv\u00e9ny, jog \u00e9s igazs\u00e1g\u201d m\u00e9g mindig csak \u00edg\u00e9ret, \u00e9s ha csak \u00edg\u00e9ret marad, Sz\u00e9ll K\u00e1lm\u00e1n b\u0171n\u00f6sebb minden el\u0151dj\u00e9n\u00e9l.<br \/>\nMert azok nem tettek cikorny\u00e1s besz\u00e9dben sz\u00e9d\u00edt\u0151 \u00edg\u00e9reteket. T\u00f6rv\u00e9nyt szegtek, romboltak vakmer\u0151en \u00e9s nem sz\u0171r alatt. Igazs\u00e1got nem adtak, de nem is \u00edg\u00e9rtek.<br \/>\n\u00dcnnepeltetni magunkat sz\u00e9p besz\u00e9dek\u00e9rt, hatalmas \u00edg\u00e9retek\u00e9rt, de az \u00edg\u00e9retekb\u0151l mit se v\u00e1ltani be: nem harmoniz\u00e1l a politikai \u00e9s mag\u00e1nbecs\u00fclet egyes\u00edt\u0151 te\u00f3ri\u00e1j\u00e1val. &lt;\u2026&gt;\u201d<br \/>\nAdy Endre<br \/>\nDebrecen, 1899. j\u00falius 15.<br \/>\nId\u00e9zi: Ag\u00e1rdi P\u00e9ter \u201eKomp-orsz\u00e1g megindult d\u00fch\u00f6sen Kelet fel\u00e9 \u00fajra\u201d<\/p>\n","protected":false},"excerpt":{"rendered":"<p>\u201e\u201dT\u00f6rv\u00e9ny, jog, igazs\u00e1g\u201d (R\u00e9szlet) &lt;\u2026&gt; Vajon ismeri-e a korm\u00e1nyeln\u00f6k \u00far az \u201e\u00edg\u00e9rni neh\u00e9z\u201d mond\u00e1st?&#8230; Ha ismeri, bizony\u00e1ra igaznak tartja. Ezt elv\u00e1rhatjuk att\u00f3l az \u00e1llamf\u00e9rfit\u00f3l, aki a becs\u00fclet fogalm\u00e1t oly kifog\u00e1stalanul preciz\u00edrozta. Megk\u00e9rdezz\u00fck ezt az\u00e9rt, mert a minisztereln\u00f6k \u00far sz\u00e9p \u00edg\u00e9retei nagyon is \u00f6sszehalmoz\u00f3dtak m\u00e1r, s teljes\u00edt\u00e9s\u00fcket nehezen v\u00e1rjuk!&#8230; \u201eT\u00f6rv\u00e9ny, jog \u00e9s igazs\u00e1g.\u201d Minden \u00edg\u00e9retnek ez [&hellip;]<\/p>\n","protected":false},"author":1,"featured_media":0,"comment_status":"open","ping_status":"open","sticky":false,"template":"","format":"quote","meta":{"footnotes":""},"categories":[6],"tags":[],"class_list":["post-693","post","type-post","status-publish","format-quote","hentry","category-konyv","post_format-post-format-quote"],"_links":{"self":[{"href":"https:\/\/gyorgyradnai.eu\/wp-json\/wp\/v2\/posts\/693","targetHints":{"allow":["GET"]}}],"collection":[{"href":"https:\/\/gyorgyradnai.eu\/wp-json\/wp\/v2\/posts"}],"about":[{"href":"https:\/\/gyorgyradnai.eu\/wp-json\/wp\/v2\/types\/post"}],"author":[{"embeddable":true,"href":"https:\/\/gyorgyradnai.eu\/wp-json\/wp\/v2\/users\/1"}],"replies":[{"embeddable":true,"href":"https:\/\/gyorgyradnai.eu\/wp-json\/wp\/v2\/comments?post=693"}],"version-history":[{"count":2,"href":"https:\/\/gyorgyradnai.eu\/wp-json\/wp\/v2\/posts\/693\/revisions"}],"predecessor-version":[{"id":696,"href":"https:\/\/gyorgyradnai.eu\/wp-json\/wp\/v2\/posts\/693\/revisions\/696"}],"wp:attachment":[{"href":"https:\/\/gyorgyradnai.eu\/wp-json\/wp\/v2\/media?parent=693"}],"wp:term":[{"taxonomy":"category","embeddable":true,"href":"https:\/\/gyorgyradnai.eu\/wp-json\/wp\/v2\/categories?post=693"},{"taxonomy":"post_tag","embeddable":true,"href":"https:\/\/gyorgyradnai.eu\/wp-json\/wp\/v2\/tags?post=693"}],"curies":[{"name":"wp","href":"https:\/\/api.w.org\/{rel}","templated":true}]}}