{"id":7131,"date":"2022-09-22T19:30:04","date_gmt":"2022-09-22T18:30:04","guid":{"rendered":"https:\/\/gyorgyradnai.eu\/?p=7131"},"modified":"2022-09-22T19:30:04","modified_gmt":"2022-09-22T18:30:04","slug":"lujza-es-jeno-28","status":"publish","type":"post","link":"https:\/\/gyorgyradnai.eu\/lujza-es-jeno-28\/","title":{"rendered":"LUJZA \u00c9S JEN\u0150"},"content":{"rendered":"\n<p style=\"font-weight: 400;\">(30.)<\/p>\n<p style=\"font-weight: 400;\"><strong>KONZULT\u00c1LUNK<\/strong><\/p>\n<ul>\n<li>Jen\u0151! Akkor most \u00e1tadom neked a konzult\u00e1ci\u00f3s k\u00e9rd\u0151\u00edvemet!<\/li>\n<li>Mit adsz \u00e1t, Lujza?<\/li>\n<li>Konzult\u00e1lni fogunk: tess\u00e9k a konzult\u00e1ci\u00f3s k\u00e9rd\u0151\u00edvem.<\/li>\n<li>Lujza, minden gondolatomat ismered, minek ez a hajcih\u0151?<\/li>\n<li>Nekem nem ker\u00fclt egy fill\u00e9rembe sem, j\u00f3l j\u00f6n ez m\u00e9g!<\/li>\n<li>Ne viccel\u0151dj, Lujza.<\/li>\n<li>Mi\u00e9rt, ez nem vicc, ennek alapj\u00e1n \u00e1ll\u00edtjuk majd be a f\u0171t\u00e9st: ha akarod, 22 fokra, ha nem, akkor 18 fok lesz!<\/li>\n<li>Ez nem att\u00f3l f\u00fcgg, hogy \u00e9n mit akarok, hanem a p\u00e9nzt\u00e1rc\u00e1nkt\u00f3l, Lujza!<\/li>\n<li>T\u00e9nyleg? Akkor ez\u00e9rt nem k\u00e9rdezte meg az Orb\u00e1n Viktor sem, hogy &#8230;<\/li>\n<li>Ez\u00e9rt!<\/li>\n<li>Akkor ezt nem k\u00e9rdezem t\u0151led. De Jen\u0151, akkor felemelem a rendszerhaszn\u00e1lati d\u00edjamat!<\/li>\n<li>Mit emelsz f\u00f6l?<\/li>\n<li>A rendszerhaszn\u00e1lati d\u00edjamat: f\u00f6lment a keny\u00e9r, az \u00e9tolaj, m\u00e9g a s\u00e1rgar\u00e9pa \u00e1ra is, olyan sokat kell keresg\u00e9lnem a piacon, hogy kapjak sz\u00e9pet.<\/li>\n<li>Akkor emeld f\u00f6l, de hagyd m\u00e1r abba!<\/li>\n<li>Jen\u0151, m\u00e9g nincs v\u00e9ge a konzult\u00e1ci\u00f3mnak: kell venn\u00fcnk egy kuty\u00e1t, egy dobermannt, mert meg kell v\u00e9den\u00fcnk magunkat, \u0151 lesz majd a mi hat\u00e1rvad\u00e1szunk!<\/li>\n<li>Vegy\u00e9l egyet.<\/li>\n<li>De majd etetn\u00fcnk is kell, meg s\u00e9t\u00e1ltatnunk, tan\u00edttatnunk!<\/li>\n<li>Majd tan\u00edttatjuk is, Lujza.<\/li>\n<li>Rendben van, Jen\u0151: \u00e9s eladjuk az aranyhalainkat is, mert f\u00f6lsz\u00e1moljuk az akv\u00e1riumunkat, mert \u201ea sz\u0171r\u0151k meg a vil\u00e1g\u00edt\u00e1s&#8230;\u201d!<\/li>\n<li>De Lujza! Nincsenek is aranyhalaink, m\u00e9g egy akv\u00e1riumunk sem!<\/li>\n<li>Nincs? Akkor ezt \u201ea f\u00e1j\u00f3 d\u00f6nt\u00e9st\u201d nem tudjuk meghozni.<\/li>\n<li>Akkor nem.<\/li>\n<li>J\u00f3l van, Jen\u0151, akkor megk\u00e9rdezem t\u0151led a konzult\u00e1ci\u00f3mban, hogy kinevezzem-e meleged\u0151szob\u00e1nak a kisszekr\u00e9nyt, ahol f\u00f6l tudsz majd melegedni?!<\/li>\n<li>Lujza! Ne nevezd ki, az nem arra van!<\/li>\n<li>J\u00f3l van, akkor f\u0151zzek neked egy forr\u00f3 te\u00e1t, mert nem vagyok \u00e9n a korm\u00e1ny, hogy rajtad sp\u00f3roljak?!<\/li>\n<li>F\u0151zz\u00e9l, de fejezz\u00fck be v\u00e9gre a \u201ekonzult\u00e1ci\u00f3t\u201d!<\/li>\n<li>V\u00e1rj, van egy utols\u00f3 k\u00e9rd\u00e9s is: el\u00e9g lesz a kiflics\u00fccs\u00f6k reggelire holnap?<\/li>\n<li>LUJZA!!!<\/li>\n<li>J\u00f3l van, Jen\u0151, akkor ne t\u00f6ltsed ki, \u00fagy sem \u00e9rdekes, majd d\u00f6nt\u00f6k egyed\u00fcl.<\/li>\n<li>\u00dagy szokt\u00e1l, Lujza, \u00fagy szokt\u00e1l&#8230;<\/li>\n<\/ul>\n<ol start=\"2022\">\n<li style=\"font-weight: 400;\">09. 22. cs\u00fct\u00f6rt\u00f6k k\u00e9tsz\u00e1zkilencedik nap<\/li>\n<\/ol>\n","protected":false},"excerpt":{"rendered":"<p>(30.) KONZULT\u00c1LUNK Jen\u0151! Akkor most \u00e1tadom neked a konzult\u00e1ci\u00f3s k\u00e9rd\u0151\u00edvemet! Mit adsz \u00e1t, Lujza? Konzult\u00e1lni fogunk: tess\u00e9k a konzult\u00e1ci\u00f3s k\u00e9rd\u0151\u00edvem. Lujza, minden gondolatomat ismered, minek ez a hajcih\u0151? Nekem nem ker\u00fclt egy fill\u00e9rembe sem, j\u00f3l j\u00f6n ez m\u00e9g! Ne viccel\u0151dj, Lujza. Mi\u00e9rt, ez nem vicc, ennek alapj\u00e1n \u00e1ll\u00edtjuk majd be a f\u0171t\u00e9st: ha akarod, 22 [&hellip;]<\/p>\n","protected":false},"author":1,"featured_media":7031,"comment_status":"open","ping_status":"open","sticky":false,"template":"","format":"aside","meta":{"footnotes":""},"categories":[2],"tags":[535],"class_list":["post-7131","post","type-post","status-publish","format-aside","has-post-thumbnail","hentry","category-bejegyzes","tag-lujza-es-jeno","post_format-post-format-aside"],"_links":{"self":[{"href":"https:\/\/gyorgyradnai.eu\/wp-json\/wp\/v2\/posts\/7131","targetHints":{"allow":["GET"]}}],"collection":[{"href":"https:\/\/gyorgyradnai.eu\/wp-json\/wp\/v2\/posts"}],"about":[{"href":"https:\/\/gyorgyradnai.eu\/wp-json\/wp\/v2\/types\/post"}],"author":[{"embeddable":true,"href":"https:\/\/gyorgyradnai.eu\/wp-json\/wp\/v2\/users\/1"}],"replies":[{"embeddable":true,"href":"https:\/\/gyorgyradnai.eu\/wp-json\/wp\/v2\/comments?post=7131"}],"version-history":[{"count":1,"href":"https:\/\/gyorgyradnai.eu\/wp-json\/wp\/v2\/posts\/7131\/revisions"}],"predecessor-version":[{"id":7132,"href":"https:\/\/gyorgyradnai.eu\/wp-json\/wp\/v2\/posts\/7131\/revisions\/7132"}],"wp:featuredmedia":[{"embeddable":true,"href":"https:\/\/gyorgyradnai.eu\/wp-json\/wp\/v2\/media\/7031"}],"wp:attachment":[{"href":"https:\/\/gyorgyradnai.eu\/wp-json\/wp\/v2\/media?parent=7131"}],"wp:term":[{"taxonomy":"category","embeddable":true,"href":"https:\/\/gyorgyradnai.eu\/wp-json\/wp\/v2\/categories?post=7131"},{"taxonomy":"post_tag","embeddable":true,"href":"https:\/\/gyorgyradnai.eu\/wp-json\/wp\/v2\/tags?post=7131"}],"curies":[{"name":"wp","href":"https:\/\/api.w.org\/{rel}","templated":true}]}}