{"id":7232,"date":"2022-10-25T19:14:07","date_gmt":"2022-10-25T18:14:07","guid":{"rendered":"https:\/\/gyorgyradnai.eu\/?p=7232"},"modified":"2022-10-25T19:14:08","modified_gmt":"2022-10-25T18:14:08","slug":"naploszeruen-145","status":"publish","type":"post","link":"https:\/\/gyorgyradnai.eu\/naploszeruen-145\/","title":{"rendered":"NAPL\u00d3SZER\u0170EN"},"content":{"rendered":"\n<p style=\"font-weight: 400;\">(146.)<\/p>\n<p style=\"font-weight: 400;\">Ma k\u00f6zel k\u00e9tsz\u00e1z kilom\u00e9tert ment\u00fcnk, pedig most m\u00e9g csak \u201eide\u201d, a k\u00f6zelbe kocsik\u00e1ztunk: elkezdt\u00fck-folytatjuk, amit ilyent\u00e1jt minden \u00e9vben tesz\u00fcnk, \u201emegl\u00e1togatjuk az elmenteinket\u201d, \u201eelbesz\u00e9lget\u00fcnk vel\u00fck\u201d, f\u00f6lid\u00e9zz\u00fck az egy\u00fctt t\u00f6lt\u00f6tt \u00f3r\u00e1kat-napokat (a sz\u00e9pet \u00e9s a kev\u00e9sb\u00e9 sz\u00e9peket is, a sz\u00edvet-melenget\u0151ket \u00e9s a f\u00e1jdalmasokat is) az <em>\u00e9let\u00fcnket<\/em>.<\/p>\n<p style=\"font-weight: 400;\">Hi\u00e1ba indulunk kor\u00e1bban, m\u00e9gis hosszabb lesz az \u00fat; egyre t\u00f6bb \u00e9s \u00fajabb helyre \u201ekell\u201d eljutnunk; mindig tov\u00e1bb \u00e9s tov\u00e1bb; nagyobbodik \u00e9s csak nagyobbodik a kos\u00e1r is, amiben a vir\u00e1gokat vissz\u00fck. A kocsiban halkan sz\u00f3l a zene valamelyik ad\u00f3r\u00f3l, kinn \u00e9pphogy csepereg az es\u0151, de m\u00e1r n\u00e9hol k\u00e9k\u00fcl az \u00e9g a dombok f\u00f6l\u00f6tt a messzes\u00e9gben.<\/p>\n<p style=\"font-weight: 400;\">K\u00f6r\u00f6tt\u00fcnk sz\u00ednpomp\u00e1ba \u00f6lt\u00f6ztek a f\u00e1k is: barn\u00e1k, s\u00e1rg\u00e1k, rozsd\u00e1sak m\u00e1r a leveleik, egykedv\u0171en hullanak a m\u00e9lybe.<\/p>\n<p style=\"font-weight: 400;\">Meg\u00e9rkez\u00fcnk az els\u0151 kis-faluba, sehol semmi mozg\u00e1s, csak a cs\u00f6nd dorombol minden\u00fctt.<\/p>\n<p style=\"font-weight: 400;\">Itthon vagyunk.<\/p>\n<p style=\"font-weight: 400;\">Itt tavaly m\u00e9g nyakig j\u00e1rtunk a s\u00e1rban \u2013 s\u00fagom az asszonynak, most meg minden\u00fctt l\u00e9pcs\u0151k, k\u00f6ves-\u00f6sv\u00e9nyek a s\u00edrok k\u00f6z\u00f6tt, azok rendezettek, vir\u00e1g k\u00f6r\u00f6s-k\u00f6r\u00fcl. Amott t\u00e1bla hirdeti: \u201ek\u00f6sz\u00f6nj\u00fck a korm\u00e1nynak a p\u00e1ly\u00e1zati p\u00e9nzt, amin \u2026\u201d \u2013 a nap is kis\u00fct hirtelen\u2026 \u201eNem voltam itthon, mikor Jani meghalt, a temet\u00e9sre sem tudtam kij\u00f6nni\u201d \u2013 mormolom halkan, \u201en\u00e9zd csak, a f\u00e9rfiak h\u00fasz \u00e9vvel hamarabb mennek el &#8230;\u201d s\u00fagom megint, pedig sehol senki, csak a cs\u00f6nd motoz, amott egy gazd\u00e1tlan f\u00far\u00f3 \u00e1rv\u00e1lkodik, mellette a hosszabb\u00edt\u00f3, a ker\u00edt\u00e9sen k\u00edv\u00fcl meg egy hordozhat\u00f3 transzform\u00e1tor hever. Mad\u00e1r sem rebben.<\/p>\n<p style=\"font-weight: 400;\">Vissza\u00fcl\u00fcnk a kocsiba. Tov\u00e1bb indulunk, a r\u00e1di\u00f3b\u00f3l megsz\u00f3lalnak a h\u00edrek: \u201eOrb\u00e1n Viktor t\u00e1rt karokkal v\u00e1rja \u2026\u201d, \u00e1tnyomom a m\u00e1sik zenei csatorn\u00e1ra: \u201eN\u00e9metorsz\u00e1gb\u00f3l a Magyarorsz\u00e1gra telep\u00fcl\u0151ket\u2026\u201d, mintha nem is v\u00e1ltottam volna csatorn\u00e1t, mintha nem is zenei csatorn\u00e1kat hallgatn\u00e1nk, mintha\u2026 M\u00e1r valamelyik sztr\u00e1d\u00e1n haladunk, nem nyomom, csak k\u00e9nyelmesen gurulunk, mellettem robognak-elsz\u00e1guldanak a siet\u0151sebbek, de most nem \u201ekapom f\u00f6l\u201d a vizet, csak caplatunk a megengedett sebess\u00e9ggel. Az agyam viszont m\u00e1r \u201e\u00e1tkapcsolt\u201d, m\u00e1r nem \u00e9rdekelnek a hull\u00f3-rozsd\u00e1s levelek, m\u00e1r \u201ekiz\u00f6kkent az id\u0151\u201d! Beugrik a f\u00e1c\u00e1nos-L\u00e1z\u00e1r, ahogy B\u00e9csb\u0151l, a \u201eretteg\u0151\u201d B\u00e9csb\u0151l jelenti: \u201eitt nincs biztons\u00e1gban senki, itt f\u00e9lnek az emberek\u201d, azt\u00e1n a minapi \u00fcnnepi-besz\u00e9de, hogy \u201em\u00e1r utol\u00e9rt\u00fck volna \u0151ket, ha nem hagynak minket cserben\u201d, mik\u00f6zben \u0151k, a magyar korm\u00e1ny \u00e9ppen cserbenhagyja Kijevet. De, hogyan is hallottam az el\u0151bb: \u201emi t\u00e1rt karokkal v\u00e1rjuk a n\u00e9met \u00e1ttelep\u00fclni sz\u00e1nd\u00e9koz\u00f3kat\u201d. Azt\u00e1n beugrik egy eml\u00e9k, valamikor a kilencvenes \u00e9vek v\u00e9g\u00e9n s\u00edelni voltunk, egy osztr\u00e1k faluban laktunk, est\u00e9nk\u00e9nt, a napi s\u00edel\u00e9si penzum teljes\u00edt\u00e9se ut\u00e1n ott s\u00e9t\u00e1lgattunk, f\u00f6l\u00e9rt\u00fcnk a templomhoz, a k\u00f6r\u00fcl\u00f6tte \u00e9p\u00fclt temet\u0151h\u00f6z, a s\u00edrok k\u00f6zt j\u00e1rk\u00e1lva \u00e9rezt\u00fck, ez egy m\u00e1s vil\u00e1g, itt m\u00e9g a s\u00edrok is rendezettek\u2026 Azt\u00e1n a \u201eNE LOPJ MAGYAR! REND\u0150RT H\u00cdVOK R\u00c1D!\u201d sz\u00e9gyene, meg n\u00e9h\u00e1ny \u00e9ve azok a furcsa mosolyok Sv\u00e1jcban, N\u00e9metorsz\u00e1gban, Norv\u00e9gi\u00e1ban, amikor kider\u00fcl, hogy honn\u00e9t is j\u00f6tt\u00fcnk\u2026 De \u201emi t\u00e1rt karokkal\u2026\u201d Haladunk tov\u00e1bb, alig van forgalom, vezet\u00e9s k\u00f6zben beugrik egy reggeli h\u00edr a nemzetisportb\u00f3l: \u201eAz NB I meg\u0151rizte \u00e9rt\u00e9k\u00e9t \u2013 a r\u00e9gi\u00f3ban itt a legmagasabb a l\u00e9gi\u00f3sok ar\u00e1nya\u201d \u2013 \u201edeh\u00e1t mib\u0151l, milyen p\u00e9nzb\u0151l, a taob\u00f3l, a tv-\u00e9s jogd\u00edjb\u00f3l, csak a k\u00f6zp\u00e9nzb\u0151l, hol van itt a piac?\u201d, az asszony r\u00e1m n\u00e9z: \u201evalami baj van, \u00e1lljunk meg?\u201d, csak legyintek, kortyolok a palackb\u00f3l, amit a kezem mellett l\u00e9v\u0151 tart\u00f3b\u00f3l veszek ki, \u201enem j\u00f3 ez \u00edgy, nem mehet ez \u00edgy tov\u00e1bb\u201d \u2013 hallom a saj\u00e1t rekedtes hangomat, \u201emilyen orsz\u00e1gban \u00e9lek, milyen emberek vagyunk? Tegnap is, megl\u00e1togatott a n\u00e9psz\u00e1ml\u00e1l\u00f3, a kimutat\u00e1sa szerint innen nem kapott a KSH digit\u00e1lis adatot, akkor most megcsin\u00e1lja, mutattam neki az internetr\u0151l let\u00f6lt\u00f6tt igazol\u00e1st, amit kaptam, nem \u00e9rti, azt\u00e1n p\u00f6ty\u00f6g tov\u00e1bb az Ipadj\u00e1n, majd eln\u00e9z\u0151en motyog: lefagyott&#8230;\u201d<\/p>\n<p style=\"font-weight: 400;\">\u201eLefagyott.\u201d Itt minden lefagy. A kocsi szerencs\u00e9re nem, egyenletesen haladunk, az utunkon; mi t\u00e9nyleg el\u0151re, nem h\u00e1tra&#8230;<\/p>\n<p style=\"font-weight: 400;\">K\u00f6r\u00f6tt\u00fcnk sz\u00ednpomp\u00e1ba \u00f6lt\u00f6ztek a f\u00e1k is: barn\u00e1k, s\u00e1rg\u00e1k, rozsd\u00e1sak m\u00e1r a leveleik, egykedv\u0171en hullanak a m\u00e9lybe.<\/p>\n<p style=\"font-weight: 400;\">Hogyan is \u00edrta Pilinszky:<\/p>\n<p style=\"font-weight: 400;\">\u201eKih\u0171lt vil\u00e1g ez, senki f\u00f6ldje!<br \/>S mint tetej\u00e9be hajitott<br \/>\u00f3cskavasak, holtan merednek<br \/>rem\u00e9nyeink, a csillagok.\u201d<\/p>\n<ol start=\"2022\">\n<li style=\"font-weight: 400;\">10. 25. kedd k\u00e9tsz\u00e1z-negyvenkettedik nap<\/li>\n<\/ol>\n","protected":false},"excerpt":{"rendered":"<p>(146.) Ma k\u00f6zel k\u00e9tsz\u00e1z kilom\u00e9tert ment\u00fcnk, pedig most m\u00e9g csak \u201eide\u201d, a k\u00f6zelbe kocsik\u00e1ztunk: elkezdt\u00fck-folytatjuk, amit ilyent\u00e1jt minden \u00e9vben tesz\u00fcnk, \u201emegl\u00e1togatjuk az elmenteinket\u201d, \u201eelbesz\u00e9lget\u00fcnk vel\u00fck\u201d, f\u00f6lid\u00e9zz\u00fck az egy\u00fctt t\u00f6lt\u00f6tt \u00f3r\u00e1kat-napokat (a sz\u00e9pet \u00e9s a kev\u00e9sb\u00e9 sz\u00e9peket is, a sz\u00edvet-melenget\u0151ket \u00e9s a f\u00e1jdalmasokat is) az \u00e9let\u00fcnket. Hi\u00e1ba indulunk kor\u00e1bban, m\u00e9gis hosszabb lesz az \u00fat; egyre t\u00f6bb [&hellip;]<\/p>\n","protected":false},"author":1,"featured_media":7233,"comment_status":"open","ping_status":"open","sticky":false,"template":"","format":"aside","meta":{"footnotes":""},"categories":[2],"tags":[725],"class_list":["post-7232","post","type-post","status-publish","format-aside","has-post-thumbnail","hentry","category-bejegyzes","tag-naploszeruen","post_format-post-format-aside"],"_links":{"self":[{"href":"https:\/\/gyorgyradnai.eu\/wp-json\/wp\/v2\/posts\/7232","targetHints":{"allow":["GET"]}}],"collection":[{"href":"https:\/\/gyorgyradnai.eu\/wp-json\/wp\/v2\/posts"}],"about":[{"href":"https:\/\/gyorgyradnai.eu\/wp-json\/wp\/v2\/types\/post"}],"author":[{"embeddable":true,"href":"https:\/\/gyorgyradnai.eu\/wp-json\/wp\/v2\/users\/1"}],"replies":[{"embeddable":true,"href":"https:\/\/gyorgyradnai.eu\/wp-json\/wp\/v2\/comments?post=7232"}],"version-history":[{"count":1,"href":"https:\/\/gyorgyradnai.eu\/wp-json\/wp\/v2\/posts\/7232\/revisions"}],"predecessor-version":[{"id":7234,"href":"https:\/\/gyorgyradnai.eu\/wp-json\/wp\/v2\/posts\/7232\/revisions\/7234"}],"wp:featuredmedia":[{"embeddable":true,"href":"https:\/\/gyorgyradnai.eu\/wp-json\/wp\/v2\/media\/7233"}],"wp:attachment":[{"href":"https:\/\/gyorgyradnai.eu\/wp-json\/wp\/v2\/media?parent=7232"}],"wp:term":[{"taxonomy":"category","embeddable":true,"href":"https:\/\/gyorgyradnai.eu\/wp-json\/wp\/v2\/categories?post=7232"},{"taxonomy":"post_tag","embeddable":true,"href":"https:\/\/gyorgyradnai.eu\/wp-json\/wp\/v2\/tags?post=7232"}],"curies":[{"name":"wp","href":"https:\/\/api.w.org\/{rel}","templated":true}]}}